{"id":98,"date":"2018-07-15T19:54:00","date_gmt":"2018-07-15T19:54:00","guid":{"rendered":"http:\/\/uwg-hausen.de\/?p=98"},"modified":"2019-03-03T13:54:20","modified_gmt":"2019-03-03T13:54:20","slug":"isek-rundgang-in-hausen","status":"publish","type":"post","link":"https:\/\/uwg-hausen.de\/?p=98","title":{"rendered":"\u201eISEK\u201c-Rundgang in Hausen"},"content":{"rendered":"<p>Im Rahmen eines integrierten st\u00e4dtebaulichen Entwicklungskonzepts (ISEK) haben Kommunen die M\u00f6glichkeit, bei Vorlage eines durchdachten Konzeptes, staatliche F\u00f6rdergelder f\u00fcr gemeindliche Projekte zu erhalten. Das Ziel des ISEK-Prozesses ist eine nachhaltige Verbesserung der Wohn-, Lebens- und Arbeitsverh\u00e4ltnisse unter Aufrechterhaltung der \u00f6rtlichen Identit\u00e4t.<\/p>\n<p>Ausgangspunkt der Initiative war eine repr\u00e4sentative B\u00fcrgerbefragung in den teilnehmenden Gemeinden. Die Befragung ergab unter anderem, dass die B\u00fcrger der Gemeinde Hausen mit der Grundversorgung zwar zufrieden seien, dass es jedoch an Gastronomie, Angeboten f\u00fcr Kinder und Jugendliche und Betreuungsm\u00f6glichkeiten f\u00fcr Senioren fehle.<\/p>\n<p><!--more--><\/p>\n<p>Am 30.06.2018 fand eine Ortsbegehung im Rahmen des ISEK in Hausen, sowie in Wimmelbach statt. Neben den ISEK-Planern, nahmen auch B\u00fcrger der Gemeinde Hausen \/ Wimmelbach, Gemeinder\u00e4te und der B\u00fcrgermeister teil. Am Rathaus beginnend startete die Begehung der f\u00fcr ISEK relevanten Geb\u00e4ude bzw. Standorte in Hausen, um vor Ort die Besonderheiten der angestrebten Ma\u00dfnahmen zu besprechen. Die Teilnehmer konnten W\u00fcnsche und Anregungen \u00e4u\u00dfern, wie zum Beispiel die Bebauung, die Infrastruktur oder das Dorfleben gestaltet werden k\u00f6nnen.<\/p>\n<p>Thematisiert und besichtigt wurden unter anderem die Baul\u00fccken entlang der Bahnlinie, das Verkehrsaufkommen im Ortskern (Heroldsbacher Stra\u00dfe \/ Forchheimer Stra\u00dfe), das Toxicgel\u00e4nde mit angrenzendem Kratzergel\u00e4nde, der Greifenhof, der Kirchenhof, das alte Feuerwehrhaus und die Krone.<\/p>\n<p>Angestrebte Ma\u00dfnahmen k\u00f6nnen mit Hilfe von ISEK mit bis zu 90% bezuschusst werden. Der Antrag daf\u00fcr musste bis 16.07.2018 bei den entsprechenden Stellen eingereicht werden. Im Anschluss daran werden Arbeitsgruppen nach Themenschwerpunkten gebildet. Die Konzeptphase wird ca. ein bis eineinhalb Jahre dauern, die Realisierung zehn bis zw\u00f6lf Jahre.<\/p>\n<p>Verantwortlich im Sinne des Pressegesetzes: N. Walz<\/p>\n","protected":false},"excerpt":{"rendered":"<p>Im Rahmen eines integrierten st\u00e4dtebaulichen Entwicklungskonzepts (ISEK) haben Kommunen die M\u00f6glichkeit, bei Vorlage eines durchdachten Konzeptes, staatliche F\u00f6rdergelder f\u00fcr gemeindliche Projekte zu erhalten. Das Ziel des ISEK-Prozesses ist eine nachhaltige <a class=\"more-link\" href=\"https:\/\/uwg-hausen.de\/?p=98\">Weiterlesen <i class=\"fa fa-chevron-right\"><\/i><\/a><\/p>\n","protected":false},"author":2,"featured_media":0,"comment_status":"closed","ping_status":"open","sticky":false,"template":"","format":"standard","meta":{"_eb_attr":"","footnotes":""},"categories":[10,20,9],"tags":[42,43],"class_list":["post-98","post","type-post","status-publish","format-standard","hentry","category-entwicklung","category-isek","category-ortskern","tag-isek","tag-rundgang"],"_links":{"self":[{"href":"https:\/\/uwg-hausen.de\/index.php?rest_route=\/wp\/v2\/posts\/98","targetHints":{"allow":["GET"]}}],"collection":[{"href":"https:\/\/uwg-hausen.de\/index.php?rest_route=\/wp\/v2\/posts"}],"about":[{"href":"https:\/\/uwg-hausen.de\/index.php?rest_route=\/wp\/v2\/types\/post"}],"author":[{"embeddable":true,"href":"https:\/\/uwg-hausen.de\/index.php?rest_route=\/wp\/v2\/users\/2"}],"replies":[{"embeddable":true,"href":"https:\/\/uwg-hausen.de\/index.php?rest_route=%2Fwp%2Fv2%2Fcomments&post=98"}],"version-history":[{"count":2,"href":"https:\/\/uwg-hausen.de\/index.php?rest_route=\/wp\/v2\/posts\/98\/revisions"}],"predecessor-version":[{"id":301,"href":"https:\/\/uwg-hausen.de\/index.php?rest_route=\/wp\/v2\/posts\/98\/revisions\/301"}],"wp:attachment":[{"href":"https:\/\/uwg-hausen.de\/index.php?rest_route=%2Fwp%2Fv2%2Fmedia&parent=98"}],"wp:term":[{"taxonomy":"category","embeddable":true,"href":"https:\/\/uwg-hausen.de\/index.php?rest_route=%2Fwp%2Fv2%2Fcategories&post=98"},{"taxonomy":"post_tag","embeddable":true,"href":"https:\/\/uwg-hausen.de\/index.php?rest_route=%2Fwp%2Fv2%2Ftags&post=98"}],"curies":[{"name":"wp","href":"https:\/\/api.w.org\/{rel}","templated":true}]}}