{"id":949,"date":"2020-01-17T11:40:00","date_gmt":"2020-01-17T11:40:00","guid":{"rendered":"http:\/\/uwg-hausen.de\/?p=949"},"modified":"2020-01-18T13:05:27","modified_gmt":"2020-01-18T13:05:27","slug":"isek-veranstaltung-in-hausen","status":"publish","type":"post","link":"https:\/\/uwg-hausen.de\/?p=949","title":{"rendered":"ISEK Veranstaltung in Hausen"},"content":{"rendered":"\n<p> Am Ende der Veranstaltung waren es doch fast 60 Personen, die zur ISEK Veranstaltung der UWG-Hausen kamen, um dem Vortrag des Referenten und B\u00fcrgermeisterkandidaten Thomas Schmitt zum Thema integriertes Stadtentwicklungskonzept (ISEK) zu folgen.  <\/p>\n\n\n\n<figure class=\"wp-block-image size-large\"><img fetchpriority=\"high\" decoding=\"async\" width=\"1024\" height=\"559\" src=\"https:\/\/uwg-hausen.de\/wp-content\/uploads\/2020\/01\/Titelbild_Beitrag_ISEK_2020-1024x559.jpg\" alt=\"\" class=\"wp-image-965\" srcset=\"https:\/\/uwg-hausen.de\/wp-content\/uploads\/2020\/01\/Titelbild_Beitrag_ISEK_2020-1024x559.jpg 1024w, https:\/\/uwg-hausen.de\/wp-content\/uploads\/2020\/01\/Titelbild_Beitrag_ISEK_2020-300x164.jpg 300w, https:\/\/uwg-hausen.de\/wp-content\/uploads\/2020\/01\/Titelbild_Beitrag_ISEK_2020-768x419.jpg 768w, https:\/\/uwg-hausen.de\/wp-content\/uploads\/2020\/01\/Titelbild_Beitrag_ISEK_2020-100x55.jpg 100w, https:\/\/uwg-hausen.de\/wp-content\/uploads\/2020\/01\/Titelbild_Beitrag_ISEK_2020.jpg 1100w\" sizes=\"(max-width: 1024px) 100vw, 1024px\" \/><\/figure>\n\n\n\n<p style=\"font-size:15px\"> Schmitt begr\u00fc\u00dfte zu Beginn des Vortrags den anwesenden 2. B\u00fcrgermeister Bernd Ruppert, Gemeinder\u00e4te unterschiedlicher Fraktionen und die zahlreichen B\u00fcrger. Das integrierte St\u00e4dteentwicklungskonzept kurz ISEK genannt ist im \u00dcbrigen ein Gemeinschaftsprojekt der Gemeinden Hausen und Heroldsbach &#8212; und soll helfen Orts- und Dorfkerne wiederzubeleben und m\u00f6gliche brachliegende Fl\u00e4chen und Leerstands-Geb\u00e4ude einer neuen oder ge\u00e4nderten Verwendung zuzuf\u00fchren. Dabei k\u00f6nnen die beiden Gemeinden f\u00fcr ihr Ortsgebiet unabh\u00e4ngig handeln. Weiter erl\u00e4uterte Schmitt, dass ISEK als Plattform von Handlungsfeldern, die aus der Konzepterstellung abzuleiten sind und f\u00fcr die Bewilligung von F\u00f6rdermitteln wichtige Voraussetzungen sind. Thomas Schmitt erl\u00e4uterte den Status von ISEK in Hausen.  <\/p>\n\n\n\n<div class=\"wp-block-image\"><figure class=\"aligncenter size-large is-resized\"><img decoding=\"async\" src=\"https:\/\/uwg-hausen.de\/wp-content\/uploads\/2020\/01\/ISEK_Thomas_2020-1024x576.jpg\" alt=\"\" class=\"wp-image-952\" width=\"341\" height=\"191\" srcset=\"https:\/\/uwg-hausen.de\/wp-content\/uploads\/2020\/01\/ISEK_Thomas_2020-1024x576.jpg 1024w, https:\/\/uwg-hausen.de\/wp-content\/uploads\/2020\/01\/ISEK_Thomas_2020-300x169.jpg 300w, https:\/\/uwg-hausen.de\/wp-content\/uploads\/2020\/01\/ISEK_Thomas_2020-768x432.jpg 768w, https:\/\/uwg-hausen.de\/wp-content\/uploads\/2020\/01\/ISEK_Thomas_2020-100x55.jpg 100w, https:\/\/uwg-hausen.de\/wp-content\/uploads\/2020\/01\/ISEK_Thomas_2020-730x410.jpg 730w, https:\/\/uwg-hausen.de\/wp-content\/uploads\/2020\/01\/ISEK_Thomas_2020.jpg 1066w\" sizes=\"(max-width: 341px) 100vw, 341px\" \/><figcaption>Thomas Schmitt in der Pr\u00e4sentation<\/figcaption><\/figure><\/div>\n\n\n\n<p style=\"font-size:15px\"> Derzeit sind zwei Ing.b\u00fcros damit beauftragt die planerischen Grundlagen zu erarbeiten, um der Gemeinde Handlungsfelder vorzuschlagen. Ca. 800 private Haushalten wurden nach dem Zufallsprinzip Frageb\u00f6gen zugesandt, um deren Meinung abzufragen. Im Mai 2018 gab es eine Auftaktveranstaltung bei den ersten Ergebnissen vorgestellt wurden. Es wurde eine Lenkungsgruppe bestehend aus Repr\u00e4sentanten der Vereine, Politik und Vertretern anderen gesellschaftlichen Gruppen gegr\u00fcndet, die als Bindeglied zwischen der Gemeinde und den Planungsb\u00fcros aktiv sind und die unterschiedlichen Interessen b\u00fcndeln. Des Weiteren berichtete er, dass ein Verkehrsplaner hinzugezogen wurde. Dorfbegehungen unter Einbindung der B\u00fcrger fanden im Sommer 2018 in den Ortsteilen Hausen und Wimmelbach statt. <\/p>\n\n\n\n<figure class=\"wp-block-gallery columns-2 is-cropped wp-block-gallery-1 is-layout-flex wp-block-gallery-is-layout-flex\"><ul class=\"blocks-gallery-grid\"><li class=\"blocks-gallery-item\"><figure><img decoding=\"async\" width=\"800\" height=\"450\" src=\"https:\/\/uwg-hausen.de\/wp-content\/uploads\/2020\/01\/ISEK_GemeindeHausen_web.jpg\" alt=\"\" data-id=\"957\" class=\"wp-image-957\" srcset=\"https:\/\/uwg-hausen.de\/wp-content\/uploads\/2020\/01\/ISEK_GemeindeHausen_web.jpg 800w, https:\/\/uwg-hausen.de\/wp-content\/uploads\/2020\/01\/ISEK_GemeindeHausen_web-300x169.jpg 300w, https:\/\/uwg-hausen.de\/wp-content\/uploads\/2020\/01\/ISEK_GemeindeHausen_web-768x432.jpg 768w, https:\/\/uwg-hausen.de\/wp-content\/uploads\/2020\/01\/ISEK_GemeindeHausen_web-100x55.jpg 100w, https:\/\/uwg-hausen.de\/wp-content\/uploads\/2020\/01\/ISEK_GemeindeHausen_web-730x410.jpg 730w\" sizes=\"(max-width: 800px) 100vw, 800px\" \/><\/figure><\/li><li class=\"blocks-gallery-item\"><figure><img loading=\"lazy\" decoding=\"async\" width=\"800\" height=\"450\" src=\"https:\/\/uwg-hausen.de\/wp-content\/uploads\/2020\/01\/ISEK_GemeindeHausen_Wimmelbach_web.jpg\" alt=\"\" data-id=\"958\" data-full-url=\"https:\/\/uwg-hausen.de\/wp-content\/uploads\/2020\/01\/ISEK_GemeindeHausen_Wimmelbach_web.jpg\" data-link=\"https:\/\/uwg-hausen.de\/?attachment_id=958\" class=\"wp-image-958\" srcset=\"https:\/\/uwg-hausen.de\/wp-content\/uploads\/2020\/01\/ISEK_GemeindeHausen_Wimmelbach_web.jpg 800w, https:\/\/uwg-hausen.de\/wp-content\/uploads\/2020\/01\/ISEK_GemeindeHausen_Wimmelbach_web-300x169.jpg 300w, https:\/\/uwg-hausen.de\/wp-content\/uploads\/2020\/01\/ISEK_GemeindeHausen_Wimmelbach_web-768x432.jpg 768w, https:\/\/uwg-hausen.de\/wp-content\/uploads\/2020\/01\/ISEK_GemeindeHausen_Wimmelbach_web-100x55.jpg 100w, https:\/\/uwg-hausen.de\/wp-content\/uploads\/2020\/01\/ISEK_GemeindeHausen_Wimmelbach_web-730x410.jpg 730w\" sizes=\"(max-width: 800px) 100vw, 800px\" \/><\/figure><\/li><\/ul><\/figure>\n\n\n\n<p style=\"font-size:15px\"> Eine Erkenntnis ist die unterschiedliche Entwicklung beider Ortsteile. W\u00e4hrend sich Hausen als ein kompakt gewachsenes Dorf um den Ortskern in der Hauptstra\u00dfe darstellt, stellt sich die Entwicklung vom Ortsteil Wimmelbach eher als an ein an der Hauptverkehrsachse B 470 gewachsenes Dorf dar. Die B\u00fcrgerbefragung ergab ein hohes Zufriedenheitspotential. Hausen wird als attraktiver Wohnstandort im Regnitztal gesch\u00e4tzt. Die notwendige Infrastruktur wie Nahversorgung mit Gesch\u00e4ften, \u00c4rzten, \u00f6ffentlicher Infrastruktur wie Grundschule, Kinderg\u00e4rten sowie dem aktiven Vereinsleben decken notwendige Voraussetzungen zu einer hohen Lebensqualit\u00e4t ab. Hausen hat zudem seit Jahrzehnten eine stabile Bev\u00f6lkerungsstruktur, die sich um die Einwohnerzahl von 3.700 Einwohnern mit ansteigender Altersstruktur bewegt. Die Verkehrssituation wird als problematisch empfunden.  <\/p>\n\n\n\n<figure class=\"wp-block-image size-large\"><img loading=\"lazy\" decoding=\"async\" width=\"1024\" height=\"576\" src=\"https:\/\/uwg-hausen.de\/wp-content\/uploads\/2020\/01\/ISEK_ErhebungLeitilder-1024x576.jpg\" alt=\"\" class=\"wp-image-953\" srcset=\"https:\/\/uwg-hausen.de\/wp-content\/uploads\/2020\/01\/ISEK_ErhebungLeitilder-1024x576.jpg 1024w, https:\/\/uwg-hausen.de\/wp-content\/uploads\/2020\/01\/ISEK_ErhebungLeitilder-300x169.jpg 300w, https:\/\/uwg-hausen.de\/wp-content\/uploads\/2020\/01\/ISEK_ErhebungLeitilder-768x432.jpg 768w, https:\/\/uwg-hausen.de\/wp-content\/uploads\/2020\/01\/ISEK_ErhebungLeitilder-1536x864.jpg 1536w, https:\/\/uwg-hausen.de\/wp-content\/uploads\/2020\/01\/ISEK_ErhebungLeitilder-100x55.jpg 100w, https:\/\/uwg-hausen.de\/wp-content\/uploads\/2020\/01\/ISEK_ErhebungLeitilder-730x410.jpg 730w, https:\/\/uwg-hausen.de\/wp-content\/uploads\/2020\/01\/ISEK_ErhebungLeitilder.jpg 1920w\" sizes=\"(max-width: 1024px) 100vw, 1024px\" \/><\/figure>\n\n\n\n<p style=\"font-size:15px\"> Schmitt ging dann auf einzelne Handlungsfelder ein und zeigte m\u00f6gliche Entwicklungsszenarien zum Verkehrswegekonzept, Baulandschaffung, Ausbau KiTa, betreutes Wohnen sowie den erheblichen Sanierungsbedarf \u00f6ffentlicher Geb\u00e4ude wie Sport- und Gemeindezentrum, Schule. <\/p>\n\n\n\n<div class=\"wp-block-image\"><figure class=\"aligncenter size-full is-resized\"><img loading=\"lazy\" decoding=\"async\" src=\"https:\/\/uwg-hausen.de\/wp-content\/uploads\/2020\/01\/ISEK_StWolfgang_web.jpg\" alt=\"\" class=\"wp-image-961\" width=\"400\" height=\"267\" srcset=\"https:\/\/uwg-hausen.de\/wp-content\/uploads\/2020\/01\/ISEK_StWolfgang_web.jpg 800w, https:\/\/uwg-hausen.de\/wp-content\/uploads\/2020\/01\/ISEK_StWolfgang_web-300x200.jpg 300w, https:\/\/uwg-hausen.de\/wp-content\/uploads\/2020\/01\/ISEK_StWolfgang_web-768x512.jpg 768w\" sizes=\"(max-width: 400px) 100vw, 400px\" \/><figcaption>Kindergarten St.Wolfgang<\/figcaption><\/figure><\/div>\n\n\n\n<blockquote class=\"wp-block-quote has-text-align-center is-style-default is-layout-flow wp-block-quote-is-layout-flow\"><p>&#8220;<strong><em>Unseren Kindern sind mit den d\u00fcrftig ausgestatteten Spielpl\u00e4tzen die Spielm\u00f6glichkeiten genommen, weswegen Familien bereits in die Nachbargemeinden ausweichen deren Spielpl\u00e4tze mit F\u00f6rdermitteln ausgebaut wurden. Diese Konzepte k\u00f6nne man auch in Hausen umsetzen\u201c<\/em><\/strong><\/p><cite>Thomas Schmitt<\/cite><\/blockquote>\n\n\n\n<div class=\"wp-block-image\"><figure class=\"aligncenter size-large is-resized\"><img loading=\"lazy\" decoding=\"async\" src=\"https:\/\/uwg-hausen.de\/wp-content\/uploads\/2020\/01\/ISEK_Kinderspielplaetze.jpg\" alt=\"\" class=\"wp-image-955\" width=\"400\" height=\"225\" srcset=\"https:\/\/uwg-hausen.de\/wp-content\/uploads\/2020\/01\/ISEK_Kinderspielplaetze.jpg 800w, https:\/\/uwg-hausen.de\/wp-content\/uploads\/2020\/01\/ISEK_Kinderspielplaetze-300x169.jpg 300w, https:\/\/uwg-hausen.de\/wp-content\/uploads\/2020\/01\/ISEK_Kinderspielplaetze-768x432.jpg 768w, https:\/\/uwg-hausen.de\/wp-content\/uploads\/2020\/01\/ISEK_Kinderspielplaetze-100x55.jpg 100w, https:\/\/uwg-hausen.de\/wp-content\/uploads\/2020\/01\/ISEK_Kinderspielplaetze-730x410.jpg 730w\" sizes=\"(max-width: 400px) 100vw, 400px\" \/><figcaption>Spieplatz in der S\u00fcdstrasse<\/figcaption><\/figure><\/div>\n\n\n\n<p style=\"font-size:15px\"> Auf das im Rahmen von ISEK f\u00fcr Hausen festgelegte \u201eLeuchtturmprojekt\u201c KRONE ging er besonders ein und erl\u00e4uterte seine Vorstellung von der Nutzung des Anwesens als Begegnungsst\u00e4tte f\u00fcr kulturelle Veranstaltungen sowie als Versammlungsort f\u00fcr die zahlreichen Vereine.  <\/p>\n\n\n\n<figure class=\"wp-block-image size-large\"><img loading=\"lazy\" decoding=\"async\" width=\"1024\" height=\"680\" src=\"https:\/\/uwg-hausen.de\/wp-content\/uploads\/2020\/01\/Krone-Anwesen_12-1024x680.jpg\" alt=\"Der Saal im Anwesen Krone.\" class=\"wp-image-950\" srcset=\"https:\/\/uwg-hausen.de\/wp-content\/uploads\/2020\/01\/Krone-Anwesen_12-1024x680.jpg 1024w, https:\/\/uwg-hausen.de\/wp-content\/uploads\/2020\/01\/Krone-Anwesen_12-300x199.jpg 300w, https:\/\/uwg-hausen.de\/wp-content\/uploads\/2020\/01\/Krone-Anwesen_12-768x510.jpg 768w, https:\/\/uwg-hausen.de\/wp-content\/uploads\/2020\/01\/Krone-Anwesen_12-1536x1020.jpg 1536w, https:\/\/uwg-hausen.de\/wp-content\/uploads\/2020\/01\/Krone-Anwesen_12-2048x1360.jpg 2048w\" sizes=\"(max-width: 1024px) 100vw, 1024px\" \/><figcaption>Saal, im Anwesen der Krone<\/figcaption><\/figure>\n\n\n\n<p style=\"font-size:15px\"> Schmitt schl\u00e4gt vor, f\u00fcr alle \u00f6ffentlichen Neubauten wie Schule mit Mehrzweckhalle, Senioren-Standort und Rathaus die Voraussetzung f\u00fcr klimafreundliche, energie- und ressourcenschonende M\u00f6glichkeiten zu schaffen und im Rahmen von ISEK F\u00f6rdergelder zu beantragen. Die seit Jahren mangelnde Umsetzung durch die Gemeindeverwaltung hob er hervor und betonte, dass die UWG hierzu mehrfach konstruktive Gesch\u00e4ftsantr\u00e4ge gestellt habe.  <\/p>\n\n\n\n<div class=\"wp-block-image\"><figure class=\"aligncenter size-full\"><img loading=\"lazy\" decoding=\"async\" width=\"1920\" height=\"1080\" src=\"https:\/\/uwg-hausen.de\/wp-content\/uploads\/2020\/01\/ISEK_Alterswachstum.jpg\" alt=\"\" class=\"wp-image-959\" srcset=\"https:\/\/uwg-hausen.de\/wp-content\/uploads\/2020\/01\/ISEK_Alterswachstum.jpg 1920w, https:\/\/uwg-hausen.de\/wp-content\/uploads\/2020\/01\/ISEK_Alterswachstum-300x169.jpg 300w, https:\/\/uwg-hausen.de\/wp-content\/uploads\/2020\/01\/ISEK_Alterswachstum-1024x576.jpg 1024w, https:\/\/uwg-hausen.de\/wp-content\/uploads\/2020\/01\/ISEK_Alterswachstum-768x432.jpg 768w, https:\/\/uwg-hausen.de\/wp-content\/uploads\/2020\/01\/ISEK_Alterswachstum-1536x864.jpg 1536w, https:\/\/uwg-hausen.de\/wp-content\/uploads\/2020\/01\/ISEK_Alterswachstum-100x55.jpg 100w, https:\/\/uwg-hausen.de\/wp-content\/uploads\/2020\/01\/ISEK_Alterswachstum-730x410.jpg 730w\" sizes=\"(max-width: 1920px) 100vw, 1920px\" \/><\/figure><\/div>\n\n\n\n<p style=\"font-size:15px\">Er fasste dann die noch offenen Handlungspunkte von ISEK zusammen und verwies auf den fehlenden Abschluss der Planungsarbeiten sowie der noch offenen Pr\u00e4sentation in der \u00d6ffentlichkeit. Die Nachfrage, ob denn ISEK auch planerische Aktivit\u00e4ten zum Hochwasserschutz beinhaltet, wurde verneint. Thomas Schmitt, erkl\u00e4rte dass dieses Thema gesondert beauftragt wurde und in enger Zusammenarbeit mit der Gemeinde Heroldsbach zu entwickeln sei. Ergebnisse hierzu stehen aus. <\/p>\n\n\n\n<p style=\"font-size:15px\">Nach Beantwortung weiterer Fragen zur Nordumgehung, Fahrradwegausbau endete der diskussionsreiche Vortrag mit viel Applaus f\u00fcr den Referenten.<\/p>\n","protected":false},"excerpt":{"rendered":"<p>Am Ende der Veranstaltung waren es doch fast 60 Personen, die zur ISEK Veranstaltung der UWG-Hausen kamen, um dem Vortrag des Referenten und B\u00fcrgermeisterkandidaten Thomas Schmitt zum Thema integriertes Stadtentwicklungskonzept <a class=\"more-link\" href=\"https:\/\/uwg-hausen.de\/?p=949\">Weiterlesen <i class=\"fa fa-chevron-right\"><\/i><\/a><\/p>\n","protected":false},"author":2,"featured_media":0,"comment_status":"closed","ping_status":"open","sticky":false,"template":"","format":"standard","meta":{"_eb_attr":"","footnotes":""},"categories":[7,123,10,8,20,46],"tags":[],"class_list":["post-949","post","type-post","status-publish","format-standard","hentry","category-buerger","category-buergermeisterkandidat","category-entwicklung","category-familie","category-isek","category-uwg"],"_links":{"self":[{"href":"https:\/\/uwg-hausen.de\/index.php?rest_route=\/wp\/v2\/posts\/949","targetHints":{"allow":["GET"]}}],"collection":[{"href":"https:\/\/uwg-hausen.de\/index.php?rest_route=\/wp\/v2\/posts"}],"about":[{"href":"https:\/\/uwg-hausen.de\/index.php?rest_route=\/wp\/v2\/types\/post"}],"author":[{"embeddable":true,"href":"https:\/\/uwg-hausen.de\/index.php?rest_route=\/wp\/v2\/users\/2"}],"replies":[{"embeddable":true,"href":"https:\/\/uwg-hausen.de\/index.php?rest_route=%2Fwp%2Fv2%2Fcomments&post=949"}],"version-history":[{"count":13,"href":"https:\/\/uwg-hausen.de\/index.php?rest_route=\/wp\/v2\/posts\/949\/revisions"}],"predecessor-version":[{"id":975,"href":"https:\/\/uwg-hausen.de\/index.php?rest_route=\/wp\/v2\/posts\/949\/revisions\/975"}],"wp:attachment":[{"href":"https:\/\/uwg-hausen.de\/index.php?rest_route=%2Fwp%2Fv2%2Fmedia&parent=949"}],"wp:term":[{"taxonomy":"category","embeddable":true,"href":"https:\/\/uwg-hausen.de\/index.php?rest_route=%2Fwp%2Fv2%2Fcategories&post=949"},{"taxonomy":"post_tag","embeddable":true,"href":"https:\/\/uwg-hausen.de\/index.php?rest_route=%2Fwp%2Fv2%2Ftags&post=949"}],"curies":[{"name":"wp","href":"https:\/\/api.w.org\/{rel}","templated":true}]}}