{"id":720,"date":"2020-01-01T15:11:13","date_gmt":"2020-01-01T15:11:13","guid":{"rendered":"http:\/\/uwg-hausen.de\/?p=720"},"modified":"2020-01-01T15:12:52","modified_gmt":"2020-01-01T15:12:52","slug":"unterstuetzung-des-wahlvorschlag-der-juw-hausen-und-wimmelbach","status":"publish","type":"post","link":"https:\/\/uwg-hausen.de\/?p=720","title":{"rendered":"Unterst\u00fctzung des Wahlvorschlag der JUW Hausen und Wimmelbach"},"content":{"rendered":"\n<p>Liebe Mitglieder &amp; Unterst\u00fctzer,<br>die JUW haben Ihre Aufstellungsliste als neuen Wahlvorschlag f\u00fcr die Kommunalwahlen 2020 bei der Gemeinde Hausen eingereicht.<\/p>\n\n\n\n<figure class=\"wp-block-image size-large\"><img fetchpriority=\"high\" decoding=\"async\" width=\"1024\" height=\"359\" src=\"http:\/\/uwg-hausen.de\/wp-content\/uploads\/2020\/01\/JUW_Team_Aufnahme2019-1024x359.jpg\" alt=\"\" class=\"wp-image-721\" srcset=\"https:\/\/uwg-hausen.de\/wp-content\/uploads\/2020\/01\/JUW_Team_Aufnahme2019-1024x359.jpg 1024w, https:\/\/uwg-hausen.de\/wp-content\/uploads\/2020\/01\/JUW_Team_Aufnahme2019-300x105.jpg 300w, https:\/\/uwg-hausen.de\/wp-content\/uploads\/2020\/01\/JUW_Team_Aufnahme2019-768x269.jpg 768w, https:\/\/uwg-hausen.de\/wp-content\/uploads\/2020\/01\/JUW_Team_Aufnahme2019.jpg 1200w\" sizes=\"(max-width: 1024px) 100vw, 1024px\" \/><figcaption>Das Team der Jungen Unabh\u00e4ngigen W\u00e4hler Hausen und Wimmelbach<\/figcaption><\/figure>\n\n\n\n<p> <br>Damit dieser Wahlvorschlag &nbsp;nun auch offiziell zugelassen wird, ben\u00f6tigen wir Eure Unterst\u00fctzung! <br>Es sind mind. 80 Unterschriften von B\u00fcrger\/B\u00fcrgerinnen n\u00f6tig damit der neue Wahlvorschlag als gut befunden wird und <a href=\"https:\/\/www.gesetze-bayern.de\/Content\/Document\/BayGLKrWG-27\">G\u00fcltigkeit<\/a> erh\u00e4lt.&nbsp;<\/p>\n\n\n\n<blockquote class=\"wp-block-quote has-text-align-center is-layout-flow wp-block-quote-is-layout-flow\"><p>Daher m\u00f6chten die Jungen Unabh\u00e4ngigen W\u00e4hler Euch bitten durch eine Unterschrift ihren Wahlvorschlag zu unterst\u00fctzen, damit wir in Zukunft zusammen unsere sch\u00f6ne Gemeinde gestalten k\u00f6nnen.<\/p><\/blockquote>\n\n\n\n<p>Unterschriften k\u00f6nnen ab sofort bis 31.01.2020, im Rathaus der Gemeinde Hausen durch B\u00fcrger\/B\u00fcrgerinnen der Gemeinde Hausen, geleistet werden. \u00d6ffnungszeiten der Gemeinde f\u00fcr die Unterschriften sind:<br>Mo-Fr durchgehend von 8:00 bis 16:00 Uhr.<br>Bitte ein g\u00fcltiges Ausweisdokument mitbringen.<\/p>\n\n\n\n<p class=\"has-background has-text-align-center has-very-light-gray-background-color\">Die Jungen Unabh\u00e4ngigen W\u00e4hler sagen bereits jetzt herzlichen Dank <br>und w\u00fcnschen einen guten Rutsch ins neue Jahr.<\/p>\n","protected":false},"excerpt":{"rendered":"<p>Die JUW haben Ihren Wahlvorschlag eingereicht und hoffen auf Eure Unterst\u00fctzung.<\/p>\n","protected":false},"author":8,"featured_media":0,"comment_status":"closed","ping_status":"open","sticky":false,"template":"","format":"standard","meta":{"_eb_attr":"","footnotes":""},"categories":[6,7,10,8,88,1],"tags":[],"class_list":["post-720","post","type-post","status-publish","format-standard","hentry","category-alltag","category-buerger","category-entwicklung","category-familie","category-juw-hausen-wimmelbach","category-uncategorized"],"_links":{"self":[{"href":"https:\/\/uwg-hausen.de\/index.php?rest_route=\/wp\/v2\/posts\/720","targetHints":{"allow":["GET"]}}],"collection":[{"href":"https:\/\/uwg-hausen.de\/index.php?rest_route=\/wp\/v2\/posts"}],"about":[{"href":"https:\/\/uwg-hausen.de\/index.php?rest_route=\/wp\/v2\/types\/post"}],"author":[{"embeddable":true,"href":"https:\/\/uwg-hausen.de\/index.php?rest_route=\/wp\/v2\/users\/8"}],"replies":[{"embeddable":true,"href":"https:\/\/uwg-hausen.de\/index.php?rest_route=%2Fwp%2Fv2%2Fcomments&post=720"}],"version-history":[{"count":13,"href":"https:\/\/uwg-hausen.de\/index.php?rest_route=\/wp\/v2\/posts\/720\/revisions"}],"predecessor-version":[{"id":735,"href":"https:\/\/uwg-hausen.de\/index.php?rest_route=\/wp\/v2\/posts\/720\/revisions\/735"}],"wp:attachment":[{"href":"https:\/\/uwg-hausen.de\/index.php?rest_route=%2Fwp%2Fv2%2Fmedia&parent=720"}],"wp:term":[{"taxonomy":"category","embeddable":true,"href":"https:\/\/uwg-hausen.de\/index.php?rest_route=%2Fwp%2Fv2%2Fcategories&post=720"},{"taxonomy":"post_tag","embeddable":true,"href":"https:\/\/uwg-hausen.de\/index.php?rest_route=%2Fwp%2Fv2%2Ftags&post=720"}],"curies":[{"name":"wp","href":"https:\/\/api.w.org\/{rel}","templated":true}]}}