{"id":574,"date":"2019-12-02T22:24:59","date_gmt":"2019-12-02T22:24:59","guid":{"rendered":"http:\/\/uwg-hausen.de\/?p=574"},"modified":"2019-12-02T22:35:55","modified_gmt":"2019-12-02T22:35:55","slug":"jahreshauptversammlung","status":"publish","type":"post","link":"https:\/\/uwg-hausen.de\/?p=574","title":{"rendered":"Jahreshauptversammlung 2019"},"content":{"rendered":"\n<p>&nbsp;Zur <a href=\"https:\/\/uwg-hausen.de\/?tribe_events=uwg-mitgliederversammlung-2019\">Jahreshauptversammlung<\/a> der UWG Hausen am 24.11.2019, konnte der Vorsitzende Georg Brandmeier neben zahlreichen Mitgliedern, Gemeinder\u00e4te sowie den Ehrenvorsitzenden Ewald Saam begr\u00fc\u00dfen. <\/p>\n\n\n\n<div class=\"wp-block-image\"><figure class=\"aligncenter size-large is-resized\"><img fetchpriority=\"high\" decoding=\"async\" src=\"https:\/\/uwg-hausen.de\/wp-content\/uploads\/2019\/12\/UWG_Jubiliarstraus_2019_klein.jpg\" alt=\"\" class=\"wp-image-575\" width=\"600\" height=\"401\" srcset=\"https:\/\/uwg-hausen.de\/wp-content\/uploads\/2019\/12\/UWG_Jubiliarstraus_2019_klein.jpg 800w, https:\/\/uwg-hausen.de\/wp-content\/uploads\/2019\/12\/UWG_Jubiliarstraus_2019_klein-300x200.jpg 300w, https:\/\/uwg-hausen.de\/wp-content\/uploads\/2019\/12\/UWG_Jubiliarstraus_2019_klein-768x513.jpg 768w\" sizes=\"(max-width: 600px) 100vw, 600px\" \/><\/figure><\/div>\n\n\n\n<p>Anschlie\u00dfend fasste Brandmeier in seinem Bericht noch einmal die wichtigsten Themen des Jahres 2019 zusammen.  Dazu geh\u00f6rten unter anderem Veranstaltungen zum Thema:  Nahw\u00e4rmeversorgung und <br>Radweg (S-Bahn Halt Kersbach). <br><\/p>\n\n\n\n<p>Durch 9 neu hinzugekommene Mitglieder, vorwiegend junge Leute, verringerte sich der Altersdurchschnitt auf 49 Jahre, wobei der Frauenanteil bei 29 Prozent liegt. Besonders erfreulich, dass sich f\u00fcr die Kommunalwahl 2020 eine Junge Liste aufgestellt werden konnte. Die Jungen Unabh\u00e4ngigen W\u00e4hler Hausen und Wimmelbach.<\/p>\n\n\n\n<figure class=\"wp-block-image size-large\"><img decoding=\"async\" width=\"1024\" height=\"308\" src=\"https:\/\/uwg-hausen.de\/wp-content\/uploads\/2019\/12\/JUW_Logo_weiss_blauerHG_JungeListe-1024x308.jpg\" alt=\"\" class=\"wp-image-591\" srcset=\"https:\/\/uwg-hausen.de\/wp-content\/uploads\/2019\/12\/JUW_Logo_weiss_blauerHG_JungeListe-1024x308.jpg 1024w, https:\/\/uwg-hausen.de\/wp-content\/uploads\/2019\/12\/JUW_Logo_weiss_blauerHG_JungeListe-300x90.jpg 300w, https:\/\/uwg-hausen.de\/wp-content\/uploads\/2019\/12\/JUW_Logo_weiss_blauerHG_JungeListe-768x231.jpg 768w, https:\/\/uwg-hausen.de\/wp-content\/uploads\/2019\/12\/JUW_Logo_weiss_blauerHG_JungeListe-1536x462.jpg 1536w, https:\/\/uwg-hausen.de\/wp-content\/uploads\/2019\/12\/JUW_Logo_weiss_blauerHG_JungeListe.jpg 2000w\" sizes=\"(max-width: 1024px) 100vw, 1024px\" \/><\/figure>\n\n\n\n<p>Die aktiven Gemeinder\u00e4te haben im Berichtszeitraum etliche Gesch\u00e4ftsantr\u00e4ge in den Gemeinderat eingebracht und positiv behandelt wurden. Die Gemeinderatsfraktion der UWG verbucht als Erfolg f\u00fcr sich, dass man den B\u00fcrgerentscheid zum Baugebiet \u201eW\u00f6hrgarten\u201c unterst\u00fctzt hat. <\/p>\n\n\n\n<p>Die Umlegung der Kosten f\u00fcr die Friedhofstra\u00dfe h\u00e4lt Gemeinderat Martin Heilmann f\u00fcr nicht gerechtfertigt und weist weiter darauf hin, dass die Erweiterung der KITA St. Wolfgang Hausen ins Stocken geraten ist. <br>Der Neubau der KITA Wimmelbach erh\u00e4lt volle Unterst\u00fctzung seitens der UWG jedoch darf dies nicht zu Verz\u00f6gerungen bei der Kinder-Krippenplanung in Hausen f\u00fchren.<\/p>\n\n\n\n<p> Zum Leuchtturmprojekt Krone im Rahmen von ISEK wurden etliche Gesch\u00e4ftsantr\u00e4ge gestellt erg\u00e4nzt Ratsmitglied Roland Garcon. Beklagt wird die Arbeit im Rechnungspr\u00fcfungsausschuss so Garcon, die sich sehr schwierig gestaltet, da Unterlagen nicht zur Verf\u00fcgung gestellt werden. Der Haushalt f\u00fcr das Jahr 2019 steht immer noch nicht meinte Garcon. Der finale ISEK Bericht wie das Verkehrskonzept wurden noch nicht vorgestellt, obwohl sie nach der Sommerpause fertig sein sollten berichtet Herbert Kemeth. <br>Gemeinder\u00e4tin Barbara Schmitt sieht das Miteinander innerhalb der UWG sowie die gute Struktur sehr positiv, beklagt aber auch das Verhalten mancher R\u00e4te in den Sitzungen. Erfreulich sind so Schmitt, die zahlreich angebotenen Fortbildungsseminare f\u00fcr Gemeinder\u00e4te, die \u00fcber den BKB organisiert werden. Die gro\u00dfe Resonanz auf die Angebote zeigen, dass noch viel Nachholbedarf besteht.<br>Weiterhin werden Informationsabende auch im&nbsp; Januar\/Februar f\u00fcr alle B\u00fcrger angeboten. Die genauen Termine werden rechtzeitig bekannt gegeben. <\/p>\n\n\n\n<p><\/p>\n\n\n\n<p>F\u00fcr 10-j\u00e4hrige Mitgliedschaft erhielt Roland Garcon die Bronzene Ehrennadel und Martin Heilmann f\u00fcr 15-j\u00e4hrige Mitgliedschaft die Silberne. Die Gr\u00fcndungsmitglieder Renate Altmann, Gabriele Fritz und Dieter Sommer wurden zu Ehrenmitgliedern ernannt. <\/p>\n\n\n\n<figure class=\"wp-block-image size-large\"><img decoding=\"async\" width=\"1024\" height=\"683\" src=\"https:\/\/uwg-hausen.de\/wp-content\/uploads\/2019\/12\/UWG-Hausen_JHV_2019_Gruppenbild_kleiner-1024x683.jpg\" alt=\"\" class=\"wp-image-576\" srcset=\"https:\/\/uwg-hausen.de\/wp-content\/uploads\/2019\/12\/UWG-Hausen_JHV_2019_Gruppenbild_kleiner-1024x683.jpg 1024w, https:\/\/uwg-hausen.de\/wp-content\/uploads\/2019\/12\/UWG-Hausen_JHV_2019_Gruppenbild_kleiner-300x200.jpg 300w, https:\/\/uwg-hausen.de\/wp-content\/uploads\/2019\/12\/UWG-Hausen_JHV_2019_Gruppenbild_kleiner-768x512.jpg 768w, https:\/\/uwg-hausen.de\/wp-content\/uploads\/2019\/12\/UWG-Hausen_JHV_2019_Gruppenbild_kleiner-1536x1025.jpg 1536w, https:\/\/uwg-hausen.de\/wp-content\/uploads\/2019\/12\/UWG-Hausen_JHV_2019_Gruppenbild_kleiner.jpg 2000w\" sizes=\"(max-width: 1024px) 100vw, 1024px\" \/><figcaption>Die Jubilare mit Georg Brandmeier und Thomas Schmitt.<\/figcaption><\/figure>\n\n\n\n<p>Abschlie\u00dfend stellte B\u00fcrgermeisterkandidat Thomas Schmitt sein Wahlprogramm den Mitgliedern vor und betonte die Einzigartigkeit des Gemeindegebietes Hausen und Wimmelbach. &#8220;Ich m\u00f6chte mich mit meiner ganzen Fachkompetenz f\u00fcr die B\u00fcrger einbringen&#8221;, so Schmitt.<\/p>\n\n\n\n<div class=\"wp-block-image\"><figure class=\"aligncenter size-large is-resized\"><img loading=\"lazy\" decoding=\"async\" src=\"https:\/\/uwg-hausen.de\/wp-content\/uploads\/2019\/12\/UWG-Hausen_JHV_2019_ThSchmitt_klein-683x1024.jpg\" alt=\"Thomas Schmitt, UWG-Hausen, B\u00fcrgermeisterkandidat2020\" class=\"wp-image-577\" width=\"371\" height=\"555\" srcset=\"https:\/\/uwg-hausen.de\/wp-content\/uploads\/2019\/12\/UWG-Hausen_JHV_2019_ThSchmitt_klein-683x1024.jpg 683w, https:\/\/uwg-hausen.de\/wp-content\/uploads\/2019\/12\/UWG-Hausen_JHV_2019_ThSchmitt_klein-200x300.jpg 200w, https:\/\/uwg-hausen.de\/wp-content\/uploads\/2019\/12\/UWG-Hausen_JHV_2019_ThSchmitt_klein-768x1151.jpg 768w, https:\/\/uwg-hausen.de\/wp-content\/uploads\/2019\/12\/UWG-Hausen_JHV_2019_ThSchmitt_klein-1025x1536.jpg 1025w, https:\/\/uwg-hausen.de\/wp-content\/uploads\/2019\/12\/UWG-Hausen_JHV_2019_ThSchmitt_klein.jpg 1334w\" sizes=\"(max-width: 371px) 100vw, 371px\" \/><figcaption>Thomas Schmitt mit seinem Wahlprogramm<\/figcaption><\/figure><\/div>\n","protected":false},"excerpt":{"rendered":"<p>Zusammenfassung der  Jahreshauptversammlung 2019 der UWG Hausen.<\/p>\n","protected":false},"author":2,"featured_media":0,"comment_status":"closed","ping_status":"open","sticky":false,"template":"","format":"standard","meta":{"_eb_attr":"","footnotes":""},"categories":[10,20,88,46],"tags":[],"class_list":["post-574","post","type-post","status-publish","format-standard","hentry","category-entwicklung","category-isek","category-juw-hausen-wimmelbach","category-uwg"],"_links":{"self":[{"href":"https:\/\/uwg-hausen.de\/index.php?rest_route=\/wp\/v2\/posts\/574","targetHints":{"allow":["GET"]}}],"collection":[{"href":"https:\/\/uwg-hausen.de\/index.php?rest_route=\/wp\/v2\/posts"}],"about":[{"href":"https:\/\/uwg-hausen.de\/index.php?rest_route=\/wp\/v2\/types\/post"}],"author":[{"embeddable":true,"href":"https:\/\/uwg-hausen.de\/index.php?rest_route=\/wp\/v2\/users\/2"}],"replies":[{"embeddable":true,"href":"https:\/\/uwg-hausen.de\/index.php?rest_route=%2Fwp%2Fv2%2Fcomments&post=574"}],"version-history":[{"count":20,"href":"https:\/\/uwg-hausen.de\/index.php?rest_route=\/wp\/v2\/posts\/574\/revisions"}],"predecessor-version":[{"id":611,"href":"https:\/\/uwg-hausen.de\/index.php?rest_route=\/wp\/v2\/posts\/574\/revisions\/611"}],"wp:attachment":[{"href":"https:\/\/uwg-hausen.de\/index.php?rest_route=%2Fwp%2Fv2%2Fmedia&parent=574"}],"wp:term":[{"taxonomy":"category","embeddable":true,"href":"https:\/\/uwg-hausen.de\/index.php?rest_route=%2Fwp%2Fv2%2Fcategories&post=574"},{"taxonomy":"post_tag","embeddable":true,"href":"https:\/\/uwg-hausen.de\/index.php?rest_route=%2Fwp%2Fv2%2Ftags&post=574"}],"curies":[{"name":"wp","href":"https:\/\/api.w.org\/{rel}","templated":true}]}}