{"id":513,"date":"2019-10-30T22:14:26","date_gmt":"2019-10-30T22:14:26","guid":{"rendered":"http:\/\/uwg-hausen.de\/?p=513"},"modified":"2019-12-02T22:34:24","modified_gmt":"2019-12-02T22:34:24","slug":"wahlvorschlag-zur-kommunalwahl-2020","status":"publish","type":"post","link":"https:\/\/uwg-hausen.de\/?p=513","title":{"rendered":"Mit zwei Listen zur Kommunalwahl 2020"},"content":{"rendered":"\n<p class=\"has-text-align-left\">Der gro\u00dfe Saal vom Pilatushof war gut gef\u00fcllt als die Jungen Unabh\u00e4ngigen W\u00e4hler (JUW) <br>Hausen &amp; Wimmelbach, am letzten Sonntag, dem 27.10.2019, Ihre \u00f6ffentliche Aufstellungsversammlung veranstalteten. Neben G\u00e4sten wie Herrn Richard G\u00fcgel (Altb\u00fcrgermeister und Kreisrat aus Heroldsbach) und dem B\u00fcrgermeisterkandidaten aus Heroldsbach Peter M\u00fcnch, standen vor allem die jungen Mitglieder der UWG-Hausen im Vordergrund.<\/p>\n\n\n\n<div class=\"wp-block-image\"><figure class=\"aligncenter\"><img fetchpriority=\"high\" decoding=\"async\" width=\"1200\" height=\"800\" src=\"https:\/\/uwg-hausen.de\/wp-content\/uploads\/2019\/10\/JUW_Listenveranstaltung_2019_Max.jpg\" alt=\"Maximilian Schmitt bei der Begr\u00fc\u00dfung der Anwesenden\" class=\"wp-image-518\" srcset=\"https:\/\/uwg-hausen.de\/wp-content\/uploads\/2019\/10\/JUW_Listenveranstaltung_2019_Max.jpg 1200w, https:\/\/uwg-hausen.de\/wp-content\/uploads\/2019\/10\/JUW_Listenveranstaltung_2019_Max-300x200.jpg 300w, https:\/\/uwg-hausen.de\/wp-content\/uploads\/2019\/10\/JUW_Listenveranstaltung_2019_Max-768x512.jpg 768w, https:\/\/uwg-hausen.de\/wp-content\/uploads\/2019\/10\/JUW_Listenveranstaltung_2019_Max-1024x683.jpg 1024w\" sizes=\"(max-width: 1200px) 100vw, 1200px\" \/><figcaption>Maximilian Schmitt bei der Begr\u00fc\u00dfung der Anwesenden<\/figcaption><\/figure><\/div>\n\n\n\n<p class=\"has-text-align-left\">Nach einleitenden Worten durch Georg Brandmeier (1.Vorstand, UWG) und Thomas Schmitt (B\u00fcrgermeisterkandidat, UWG) stellte Maximilan Schmitt (Listenplatz Nr. 01 der JUW) den Anwesenden im Saal und den Zuschauern vom parallel gef\u00fchrten Livestream@Facebook, die weitreichenden Ziele der JUW in einer modernen Pr\u00e4sentation vor. <\/p>\n\n\n\n<figure class=\"wp-block-gallery columns-2 is-cropped wp-block-gallery-1 is-layout-flex wp-block-gallery-is-layout-flex\"><ul class=\"blocks-gallery-grid\"><li class=\"blocks-gallery-item\"><figure><a href=\"http:\/\/uwg-hausen.de\/wp-content\/uploads\/2019\/10\/JUW_Listenveranstaltung_2019_Georg-1024x683.jpg\"><img decoding=\"async\" width=\"1024\" height=\"683\" src=\"http:\/\/uwg-hausen.de\/wp-content\/uploads\/2019\/10\/JUW_Listenveranstaltung_2019_Georg-1024x683.jpg\" alt=\"\" data-id=\"517\" data-link=\"http:\/\/uwg-hausen.de\/?attachment_id=517\" class=\"wp-image-517\" srcset=\"https:\/\/uwg-hausen.de\/wp-content\/uploads\/2019\/10\/JUW_Listenveranstaltung_2019_Georg-1024x683.jpg 1024w, https:\/\/uwg-hausen.de\/wp-content\/uploads\/2019\/10\/JUW_Listenveranstaltung_2019_Georg-300x200.jpg 300w, https:\/\/uwg-hausen.de\/wp-content\/uploads\/2019\/10\/JUW_Listenveranstaltung_2019_Georg-768x512.jpg 768w, https:\/\/uwg-hausen.de\/wp-content\/uploads\/2019\/10\/JUW_Listenveranstaltung_2019_Georg.jpg 1200w\" sizes=\"(max-width: 1024px) 100vw, 1024px\" \/><\/a><figcaption class=\"blocks-gallery-item__caption\"><strong>Georg Brandmeier<\/strong> bei der Einf\u00fchrung<\/figcaption><\/figure><\/li><li class=\"blocks-gallery-item\"><figure><a href=\"http:\/\/uwg-hausen.de\/wp-content\/uploads\/2019\/10\/JUW_Listenveranstaltung_2019_Thomas-1024x683.jpg\"><img decoding=\"async\" width=\"1024\" height=\"683\" src=\"http:\/\/uwg-hausen.de\/wp-content\/uploads\/2019\/10\/JUW_Listenveranstaltung_2019_Thomas-1024x683.jpg\" alt=\"\" data-id=\"516\" data-link=\"http:\/\/uwg-hausen.de\/?attachment_id=516\" class=\"wp-image-516\" srcset=\"https:\/\/uwg-hausen.de\/wp-content\/uploads\/2019\/10\/JUW_Listenveranstaltung_2019_Thomas-1024x683.jpg 1024w, https:\/\/uwg-hausen.de\/wp-content\/uploads\/2019\/10\/JUW_Listenveranstaltung_2019_Thomas-300x200.jpg 300w, https:\/\/uwg-hausen.de\/wp-content\/uploads\/2019\/10\/JUW_Listenveranstaltung_2019_Thomas-768x512.jpg 768w, https:\/\/uwg-hausen.de\/wp-content\/uploads\/2019\/10\/JUW_Listenveranstaltung_2019_Thomas.jpg 1200w\" sizes=\"(max-width: 1024px) 100vw, 1024px\" \/><\/a><figcaption class=\"blocks-gallery-item__caption\">B\u00fcrgermeisterkandidat <strong>Thomas Schmitt<\/strong><\/figcaption><\/figure><\/li><li class=\"blocks-gallery-item\"><figure><a href=\"http:\/\/uwg-hausen.de\/wp-content\/uploads\/2019\/10\/JUW_Listenveranstaltung_2019_Max2-1024x683.jpg\"><img loading=\"lazy\" decoding=\"async\" width=\"1024\" height=\"683\" src=\"http:\/\/uwg-hausen.de\/wp-content\/uploads\/2019\/10\/JUW_Listenveranstaltung_2019_Max2-1024x683.jpg\" alt=\"\" data-id=\"523\" data-link=\"http:\/\/uwg-hausen.de\/?attachment_id=523\" class=\"wp-image-523\" srcset=\"https:\/\/uwg-hausen.de\/wp-content\/uploads\/2019\/10\/JUW_Listenveranstaltung_2019_Max2-1024x683.jpg 1024w, https:\/\/uwg-hausen.de\/wp-content\/uploads\/2019\/10\/JUW_Listenveranstaltung_2019_Max2-300x200.jpg 300w, https:\/\/uwg-hausen.de\/wp-content\/uploads\/2019\/10\/JUW_Listenveranstaltung_2019_Max2-768x512.jpg 768w, https:\/\/uwg-hausen.de\/wp-content\/uploads\/2019\/10\/JUW_Listenveranstaltung_2019_Max2.jpg 1200w\" sizes=\"(max-width: 1024px) 100vw, 1024px\" \/><\/a><figcaption class=\"blocks-gallery-item__caption\"><strong>Maximilian Schmitt<\/strong> bei der Pr\u00e4sentation<\/figcaption><\/figure><\/li><\/ul><\/figure>\n\n\n\n<p class=\"has-text-align-left\">Nach der Vorstellung der jeweiligen Listenkandidaten, folgte die freie und unabh\u00e4ngige Wahl der &#8220;jungen Liste&#8221; unter der Moderation von  Elisabeth Simmerlein (Freie W\u00e4hler Pinzberg) und unter den Augen unserer G\u00e4ste.<\/p>\n\n\n\n<figure class=\"wp-block-gallery columns-2 is-cropped aligncenter wp-block-gallery-2 is-layout-flex wp-block-gallery-is-layout-flex\"><ul class=\"blocks-gallery-grid\"><li class=\"blocks-gallery-item\"><figure><a href=\"http:\/\/uwg-hausen.de\/wp-content\/uploads\/2019\/10\/JUW_Listenveranstaltung_2019_Simmerlein-1024x683.jpg\"><img loading=\"lazy\" decoding=\"async\" width=\"1024\" height=\"683\" src=\"http:\/\/uwg-hausen.de\/wp-content\/uploads\/2019\/10\/JUW_Listenveranstaltung_2019_Simmerlein-1024x683.jpg\" alt=\"\" data-id=\"526\" data-link=\"http:\/\/uwg-hausen.de\/?attachment_id=526\" class=\"wp-image-526\" srcset=\"https:\/\/uwg-hausen.de\/wp-content\/uploads\/2019\/10\/JUW_Listenveranstaltung_2019_Simmerlein-1024x683.jpg 1024w, https:\/\/uwg-hausen.de\/wp-content\/uploads\/2019\/10\/JUW_Listenveranstaltung_2019_Simmerlein-300x200.jpg 300w, https:\/\/uwg-hausen.de\/wp-content\/uploads\/2019\/10\/JUW_Listenveranstaltung_2019_Simmerlein-768x512.jpg 768w, https:\/\/uwg-hausen.de\/wp-content\/uploads\/2019\/10\/JUW_Listenveranstaltung_2019_Simmerlein.jpg 1200w\" sizes=\"(max-width: 1024px) 100vw, 1024px\" \/><\/a><\/figure><\/li><li class=\"blocks-gallery-item\"><figure><a href=\"http:\/\/uwg-hausen.de\/wp-content\/uploads\/2019\/10\/JUW_Listenveranstaltung_2019_GeorgWahlbox-1024x683.jpg\"><img loading=\"lazy\" decoding=\"async\" width=\"1024\" height=\"683\" src=\"http:\/\/uwg-hausen.de\/wp-content\/uploads\/2019\/10\/JUW_Listenveranstaltung_2019_GeorgWahlbox-1024x683.jpg\" alt=\"\" data-id=\"531\" data-link=\"http:\/\/uwg-hausen.de\/?attachment_id=531\" class=\"wp-image-531\" srcset=\"https:\/\/uwg-hausen.de\/wp-content\/uploads\/2019\/10\/JUW_Listenveranstaltung_2019_GeorgWahlbox-1024x683.jpg 1024w, https:\/\/uwg-hausen.de\/wp-content\/uploads\/2019\/10\/JUW_Listenveranstaltung_2019_GeorgWahlbox-300x200.jpg 300w, https:\/\/uwg-hausen.de\/wp-content\/uploads\/2019\/10\/JUW_Listenveranstaltung_2019_GeorgWahlbox-768x512.jpg 768w, https:\/\/uwg-hausen.de\/wp-content\/uploads\/2019\/10\/JUW_Listenveranstaltung_2019_GeorgWahlbox.jpg 1200w\" sizes=\"(max-width: 1024px) 100vw, 1024px\" \/><\/a><\/figure><\/li><\/ul><\/figure>\n\n\n\n<p class=\"has-text-align-left\">Im folgenden d\u00fcrfen wir Ihnen hier die best\u00e4tigten Listenkandidaten der unabh\u00e4ngigen Wahlvorschl\u00e4ge der JUW Hausen &amp; Wimmelbach sowie die der UWG-Hausen vorstellen.<\/p>\n\n\n\n<div class=\"wp-block-image\"><figure class=\"aligncenter is-resized\"><img loading=\"lazy\" decoding=\"async\" src=\"http:\/\/uwg-hausen.de\/wp-content\/uploads\/2019\/10\/Listenuebersicht_Okt2019-1024x1024.jpg\" alt=\"unabh\u00e4ngige Listenpl\u00e4tze der UWG &amp; JUW zur Kommunalwahl 2020 f\u00fcr die Gemeinde Hausen \" class=\"wp-image-520\" width=\"1024\" height=\"1024\" srcset=\"https:\/\/uwg-hausen.de\/wp-content\/uploads\/2019\/10\/Listenuebersicht_Okt2019-1024x1024.jpg 1024w, https:\/\/uwg-hausen.de\/wp-content\/uploads\/2019\/10\/Listenuebersicht_Okt2019-150x150.jpg 150w, https:\/\/uwg-hausen.de\/wp-content\/uploads\/2019\/10\/Listenuebersicht_Okt2019-300x300.jpg 300w, https:\/\/uwg-hausen.de\/wp-content\/uploads\/2019\/10\/Listenuebersicht_Okt2019-768x768.jpg 768w, https:\/\/uwg-hausen.de\/wp-content\/uploads\/2019\/10\/Listenuebersicht_Okt2019-640x640.jpg 640w, https:\/\/uwg-hausen.de\/wp-content\/uploads\/2019\/10\/Listenuebersicht_Okt2019-60x60.jpg 60w, https:\/\/uwg-hausen.de\/wp-content\/uploads\/2019\/10\/Listenuebersicht_Okt2019.jpg 1280w\" sizes=\"(max-width: 1024px) 100vw, 1024px\" \/><figcaption>unabh\u00e4ngige Wahlvorschl\u00e4ge der <strong>UWG-Hausen<\/strong> und der <strong>JUW Hausen &amp; Wimmelbach<\/strong> <br>zur Kommunalwahl 2020 f\u00fcr die Gemeinde Hausen <\/figcaption><\/figure><\/div>\n\n\n\n<p><\/p>\n","protected":false},"excerpt":{"rendered":"<p>Die JUW Hausen &#038; Wimmelbach und der UWG-Hausen mit Ihren Listen zur Kommunalwahl 2020 f\u00fcr die Gemeinde Hausen.<\/p>\n","protected":false},"author":2,"featured_media":556,"comment_status":"open","ping_status":"open","sticky":false,"template":"","format":"standard","meta":{"_eb_attr":"","footnotes":""},"categories":[10,88,11,46],"tags":[80,70,81],"class_list":["post-513","post","type-post","status-publish","format-standard","has-post-thumbnail","hentry","category-entwicklung","category-juw-hausen-wimmelbach","category-kommentar","category-uwg","tag-juw","tag-kommunalwahl-2020","tag-listenaufstellung"],"_links":{"self":[{"href":"https:\/\/uwg-hausen.de\/index.php?rest_route=\/wp\/v2\/posts\/513","targetHints":{"allow":["GET"]}}],"collection":[{"href":"https:\/\/uwg-hausen.de\/index.php?rest_route=\/wp\/v2\/posts"}],"about":[{"href":"https:\/\/uwg-hausen.de\/index.php?rest_route=\/wp\/v2\/types\/post"}],"author":[{"embeddable":true,"href":"https:\/\/uwg-hausen.de\/index.php?rest_route=\/wp\/v2\/users\/2"}],"replies":[{"embeddable":true,"href":"https:\/\/uwg-hausen.de\/index.php?rest_route=%2Fwp%2Fv2%2Fcomments&post=513"}],"version-history":[{"count":34,"href":"https:\/\/uwg-hausen.de\/index.php?rest_route=\/wp\/v2\/posts\/513\/revisions"}],"predecessor-version":[{"id":609,"href":"https:\/\/uwg-hausen.de\/index.php?rest_route=\/wp\/v2\/posts\/513\/revisions\/609"}],"wp:featuredmedia":[{"embeddable":true,"href":"https:\/\/uwg-hausen.de\/index.php?rest_route=\/wp\/v2\/media\/556"}],"wp:attachment":[{"href":"https:\/\/uwg-hausen.de\/index.php?rest_route=%2Fwp%2Fv2%2Fmedia&parent=513"}],"wp:term":[{"taxonomy":"category","embeddable":true,"href":"https:\/\/uwg-hausen.de\/index.php?rest_route=%2Fwp%2Fv2%2Fcategories&post=513"},{"taxonomy":"post_tag","embeddable":true,"href":"https:\/\/uwg-hausen.de\/index.php?rest_route=%2Fwp%2Fv2%2Ftags&post=513"}],"curies":[{"name":"wp","href":"https:\/\/api.w.org\/{rel}","templated":true}]}}