{"id":49,"date":"2018-06-21T20:40:58","date_gmt":"2018-06-21T20:40:58","guid":{"rendered":"http:\/\/uwg-hausen.de\/?p=49"},"modified":"2018-08-29T08:12:37","modified_gmt":"2018-08-29T08:12:37","slug":"testbeitrag-fuer-die-kategorie-ortskern","status":"publish","type":"post","link":"https:\/\/uwg-hausen.de\/?p=49","title":{"rendered":"Zukunftsf\u00e4higer Breitbandausbau Gemeinde Hausen? [Kommentar]"},"content":{"rendered":"<p>Dieser Bericht soll einen \u00dcberblick geben wo wir seitens der Gemeinde Hausen mit ihren Ortsteilen aktuell stehen und wohin die Reise in den kommenden Jahren geht bez\u00fcglich des Breitbandausbaus.<\/p>\n<p>Ich glaube es ist mittlerweile manchen bekannt, dass das bisher in Hausen seitens der Gemeinde verabschiedete\/vorgesehene Breitbandnetz <em>in<\/em> <em>gro\u00dfen Teilen offensichtlich nicht zukunftsf\u00e4hig <\/em>ist, auch wenn wir B\u00fcrger derzeit nicht wissen, wie weit der Fertigstellungsgrad bzw. ob bereits eine offizielle Abnahme erfolgt ist. Zudem wissen wir auch nicht auf welcher Grundlage (F\u00f6rdersteckbrief Hausen laut Breitbandatlas in Bayern; alternative Festlegungen im Vertrag seitens der Gemeindeverwaltung) der Ausbau geplant und implementiert wurde.<\/p>\n<p><!--more--><\/p>\n<p>Mit dem Begriff \u201ezukunftsf\u00e4hig\u201c ist gemeint dass die vorhandenen Hardware-Installationen in den bisherigen Breitbandausbau, sprich bisherige Hardware-Investitionen, genutzt werden k\u00f6nnen, um darauf basierend die Leistungsf\u00e4higkeit des Netzes in Richtung \u00dcbertragungsraten (Download; Upload) zu erh\u00f6hen. Der oft dazu benutzte Fachausdruck lautet upgradef\u00e4hig. Computernutzer kennen diesen Begriff, indem bei der Nutzung derselben Hardware meistens gegen Zahlungen \u201ekleinerer oder gr\u00f6\u00dferer M\u00fcnzen\u201c eine erh\u00f6hte Funktionalit\u00e4t\u00a0 durch eine neue Software bereit gestellt wird. Ein Vertrag mit dem Internetanbieter zeigt dass man im allgemeinen mehr zahlt f\u00fcr eine Verbindung mit einer h\u00f6herer Daten\u00fcbertragungsrate.<\/p>\n<p>Der Hinweis im Text &lt;<em>in gro\u00dfen Teilen offensichtlich nicht zukunftsf\u00e4hig<\/em>&gt; bezieht sich darauf, dass au\u00dfer im Baugebiet Lohe V mit Glasfaserleitungen bis ins Haus,\u00a0 in allen anderen Ausbaugebieten der Gemeinde neue Glasfaserverteilerstationen errichtet, bzw. vorhandene Verteilerstationen erweitert worden sind, von denen dann mit den bisher im Boden verlegten Kupferleitungen die Verbindungen ins Haus laufen. Das \u201enicht zukunftsf\u00e4hig\u201c bezieht sich daher nur auf den Anteil im Netz mit den Kupferleitungen.<\/p>\n<p>\u00dcbertragungsraten bis 100 Mbit\/s erh\u00e4lt man dadurch, dass seitens der Telekom eine spezielle kosteng\u00fcnstige \u00dcbertragungstechnik (Vectoring) verwendet wird. Diese \u00dcbertragungstechnik wurde seitens der nationalen Regulierungsbeh\u00f6rde (Bundesnetzagentur) zuvor genehmigt. Die Telekom ist\u00a0 jedoch das einzige Unternehmen welches diese Technik einsetzt, wogegen die Konkurrenz ausschlie\u00dflich auf Glasfaser setzt mit der Begr\u00fcndung dass sie nur Investitionen in Glasfaser als zukunftsf\u00e4hig betrachtet, da diese \u00dcbertragungsraten von 1 Gbit\/s (1000 Mbit\/s) und mehr erlaube.<\/p>\n<p>In den letzten Vorstellungen der Telekom Vertreter im Juni 2017 wurde m\u00fcndlich festgehalten dass die Mindest\u00fcbertragungsrate\u00a0 an den Enden der Leitungen im Hauseingang mindestens 15 Mbit\/s sein f\u00fcr den Download sein w\u00fcrde. Die Telekomvertreter haben jedoch nicht gesagt, dass diese \u00dcbertragungsraten von der Anzahl der gleichzeitig surfenden Nutzer abh\u00e4ngt. Je mehr Nutzer gleichzeitig, desto geringer ist die\u00a0 \u00dcbertragungsrate.\u00a0 Welche \u00dcbertragungsrate aktuell zur Verf\u00fcgung steht l\u00e4sst sich sehr einfach am Router feststellen.<\/p>\n<p>Allein dieser Wert von min 15 Mbit\/s entspricht nicht den Planungen des <a href=\"https:\/\/www.bmvi.de\/SharedDocs\/DE\/Dossier\/Breitbandausbau\/topthema01-bundesfoerderprogramm-zum-breitbandausbau.html\">Bundesf\u00f6rderprogrammes<\/a> von 2015. Darin hei\u00dft es dass bis 2018 unterversorgte Gebiete einen Netzzugang mit minimal 50 Mbit\/s erhalten sollen. Dieser Wert von min 50 Mbit\/s wurde seitens den Telekom Vertreters in der besagten GR Sitzung in Hausen als der maximale Wert beschrieben. Hier passt einiges nicht zusammen! Offenbar haben einige Gemeinden im Landkreis FO wie Pottenstein, Ebermannstadt und G\u00f6\u00dfweinstein das anders gemacht.<\/p>\n<p>Der aktuelle Finanzminister der CSU Albert F\u00fcracker\u00a0 sieht dagegen Bayern auf einem guten Weg: Bis 2025 sollen alle Haushalte Glasfaseranschl\u00fcsse haben. Bislang (d.h. 2018) sollen lt. F\u00fcracker bereits angeblich 90 % aller Haushalte mit mindestens 30 Mbit\/s, 80 % mit mindestens 50 Mbit\/s und mehr\u00a0 ins Internet (EN, 20.06.2016, &#8220;Schnelles Internet an Schulen?&#8221;). Vermutlich hat er solche Daten durch eine riesige rosa Brille gesehen und auf M\u00fcnchen bezogen. Auf dem Lande wie in Hausen treffen solche Zahlen nicht zu. Wie tief l\u00e4sst das blicken wenn Staatsminister F\u00fcracker als Nachfolger von S\u00f6der der zentrale Ansprechpartner f\u00fcr Digitalisierung im Freistaat Bayern ist und er noch nicht einmal die wirkliche Situation im Lande kennt?<\/p>\n<p>Zum gleichen Zeitpunkt Juni 2017 hat die EU einen Gesetzentwurf (<a href=\"https:\/\/www.vdi-nachrichten.com\/Gesellschaft\/Europa-wagt-Schritt-gen-Gigabit-Gesellschaft\">VDI nachrichten<\/a>; 22.09.2016) ver\u00f6ffentlicht, dass seitens der EU ein Giganetzwerk gefordert wird, in welchem jedem B\u00fcrger\u00a0 bis 2025 mindestens 100 Mbit\/s garantiert wird. Dieser Gesetzentwurf wurde Ende 2018 leicht modifiziert als EU Gesetz beschlossen und soll seitens der nationalen Regierungen bis 2025 vollst\u00e4ndig implementiert sein. Aber vielleicht hat diese Vorgaben der EU F\u00fcracker motiviert und wird hoffentlich die l\u00e4ndlichen Kommunen wie Hausen finanziell dabei unterst\u00fctzen.<\/p>\n<p><strong>Wie k\u00f6nnte es zuk\u00fcnftig in der Gemeinde Hausen weiter gehen?<\/strong><\/p>\n<p>Wenn man sich bewusst wird wozu h\u00f6here Datenraten als 100 Mbit\/s erforderlich sind, so ergeben sich laut Studien f\u00fcr Homeoffice mit gesicherten und verschl\u00fcsselten \u00dcbertragungen mittels VPN (virtuelles privates Netzwerk) \u00fcber \u00f6ffentliche Leitungen 250 Mbit\/s,\u00a0 der selbe Wert f\u00fcr schnelle Zug\u00e4nge in Cloud-Anwendungen, bis zu 300 Mbit\/S f\u00fcr hochaufl\u00f6sendes Fernsehen (Ultra-HD 6K). Wer bereits heute versucht Bilder einer Profi-Kamera in eine Cloud zu laden mit einer Datenrate mit max 50 Mbit\/s bekommt bereits lange Z\u00e4hne.<\/p>\n<p>Nach aktuellem Stand der Technik sind Gigabitraten nur mit Glasfaser, Koaxialkabel mit speziellen Technologien und der k\u00fcnftigen\u00a0 Mobilfunkgeneration 5G zu erreichen.<\/p>\n<p>Der EU Rechnungshof hat daher gewarnt dass der bisherige Breitbandausbau mit alten Kupferleitungen als nicht zukunftsf\u00e4hig bezeichnet (EN, 06.06.2018, &#8220;Deutschland hat aufs falsche Pferd gesetzt&#8221;)<\/p>\n<p><strong>Was bedeutet das f\u00fcr die Gemeinde Hausen?<\/strong><\/p>\n<p>Es ergeben sich folgende \u00dcberlegungen:<\/p>\n<ol>\n<li>Dort wo in der Gemeinde bisher bereits Glasfaser bis ins Haus verlegt worden sind, sind keine Probleme zu erwarten. Nur dort werden sich auch nur noch solche Unternehmen ansiedeln\u00a0 die auf ein schnelles Internet mit \u00dcbertragungsraten &gt; 100 Mbit\/s angewiesen sind. Das hei\u00dft die Gemeinde Hausen begibt sich zuk\u00fcnftiger M\u00f6glichkeiten von ansiedlungswilligen Unternehmen wegen nicht ausreichendem Breitbandausbau!<\/li>\n<li>H\u00e4user die auf der letzten Meile mit Kupferleitungen angeschlossen sind, werden mit maximal 100 Mbit\/s rechnen k\u00f6nnen, wenn ihnen das von ihrem Lieferanten verbindlich zugesagt werden kann. Bei h\u00f6herem Bedarf ist die letzte Meile auf Glasfaser aufzur\u00fcsten;<\/li>\n<li>H\u00e4user mit Koaxialkabelanschluss von Kabel Deutschland\/Vodafone, siehe b);<\/li>\n<li>Alle Neubauten in der Gemeinde\u00a0 sind ausschlie\u00dflich mit Glasfaseranschl\u00fcssen vorzusehen;<\/li>\n<li>Im Kontext eines m\u00f6glichen Nahw\u00e4rmenetzes in Hausen sind die H\u00e4user in den betroffenen Stra\u00dfen zeitgleich in einer abgestimmten Planung mit Glasfaserleitungen zu versehen.<\/li>\n<\/ol>\n<p>Diese \u00dcberlegungen haben Auswirkungen auf die Bauleitplanung der Gemeinde als auch auf deren Bauausschuss. Man kann nur hoffen, dass diese unabh\u00e4ngig von einer Fraktion auch so gesehen werden.<\/p>\n<p>Verantwortlich im Sinne des Pressegesetzes: F. Reuter<\/p>\n","protected":false},"excerpt":{"rendered":"<p>Dieser Bericht soll einen \u00dcberblick geben wo wir seitens der Gemeinde Hausen mit ihren Ortsteilen aktuell stehen und wohin die Reise in den kommenden Jahren geht bez\u00fcglich des Breitbandausbaus. Ich <a class=\"more-link\" href=\"https:\/\/uwg-hausen.de\/?p=49\">Weiterlesen <i class=\"fa fa-chevron-right\"><\/i><\/a><\/p>\n","protected":false},"author":2,"featured_media":0,"comment_status":"closed","ping_status":"open","sticky":false,"template":"","format":"standard","meta":{"_eb_attr":"","footnotes":""},"categories":[10,11],"tags":[44,45],"class_list":["post-49","post","type-post","status-publish","format-standard","hentry","category-entwicklung","category-kommentar","tag-breitband","tag-netz"],"_links":{"self":[{"href":"https:\/\/uwg-hausen.de\/index.php?rest_route=\/wp\/v2\/posts\/49","targetHints":{"allow":["GET"]}}],"collection":[{"href":"https:\/\/uwg-hausen.de\/index.php?rest_route=\/wp\/v2\/posts"}],"about":[{"href":"https:\/\/uwg-hausen.de\/index.php?rest_route=\/wp\/v2\/types\/post"}],"author":[{"embeddable":true,"href":"https:\/\/uwg-hausen.de\/index.php?rest_route=\/wp\/v2\/users\/2"}],"replies":[{"embeddable":true,"href":"https:\/\/uwg-hausen.de\/index.php?rest_route=%2Fwp%2Fv2%2Fcomments&post=49"}],"version-history":[{"count":6,"href":"https:\/\/uwg-hausen.de\/index.php?rest_route=\/wp\/v2\/posts\/49\/revisions"}],"predecessor-version":[{"id":163,"href":"https:\/\/uwg-hausen.de\/index.php?rest_route=\/wp\/v2\/posts\/49\/revisions\/163"}],"wp:attachment":[{"href":"https:\/\/uwg-hausen.de\/index.php?rest_route=%2Fwp%2Fv2%2Fmedia&parent=49"}],"wp:term":[{"taxonomy":"category","embeddable":true,"href":"https:\/\/uwg-hausen.de\/index.php?rest_route=%2Fwp%2Fv2%2Fcategories&post=49"},{"taxonomy":"post_tag","embeddable":true,"href":"https:\/\/uwg-hausen.de\/index.php?rest_route=%2Fwp%2Fv2%2Ftags&post=49"}],"curies":[{"name":"wp","href":"https:\/\/api.w.org\/{rel}","templated":true}]}}