{"id":439,"date":"2019-10-11T17:25:47","date_gmt":"2019-10-11T17:25:47","guid":{"rendered":"http:\/\/uwg-hausen.de\/?p=439"},"modified":"2019-10-27T14:56:20","modified_gmt":"2019-10-27T14:56:20","slug":"leuchtturmprojekt-krone","status":"publish","type":"post","link":"https:\/\/uwg-hausen.de\/?p=439","title":{"rendered":"Leuchtturmprojekt Krone"},"content":{"rendered":"\n<p>Seit April 2013 besteht f\u00fcr das Anwesen \u201eKrone\u201c in der Hauptstra\u00dfe in Hausen ein Nutzungskonzept. Andererseits wurden Mitte letzten Jahres Finanzmittel \u00fcber das F\u00f6rderprogramm \u201eInnen statt Aussen\u201c bewilligt. Inzwischen wurden nicht nur die Toiletten und&nbsp;das Nebenzimmer&nbsp;saniert, sondern auch der Schankraum renoviert. Das im Jahr 1869 errichtete Haus mit seiner Sandsteinfassade ist ein ortsbildpr\u00e4gendes Geb\u00e4ude. Zudem gibt es in Hausen viele Vereine, die an einem Erhalt der Krone interessiert sind, da diese dringend entsprechende R\u00e4umlichkeiten ben\u00f6tigen.&nbsp;\n<\/p>\n\n\n\n<figure class=\"wp-block-image\"><img fetchpriority=\"high\" decoding=\"async\" width=\"1024\" height=\"576\" src=\"http:\/\/uwg-hausen.de\/wp-content\/uploads\/2019\/10\/Krone-2019-Beitragsbild02-1024x576.jpg\" alt=\"\" class=\"wp-image-441\" srcset=\"https:\/\/uwg-hausen.de\/wp-content\/uploads\/2019\/10\/Krone-2019-Beitragsbild02-1024x576.jpg 1024w, https:\/\/uwg-hausen.de\/wp-content\/uploads\/2019\/10\/Krone-2019-Beitragsbild02-300x169.jpg 300w, https:\/\/uwg-hausen.de\/wp-content\/uploads\/2019\/10\/Krone-2019-Beitragsbild02-768x432.jpg 768w, https:\/\/uwg-hausen.de\/wp-content\/uploads\/2019\/10\/Krone-2019-Beitragsbild02-100x55.jpg 100w, https:\/\/uwg-hausen.de\/wp-content\/uploads\/2019\/10\/Krone-2019-Beitragsbild02-730x410.jpg 730w, https:\/\/uwg-hausen.de\/wp-content\/uploads\/2019\/10\/Krone-2019-Beitragsbild02.jpg 1280w\" sizes=\"(max-width: 1024px) 100vw, 1024px\" \/><figcaption>Dieter Hofmann zeigt Thomas Schmitt das fertige Nebenzimmer<\/figcaption><\/figure>\n\n\n\n<p>Der Verein, so Dieter Hofmann (Teamleitung Krone Hausen e. V.), kann unm\u00f6glich alles in Eigenleistung und ehrenamtlich abarbeiten. Es ist daf\u00fcr dringend ein Sanierungskonzept erforderlich. Die UWG-Hausen&nbsp;unterst\u00fctzt das Vorhaben seit Jahren. Es wurden seitens der UWG immer wieder Antr\u00e4ge im Gemeinderat gestellt. Unser B\u00fcrgermeisterkandidat Thomas Schmitt wird das Projekt ebenfalls forcieren. F\u00fcr ihn ist es unverst\u00e4ndlich, dass der Gemeinderat nicht mehr darauf dr\u00e4ngt die Sanierungsma\u00dfnahmen f\u00fcr die Krone auf den Weg zu bringen. F\u00fcr 2019 sind f\u00fcr das F\u00f6rderprojekt \u201eInnen statt Au\u00dfen\u201c 1.05 Mill. \u20ac eingestellt und im Finanzplan 2020 1,4 Mill. und 2021 1,2 Mill. \u20ac vorgesehen. Das Projekt muss Fraktions\u00fcbergreifend vorangetrieben werden, um unseren Vereinen ein Zuhause geben zu k\u00f6nnen aber auch den historischen Dorfkern zu erhalten.&nbsp; <\/p>\n\n\n\n<figure class=\"wp-block-image\"><img decoding=\"async\" width=\"1024\" height=\"576\" src=\"http:\/\/uwg-hausen.de\/wp-content\/uploads\/2019\/10\/Krone-2019-Beitragsbild01-1024x576.jpg\" alt=\"\" class=\"wp-image-440\" srcset=\"https:\/\/uwg-hausen.de\/wp-content\/uploads\/2019\/10\/Krone-2019-Beitragsbild01-1024x576.jpg 1024w, https:\/\/uwg-hausen.de\/wp-content\/uploads\/2019\/10\/Krone-2019-Beitragsbild01-300x169.jpg 300w, https:\/\/uwg-hausen.de\/wp-content\/uploads\/2019\/10\/Krone-2019-Beitragsbild01-768x432.jpg 768w, https:\/\/uwg-hausen.de\/wp-content\/uploads\/2019\/10\/Krone-2019-Beitragsbild01-100x55.jpg 100w, https:\/\/uwg-hausen.de\/wp-content\/uploads\/2019\/10\/Krone-2019-Beitragsbild01-730x410.jpg 730w, https:\/\/uwg-hausen.de\/wp-content\/uploads\/2019\/10\/Krone-2019-Beitragsbild01.jpg 1280w\" sizes=\"(max-width: 1024px) 100vw, 1024px\" \/><figcaption>Auch in der Gaststube ist viel geschafft.<\/figcaption><\/figure>\n\n\n\n<p>Bereits 2013 hatte das Architekturb\u00fcro Sch\u00f6nfelder eine Kostensch\u00e4tzung f\u00fcr die Sanierung der Krone in H\u00f6he von 900 000 \u20ac ermittelt. Diese d\u00fcrfte zum heutigen Zeitpunkt sicherlich nicht mehr zutreffen und m\u00fcsste korrigiert werden. Seitdem hat sich bis auf die Arbeiten der Ehrenamtlichen nicht viel getan. Zur Erinnerung: Am 5. Juli 2010 fasste der Gemeinderat Hausen den Beschluss, die Verwaltung zu beauftragen, alle notwendigen Massnahmen zu veranlassen, damit mit dem Umbau des Kronesaal begonnen werden kann, wobei die Anregungen der Vereine ber\u00fccksichtigt werden sollen.\n<\/p>\n\n\n\n<blockquote style=\"text-align:center\" class=\"wp-block-quote is-style-large is-layout-flow wp-block-quote-is-layout-flow\"><p>Es liegt ein gro\u00dfes und interessantes Projekt vor uns. Lasst es uns miteinander angehen! <\/p><cite>Thomas Schmitt, UWG-Hausen<\/cite><\/blockquote>\n\n\n\n<p><div id=\"if_widget1570814553\"><\/div>\n<script charset=\"windows-1250\" src=\"https:\/\/www.infranken.de\/fileadmin\/scripts\/widget\/widgetjs\/?art=216&amp;picsize=0&amp;bg=FFFFFF&amp;al=ja&amp;h=000000-16&amp;a=000000-12&amp;l=000000-12&amp;id=4487224&amp;pfad=\/regional\/forchheim\/&amp;ts=1570814553\"><\/script><\/p>\n","protected":false},"excerpt":{"rendered":"<p>Seit April 2013 besteht f\u00fcr das Anwesen \u201eKrone\u201c in der Hauptstra\u00dfe in Hausen ein Nutzungskonzept. Andererseits wurden Mitte letzten Jahres Finanzmittel \u00fcber das F\u00f6rderprogramm \u201eInnen statt Aussen\u201c bewilligt. Inzwischen wurden <a class=\"more-link\" href=\"https:\/\/uwg-hausen.de\/?p=439\">Weiterlesen <i class=\"fa fa-chevron-right\"><\/i><\/a><\/p>\n","protected":false},"author":2,"featured_media":0,"comment_status":"closed","ping_status":"open","sticky":false,"template":"","format":"standard","meta":{"_eb_attr":"","footnotes":""},"categories":[7,10,9],"tags":[77,78],"class_list":["post-439","post","type-post","status-publish","format-standard","hentry","category-buerger","category-entwicklung","category-ortskern","tag-krone","tag-leuchtturmprojekt"],"_links":{"self":[{"href":"https:\/\/uwg-hausen.de\/index.php?rest_route=\/wp\/v2\/posts\/439","targetHints":{"allow":["GET"]}}],"collection":[{"href":"https:\/\/uwg-hausen.de\/index.php?rest_route=\/wp\/v2\/posts"}],"about":[{"href":"https:\/\/uwg-hausen.de\/index.php?rest_route=\/wp\/v2\/types\/post"}],"author":[{"embeddable":true,"href":"https:\/\/uwg-hausen.de\/index.php?rest_route=\/wp\/v2\/users\/2"}],"replies":[{"embeddable":true,"href":"https:\/\/uwg-hausen.de\/index.php?rest_route=%2Fwp%2Fv2%2Fcomments&post=439"}],"version-history":[{"count":14,"href":"https:\/\/uwg-hausen.de\/index.php?rest_route=\/wp\/v2\/posts\/439\/revisions"}],"predecessor-version":[{"id":483,"href":"https:\/\/uwg-hausen.de\/index.php?rest_route=\/wp\/v2\/posts\/439\/revisions\/483"}],"wp:attachment":[{"href":"https:\/\/uwg-hausen.de\/index.php?rest_route=%2Fwp%2Fv2%2Fmedia&parent=439"}],"wp:term":[{"taxonomy":"category","embeddable":true,"href":"https:\/\/uwg-hausen.de\/index.php?rest_route=%2Fwp%2Fv2%2Fcategories&post=439"},{"taxonomy":"post_tag","embeddable":true,"href":"https:\/\/uwg-hausen.de\/index.php?rest_route=%2Fwp%2Fv2%2Ftags&post=439"}],"curies":[{"name":"wp","href":"https:\/\/api.w.org\/{rel}","templated":true}]}}