{"id":392,"date":"2019-09-20T19:42:32","date_gmt":"2019-09-20T19:42:32","guid":{"rendered":"http:\/\/uwg-hausen.de\/?p=392"},"modified":"2019-11-18T22:49:21","modified_gmt":"2019-11-18T22:49:21","slug":"unser-buergermeisterkandidat-fuer-die-kommunalwahl-2020","status":"publish","type":"post","link":"https:\/\/uwg-hausen.de\/?p=392","title":{"rendered":"Unser B\u00fcrgermeisterkandidat f\u00fcr die Kommunalwahl 2020"},"content":{"rendered":"\n<p>Die UWG Hausen will Thomas Schmitt ins Rennen um das B\u00fcrgermeisteramt schicken. Der Vorstand hat sich bei einem Treffen einstimmig f\u00fcr ihn entschieden. Das letzte Wort haben die Mitglieder. Die Nominierungsversammlung ist am 22. September um 19.00 Uhr im \u201eSchwarzen Ambos\u201c.<\/p>\n\n\n\n<p>Der zweifache Familienvater ist Bau- und Wirtschaftsingenieur. \u201eDie Leute kennen ihn, er kennt die Menschen in Hausen und deren Interessen und Bed\u00fcrfnisse gut\u201c sagt Georg Brandmeier Vorsitzender der UWG. Thomas Schmitt vertritt die Meinung, dass ein B\u00fcrgermeister \u201eModerator zwischen B\u00fcrgern, Verwaltung und Gemeinderat ist. Er gibt die Rahmenbedingungen\u201c. Die Entscheidungen aber treffe der Gemeinderat. \u201eWichtig ist, dass die Gemeinde auftretende Probleme rechtzeitig anpackt und zukunftsorientiert arbeitet und die Herausforderungen nicht erst dann in Angriff nimmt, wenn sie da sind, sondern rechtzeitig plant und umsetzt\u201c. Brandmeier freut sich \u00fcber diese Aussage: \u201eEs ist genau das, was wir brauchen\u201c. Als langj\u00e4hriger Projekteink\u00e4ufer in einem gro\u00dfen Industriebetrieb hat er einen anderen Blickwinkel. \u201eWie soll Hausen in zehn Jahren aussehen?\u201c Eine Frage, die Schmitt so beantwortet: \u201eAngebracht w\u00e4re eine L\u00f6sung, bei der unsere Senioren in der Heimatgemeinde bleiben und alt werden k\u00f6nnen\u201c. Themen wie ausreichende Kinderbetreuung, und Freizeitangebote f\u00fcr Jugendliche sind ihm wichtig. Er m\u00f6chte die \u00f6rtlichen Vereine f\u00f6rdern und deren Sozialarbeit unterst\u00fctzen, so Schmitt. \u201eWir m\u00fcssen aufpassen, dass im Rahmen der Digitalisierung nichts verpasst wird; dass wir hier nicht abgeh\u00e4ngt werden\u201c. Angesichts der Energiebilanz will er sich auf die \u00f6ffentlichen Geb\u00e4ude fokussieren. \u201eUnsere Geb\u00e4ude sind in die Jahre gekommen\u201c, so Schmitt.<\/p>\n\n\n\n<p>Der behutsame Umgang mit Grund und Boden, sowie die Etablierung einer Baukultur tragen f\u00fcr zuk\u00fcnftige Generationen dazu bei, den d\u00f6rflichen Charakter zu erhalten. Eine starke Beh\u00f6rde ist Garant f\u00fcr eine funktionierende kommunale Lebensgemeinschaft erkl\u00e4rt Schmitt. Ebenso h\u00e4lt er den Hochwasserschutz f\u00fcr wichtig, um die Gemeinde und deren B\u00fcrger vor gr\u00f6\u00dferen Sch\u00e4den zu bewahren. Viele Ziele f\u00fcr einen Rathauschef.<\/p>\n","protected":false},"excerpt":{"rendered":"<p>Die UWG Hausen will Thomas Schmitt ins Rennen um das B\u00fcrgermeisteramt schicken. Der Vorstand hat sich bei einem Treffen einstimmig f\u00fcr ihn entschieden. Das letzte Wort haben die Mitglieder. Die <a class=\"more-link\" href=\"https:\/\/uwg-hausen.de\/?p=392\">Weiterlesen <i class=\"fa fa-chevron-right\"><\/i><\/a><\/p>\n","protected":false},"author":6,"featured_media":395,"comment_status":"closed","ping_status":"open","sticky":false,"template":"","format":"standard","meta":{"_eb_attr":"","footnotes":""},"categories":[7,10,100,46],"tags":[71,73,70,72],"class_list":["post-392","post","type-post","status-publish","format-standard","has-post-thumbnail","hentry","category-buerger","category-entwicklung","category-kommunalwahl-2020","category-uwg","tag-buergermeisterkandidat","tag-grundschule-hausen","tag-kommunalwahl-2020","tag-thomas-schmitt"],"_links":{"self":[{"href":"https:\/\/uwg-hausen.de\/index.php?rest_route=\/wp\/v2\/posts\/392","targetHints":{"allow":["GET"]}}],"collection":[{"href":"https:\/\/uwg-hausen.de\/index.php?rest_route=\/wp\/v2\/posts"}],"about":[{"href":"https:\/\/uwg-hausen.de\/index.php?rest_route=\/wp\/v2\/types\/post"}],"author":[{"embeddable":true,"href":"https:\/\/uwg-hausen.de\/index.php?rest_route=\/wp\/v2\/users\/6"}],"replies":[{"embeddable":true,"href":"https:\/\/uwg-hausen.de\/index.php?rest_route=%2Fwp%2Fv2%2Fcomments&post=392"}],"version-history":[{"count":2,"href":"https:\/\/uwg-hausen.de\/index.php?rest_route=\/wp\/v2\/posts\/392\/revisions"}],"predecessor-version":[{"id":396,"href":"https:\/\/uwg-hausen.de\/index.php?rest_route=\/wp\/v2\/posts\/392\/revisions\/396"}],"wp:featuredmedia":[{"embeddable":true,"href":"https:\/\/uwg-hausen.de\/index.php?rest_route=\/wp\/v2\/media\/395"}],"wp:attachment":[{"href":"https:\/\/uwg-hausen.de\/index.php?rest_route=%2Fwp%2Fv2%2Fmedia&parent=392"}],"wp:term":[{"taxonomy":"category","embeddable":true,"href":"https:\/\/uwg-hausen.de\/index.php?rest_route=%2Fwp%2Fv2%2Fcategories&post=392"},{"taxonomy":"post_tag","embeddable":true,"href":"https:\/\/uwg-hausen.de\/index.php?rest_route=%2Fwp%2Fv2%2Ftags&post=392"}],"curies":[{"name":"wp","href":"https:\/\/api.w.org\/{rel}","templated":true}]}}