{"id":320,"date":"2019-05-14T07:04:16","date_gmt":"2019-05-14T07:04:16","guid":{"rendered":"http:\/\/uwg-hausen.de\/?p=320"},"modified":"2019-09-29T14:43:58","modified_gmt":"2019-09-29T14:43:58","slug":"kurzinfos-aus-der-gemeinde-hausen","status":"publish","type":"post","link":"https:\/\/uwg-hausen.de\/?p=320","title":{"rendered":"Kurzinfos aus der Gemeinde Hausen"},"content":{"rendered":"<p><strong>B\u00fcrgerentscheid zum Neubaugebiet &#8220;Am W\u00f6hrgarten&#8221;<\/strong><\/p>\n<p>Die UWG hat als einzige Fraktion geschlossen f\u00fcr die Durchf\u00fchrung des B\u00fcrgerentscheids abgestimmt und somit entscheidend zur sehr knappen Mehrheitsentscheidung im Gemeinderat PRO B\u00fcrgerentscheid beigetragen. Das recht deutliche Ergebnis und die hohe Wahlbeteiligung waren Ausdruck gelebter Demokratie und best\u00e4rken uns in unserem Handeln.<\/p>\n<p><!--more--><strong>Volksbegehren: &#8220;Rettet die Bienen&#8221;<\/strong><\/p>\n<p>F\u00fcr das im Amtsblatt am 21.12.2018 bekanntgegebene Volksbegehren, fehlt uns trotz Nachfrage beim B\u00fcrgermeister das Abstimmergebnis unserer Kommune. Wir haben mehrfach darum gebeten dieses bekannt zu geben und zu ver\u00f6ffentlichen.&nbsp;Wir werden die Ergebnisver\u00f6ffentlichung&nbsp;noch einmal anmahnen.<\/p>\n<p><strong>UWG-Gesch\u00e4ftsantrag vom 25.11.2018 &#8220;F\u00fchren von Beschlussb\u00fcchern; Nachverfolgung der Beschl\u00fcsse \u00fcber Erledigungsliste&#8221;<\/strong><\/p>\n<p>Der UWG-Gesch\u00e4ftsantrag vom 25.11.2018 &#8220;F\u00fchren von Beschlussb\u00fcchern; Nachverfolgung der Beschl\u00fcsse \u00fcber Erledigungsliste&#8221; ist nach wie vor offen und wurde trotz mehrfacher Bitten nicht auf die Tagesordnung der Gemeinderatsitzung gesetzt. Auch f\u00fcr die kommende Gemeinderatsitzung am 16.05.2019 wurde unserem Antrag nicht Rechnung getragen.<\/p>\n<p><strong>Offene Punkte Gemeinderat<\/strong><\/p>\n<p>Erneut haben wir bei der letzten Gemeinderatsitzung am 17.04.2019 eine mehrseitige offene Punkteliste eingereicht auf die in den vorhergehenden Gemeinderatsitzungen nur unzureichend Antworten gegeben wurden.<\/p>\n","protected":false},"excerpt":{"rendered":"<p>B\u00fcrgerentscheid zum Neubaugebiet &#8220;Am W\u00f6hrgarten&#8221; Die UWG hat als einzige Fraktion geschlossen f\u00fcr die Durchf\u00fchrung des B\u00fcrgerentscheids abgestimmt und somit entscheidend zur sehr knappen Mehrheitsentscheidung im Gemeinderat PRO B\u00fcrgerentscheid beigetragen. <a class=\"more-link\" href=\"https:\/\/uwg-hausen.de\/?p=320\">Weiterlesen <i class=\"fa fa-chevron-right\"><\/i><\/a><\/p>\n","protected":false},"author":2,"featured_media":0,"comment_status":"closed","ping_status":"open","sticky":false,"template":"","format":"standard","meta":{"_eb_attr":"","footnotes":""},"categories":[1],"tags":[76,74,75],"class_list":["post-320","post","type-post","status-publish","format-standard","hentry","category-uncategorized","tag-bienen","tag-kurzinfo","tag-woehrgarten"],"_links":{"self":[{"href":"https:\/\/uwg-hausen.de\/index.php?rest_route=\/wp\/v2\/posts\/320","targetHints":{"allow":["GET"]}}],"collection":[{"href":"https:\/\/uwg-hausen.de\/index.php?rest_route=\/wp\/v2\/posts"}],"about":[{"href":"https:\/\/uwg-hausen.de\/index.php?rest_route=\/wp\/v2\/types\/post"}],"author":[{"embeddable":true,"href":"https:\/\/uwg-hausen.de\/index.php?rest_route=\/wp\/v2\/users\/2"}],"replies":[{"embeddable":true,"href":"https:\/\/uwg-hausen.de\/index.php?rest_route=%2Fwp%2Fv2%2Fcomments&post=320"}],"version-history":[{"count":3,"href":"https:\/\/uwg-hausen.de\/index.php?rest_route=\/wp\/v2\/posts\/320\/revisions"}],"predecessor-version":[{"id":406,"href":"https:\/\/uwg-hausen.de\/index.php?rest_route=\/wp\/v2\/posts\/320\/revisions\/406"}],"wp:attachment":[{"href":"https:\/\/uwg-hausen.de\/index.php?rest_route=%2Fwp%2Fv2%2Fmedia&parent=320"}],"wp:term":[{"taxonomy":"category","embeddable":true,"href":"https:\/\/uwg-hausen.de\/index.php?rest_route=%2Fwp%2Fv2%2Fcategories&post=320"},{"taxonomy":"post_tag","embeddable":true,"href":"https:\/\/uwg-hausen.de\/index.php?rest_route=%2Fwp%2Fv2%2Ftags&post=320"}],"curies":[{"name":"wp","href":"https:\/\/api.w.org\/{rel}","templated":true}]}}