{"id":2854,"date":"2026-01-01T15:17:16","date_gmt":"2026-01-01T14:17:16","guid":{"rendered":"https:\/\/uwg-hausen.de\/?p=2854"},"modified":"2026-01-18T15:18:18","modified_gmt":"2026-01-18T14:18:18","slug":"kappenabend-2026","status":"publish","type":"post","link":"https:\/\/uwg-hausen.de\/?p=2854","title":{"rendered":"Kappenabend 2026"},"content":{"rendered":"\n<h1 class=\"wp-block-heading has-text-align-center\">Kappenabend 2026 in Hausen<br><strong>Am 24.01.2026 hei\u00dft es wieder: <\/strong><\/h1>\n\n\n\n<p class=\"has-text-align-center\"><br>T\u00fcren auf, Alltag aus und rein ins Faschingsvergn\u00fcgen! Im Gasthaus Schwarzer Amboss feiern wir gemeinsam eine Nacht voller Musik, Spa\u00df und guter Vibes. Ob schrilles Kost\u00fcm oder l\u00e4ssiger Look \u2013 alles ist erlaubt! Und wer besonders auff\u00e4llt, darf sich \u00fcber einen Preis f\u00fcr das beste Kost\u00fcm freuen.<br>Sound, der mitrei\u00dft<br>Mit Jack &amp; Manuel an den Reglern ist Party garantiert. Ihr einzigartiger Live-Mix aus Schlager, Rock und Partyhits bringt den Saal zum Kochen \u2013 Tanzen und Mitsingen sind Pflicht.<br>B\u00fchne frei f\u00fcr Show &amp; Tanz<br>Die Garde vom Elferrat Ebermannstadt e.V. sorgt mit starken Choreografien, Energie und Showpower f\u00fcr echte Wow-Momente. Fasching, wie man ihn liebt.<br>Power pur f\u00fcr die M\u00e4dels<br>Das M\u00e4nnerballett Sahneschnitten aus Ebermannstadt legt noch eine Schippe drauf: Action, Akrobatik und ordentlich Charme \u2013 da bleibt kein Auge trocken.<br><\/p>\n\n\n\n<p class=\"has-text-align-left has-luminous-vivid-amber-background-color has-background\">Kartenvorverkauf<br>Ab 20.12.2026 sind die Tickets f\u00fcr 10 \u20ac erh\u00e4ltlich \u2013 im Gasthaus Schwarzer Amboss sowie der Volksbank Raiffeisenbank in Hausen.<br><\/p>\n\n\n\n<p class=\"has-text-align-left\"><br>Fragen?<br>Einfach melden \u2013 wir freuen uns auf eine legend\u00e4re Nacht mit Euch!nd Artikel. Demn\u00e4chst mehr.<\/p>\n\n\n\n<p><\/p>\n","protected":false},"excerpt":{"rendered":"<p>comming soon<\/p>\n","protected":false},"author":7,"featured_media":2852,"comment_status":"closed","ping_status":"closed","sticky":false,"template":"","format":"link","meta":{"_eb_attr":"","footnotes":""},"categories":[239,101],"tags":[226,227],"class_list":["post-2854","post","type-post","status-publish","format-link","has-post-thumbnail","hentry","category-termin","category-uwg-informiert","tag-fasching","tag-kappenabend","post_format-post-format-link"],"_links":{"self":[{"href":"https:\/\/uwg-hausen.de\/index.php?rest_route=\/wp\/v2\/posts\/2854","targetHints":{"allow":["GET"]}}],"collection":[{"href":"https:\/\/uwg-hausen.de\/index.php?rest_route=\/wp\/v2\/posts"}],"about":[{"href":"https:\/\/uwg-hausen.de\/index.php?rest_route=\/wp\/v2\/types\/post"}],"author":[{"embeddable":true,"href":"https:\/\/uwg-hausen.de\/index.php?rest_route=\/wp\/v2\/users\/7"}],"replies":[{"embeddable":true,"href":"https:\/\/uwg-hausen.de\/index.php?rest_route=%2Fwp%2Fv2%2Fcomments&post=2854"}],"version-history":[{"count":4,"href":"https:\/\/uwg-hausen.de\/index.php?rest_route=\/wp\/v2\/posts\/2854\/revisions"}],"predecessor-version":[{"id":2858,"href":"https:\/\/uwg-hausen.de\/index.php?rest_route=\/wp\/v2\/posts\/2854\/revisions\/2858"}],"wp:featuredmedia":[{"embeddable":true,"href":"https:\/\/uwg-hausen.de\/index.php?rest_route=\/wp\/v2\/media\/2852"}],"wp:attachment":[{"href":"https:\/\/uwg-hausen.de\/index.php?rest_route=%2Fwp%2Fv2%2Fmedia&parent=2854"}],"wp:term":[{"taxonomy":"category","embeddable":true,"href":"https:\/\/uwg-hausen.de\/index.php?rest_route=%2Fwp%2Fv2%2Fcategories&post=2854"},{"taxonomy":"post_tag","embeddable":true,"href":"https:\/\/uwg-hausen.de\/index.php?rest_route=%2Fwp%2Fv2%2Ftags&post=2854"}],"curies":[{"name":"wp","href":"https:\/\/api.w.org\/{rel}","templated":true}]}}