{"id":2815,"date":"2025-10-25T13:54:26","date_gmt":"2025-10-25T11:54:26","guid":{"rendered":"https:\/\/uwg-hausen.de\/?p=2815"},"modified":"2026-01-19T23:45:14","modified_gmt":"2026-01-19T22:45:14","slug":"gemeinderatsitzung-oktober2025","status":"publish","type":"post","link":"https:\/\/uwg-hausen.de\/?p=2815","title":{"rendered":"Gemeinderatsitzung &#8211; Oktober&#8217;2025"},"content":{"rendered":"\n<h3 class=\"wp-block-heading\">Bericht zur Bauausschuss- und Gemeinderatssitzung am 21.10.2025 im neuen Rathaus<\/h3>\n\n\n\n<p>Die der Gemeinderatssitzung um eine Stunde vorgeschaltete Bauausschusssitzung lockten 7 Zuh\u00f6rer in den Sitzungssaal. 4 davon waren aber GR-Mitglieder und ehemalige GR-R\u00e4te f\u00fcr das Gruppenfoto der bald endenden Legislaturperiode.<\/p>\n\n\n\n<p>Auch Hr. Fiedler von der Presse war zugegen. Eigentlich ungew\u00f6hnlich. Die 4 mageren Top\u2019s der Bauausschusssitzung k\u00f6nnen nicht der Anlass gewesen sein. Aus der B\u00fcrgerfragestunde kamen keine Meldungen und zur Tagesordnung gab es keine Beanstandungen.<\/p>\n\n\n\n<hr class=\"wp-block-separator has-alpha-channel-opacity\"\/>\n\n\n\n<p class=\"has-text-align-center has-cyan-bluish-gray-background-color has-background\"><strong><em>Bauausschuss<\/em><\/strong><\/p>\n\n\n\n<hr class=\"wp-block-separator has-alpha-channel-opacity\"\/>\n\n\n\n<p><a>TOP 1: Die Niederschrift wurde einstimmig mit zwei Enthaltungen wegen Abwesenheit angenommen.<\/a><\/p>\n\n\n\n<p>TOP 2: Der zweite TOP befasste sich mit den abgestorbenen Hecken auf dem Hausner Friedhof. Die braunen Teile zwischen den gr\u00fcnen sind mehr als unansehnlich. Auch soll es eine Unterschriftenliste mit 19 Unterschriften geben, welche die Entfernung der kompletten (auch der gesunden) Hecken fordert. Die Vorteile sieht man in einer besseren Pflege und Instandhaltung der Grabfl\u00e4chen, Vermeidung von Wurzelwuchs in benachbarte Gr\u00e4ber, Verbesserung der Zug\u00e4nglichkeit und \u00dcbersicht und eine Reduzierung des Pflegeaufwandes und der Kosten.<\/p>\n\n\n\n<p>Nach kurzer Diskussion hat man einstimmig beschlossen, dass zun\u00e4chst nur die abgestorbenen Hecken entfernt werden. Mit den neuen Erkenntnissen wird man dann erneut beraten.<\/p>\n\n\n\n<p>TOP 3: In der Thurner Stra\u00dfe beabsichtigt ein Baubewerber auf das bestehende Wohnhaus das Dachgeschoss zu einem Vollgeschoss umzubauen und das Dach seiner Doppelgarage ebenfalls zu Wohnzwecken zu nutzen.<\/p>\n\n\n\n<p>Nachdem die Stellplatzfrage gekl\u00e4rt wurde, konnte dem Vorhaben mit 9:0 Stimmen zugestimmt werden.<\/p>\n\n\n\n<p>TOP 4: Unter dem TOP \u201eTagesordnungserg\u00e4nzungen, Information und Anfragen\u201c gab es keine Beitr\u00e4ge.<\/p>\n\n\n\n<hr class=\"wp-block-separator has-alpha-channel-opacity\"\/>\n\n\n\n<p class=\"has-text-align-center has-cyan-bluish-gray-background-color has-background\"><strong><em>Gemeinderatssitzung<\/em><\/strong><\/p>\n\n\n\n<hr class=\"wp-block-separator has-alpha-channel-opacity\"\/>\n\n\n\n<h4 class=\"wp-block-heading has-text-align-center\"><strong>Allgemeines und Tagesordnung<\/strong><\/h4>\n\n\n\n<hr class=\"wp-block-separator has-alpha-channel-opacity\"\/>\n\n\n\n<p>Zur um 19.00 Uhr stattfindenden Gemeinderatsitzung blieb die Zuh\u00f6rerzahl konstant. Aus der B\u00fcrgerfragestunde kam kein Beitrag. Die Tagesordnung ging einstimmig durch.<\/p>\n\n\n\n<p>TOP 1: Die Niederschrift wurde mit 14:0:2 nach Einpflegen der gew\u00fcnschten \u00c4nderungen genehmigt. Die zwei Enthaltungen ergaben sich wegen Abwesenheit und die fehlende Stimme resultierte aus der Versp\u00e4tung von unseren Max.<\/p>\n\n\n\n<p>TOP 2: \u201eInformation des B\u00fcrgermeisters\u201c:<\/p>\n\n\n\n<ul class=\"wp-block-list\">\n<li>Die Wasserabrechnung verschiebt sich bis Ende Oktober<\/li>\n\n\n\n<li>Die Bescheide zu den Verbesserungsbeitr\u00e4gen kommen auch Ende Oktober. \u00a0<\/li>\n\n\n\n<li>Eine Kollision mit den Verbesserungsbeitr\u00e4gen f\u00fcrs Frischwasser ist nicht zu bef\u00fcrchten, da diese erst mit der 2. Rate im Juni 2026 versandt werden. (Anm., dennoch kommt eine gro\u00dfe finanzielle Belastung auf die B\u00fcrger zu!).<\/li>\n\n\n\n<li>F\u00fcr das Windenergieprojekt wird es eine neue Auslegung geben, wenn die insgesamt 1600 eingegangenen Stellungnahmen (f\u00fcr ganz Oberfranken) gepr\u00fcft wurden<\/li>\n\n\n\n<li>Beklagt wurde, dass die Stra\u00dfenumbauarbeiten an der Ortsverbindungsstra\u00dfe Hausen-Thurn nicht den gew\u00fcnschten Erfolg in Sachen Geschwindigkeits- und L\u00e4rmreduzierung brachten. Es sollen Nachbesserungen angebracht werden, dazu sollen Vorschl\u00e4ge von den Anwohnern kommen. Vermutlich wird es darauf hinauslaufen verst\u00e4rkt den kommunalen Biltzer dort aufzustellen.<\/li>\n\n\n\n<li>Es gibt am Hausner Friedhof nun einen Fahrradst\u00e4nder<\/li>\n\n\n\n<li>Weiterhin hat er beklagt, dass (angeblich) aus den nicht-\u00f6ffentlichen Teil der Sitzungen Informationen ausgetratscht wurden. Und diese auch noch falsch waren. Es ging um den Verkauf und Abriss der alten Schule in Wimmelbach bzw. dem anstehenden B\u00fcrgerbegehren. (Anm., wenn die Infos falsch waren, wieso sollten diese dann aus dem Gemeinderat kommen? Das passt nicht zusammen). Er hat angemahnt zuk\u00fcnftig mehr Vertraulichkeit walten zu lassen.<\/li>\n\n\n\n<li>In seinem n\u00e4chsten Punkt verwarf er den Vorwurf die Kerwa auslagern zu wollen. Er habe das nie gesagt und bezog sich auf eine Sitzung vom 25.04.2023. (Anm., mag schon sein, dass er es explizit in diese Sitzung nicht gesagt hat).<\/li>\n\n\n\n<li>Frau Zinkl wird stellv. Leiterin der Kita Lohe<\/li>\n\n\n\n<li>Die Vergaben zur Nahw\u00e4rme betrafen die Leistungen f\u00fcr die Metallarbeiten, Solarthermie und Heizungsarbeiten.<\/li>\n\n\n\n<li>Die Vergaben f\u00fcr die Mehrzweckhalle betraf die Beschallung.<\/li>\n<\/ul>\n\n\n\n<p>TOP 4: Unter diesen TOP war ein Antrag auf Bauleitplanung zu beschlie\u00dfen. Es sollte auf den Gallohberg (anderes Ende vom Johannisfeuer aus gesehen Richtung Forchheim) ein Batteriespeichersystem mit Umspannwerk errichtet werden.<\/p>\n\n\n\n<p>Die Fl\u00e4che ist interessant, da dort die Hochspannung-Stromleitung verl\u00e4uft, welche bei Strom\u00fcberschuss angezapft und bei Strommangel wieder eingespeist werden kann.<br>Der Speicher muss \u201enetzdienlich\u201c sein, d.h. eine andere Einspeisem\u00f6glichkeit wie eben beschrieben gibt es nicht.<br>Nat\u00fcrlich blieb nicht unerw\u00e4hnt, dass f\u00fcr die Gemeinde Einnahmen in H\u00f6he von ca. 4000 \u20ac pro Megawatt anfallen. Und auch der B\u00fcrger darf sich beteiligen. Man garantiert 5 % Zinsen bei einer Laufzeit von 10 Jahren. Mindesteinlage sind 1 000 \u20ac.<br>Das Vorhaben liegt laut Fl\u00e4chennutzungsplan auf der Trasse f\u00fcr die Nordumgehung (Anm., anscheinend kommt doch kein Tunnel&#x1f60a;).<\/p>\n\n\n\n<p>Vom Grundsatz her bef\u00fcrwortet man das Projekt, da es auch um unsere Sicherheit bei der Stromversorgung geht, aber nicht dort oben auf dem Berg. So lautete der Beschlussvorschlag andere Standorte zu pr\u00fcfen. Dieser wurde mit 17:0 Stimmen angenommen.<\/p>\n\n\n\n<p>TOP 5: Ebenfalls einstimmig angenommen wurde die Beteiligung am Atemschutzpool f\u00fcr die Feuerwehren im Landkreis Forchheim. Der Landkreis organisiert die Wartung und Bevorratung von Atemschutzger\u00e4ten. Die Vorteile liegen in der Einheitlichkeit (es nutzen alle Feuerwehren im Landkreis das gleiche System), Verf\u00fcgbarkeit (die Ger\u00e4te k\u00f6nnen rund um die Uhr getauscht werden), Kostenersparnis (durch die zentrale Beschaffung und Wartung werden Kosten gespart), Entlastung des Ehrenamtes und Kalkulierbarkeit der Kosten.<\/p>\n\n\n\n<p>Da sich auch die Feuerwehr, als Betroffene, f\u00fcr diese Beteiligung ausgesprochen hat wurde dem Beschluss 12 Atemschutzger\u00e4te (8 x Hausen, 4 x Wimmelbach) zum Preis von j\u00e4hrlich 950 pro Ger\u00e4t mit einer Laufzeit von 12 Jahren gefolgt.<\/p>\n\n\n\n<p>TOP 6: Unter \u201eTagesordnungserg\u00e4nzungen und Anfragen\u201c trugen vor:<\/p>\n\n\n\n<ul class=\"wp-block-list\">\n<li>Koll. Lindner: War verwundert, dass aus der ehemaligen Bushaltestelle in der Friedhofstra\u00dfe nun Parkpl\u00e4tze wurden. Das war das Ziel, hat man ihr erkl\u00e4rt.<\/li>\n<\/ul>\n\n\n\n<p>Ferner erfragte sie, warum es an der Kirchweih keine Karussell-Freikarten f\u00fcr die Kindergartenkinder mehr gibt. Weil diese Freischeine kopiert und eingel\u00f6st wurden, so die Antwort des Bgm.<br>Des Weiteren fragte sie nach dem Ausbleiben der Autoscooter. Die Antwort des Bgm. war, dass er selbst davon \u00fcberrascht war. Angeblich gibt es bei der Schaustellerfamilie kein Personal bzw. aus statischen Gr\u00fcnden.<br>Dann hat sie noch einen wackeligen Stein beim Kinderkirchweihbaumaufstellen erkannt. Dem wird abgeholfen, so der Bgm.<br>Zuletzt wurde von ihr noch der Sachstand zum B\u00fcrgerbegehren abgefragt. Hier wurde vom Bgm. auf den nicht-\u00f6ffentlichen Teil verwiesen.\u00a0<br>Abschlie\u00dfend fragte sie nach, ob die neue Verkehrs\u00fcberwachung aus der Oberpfalz auch den ruhenden Verkehr \u00fcberwacht. Dies wurde vom Bgm. bejaht.<\/p>\n\n\n\n<hr class=\"wp-block-separator has-alpha-channel-opacity\"\/>\n\n\n\n<ul class=\"wp-block-list\">\n<li>Koll. Garcon: Er erkundigte sich nach dem Verbleib unseres Gesch\u00e4ftsantrages bzgl. Transparenz der Rechnungspr\u00fcfung. Bgm. er will erst die Messe Kommunale 2025 abwarten. \u00a0\u00a0\u00a0<\/li>\n<\/ul>\n\n\n\n<p>Sein zweites Anliegen betraf die Besch\u00e4digungen in der Thurner Stra\u00dfe. Der Bgm. verwies auf die M\u00e4ngelliste auf der gemeindlichen Internetseite.\u00a0<br>Als n\u00e4chstes erfragte er den Sachstand zum Rechtstreit mit der Gem. Heroldsbach bzgl. dem Clampingpark. Er habe bisher keine R\u00fcckmeldung erhalten, auch nicht vom beauftragten Rechtsanwalt, so der Bgm.<br>Dann kam von ihm der Vorschlag die Ortsverbindungsstra\u00dfe Hausen-Thurn als Landkreisstra\u00dfe hochstufen zu lassen, vor allem wegen dem Unterhalt. Keine Chance, kam vom Bgm.<\/p>\n\n\n\n<hr class=\"wp-block-separator has-alpha-channel-opacity\"\/>\n\n\n\n<ul class=\"wp-block-list\">\n<li>Koll. Mauser schlug vor eine Kette in der Lohe 5 f\u00fcr eine Fu\u00dfg\u00e4ngerabsicherung zur Fahrbahn zu installieren. Man wird pr\u00fcfen, entgegnete der Bgm.<\/li>\n<\/ul>\n\n\n\n<hr class=\"wp-block-separator has-alpha-channel-opacity\"\/>\n\n\n\n<ul class=\"wp-block-list\">\n<li>Koll. Kemeth fragte nach dem Sachstand zur Stellenbesetzung der Seniorenbeauftragten. Keine Neuigkeiten, wusste der Bgm. zu vermelden. Evtl. organisiert man ein Kaffeetrinken mit den Senioren.<\/li>\n<\/ul>\n\n\n\n<p>Dann wollte er noch wissen, wann man mit der Fertigstellung der Turnhalle rechnen darf. Bgm.: Mittlerweile wird es Ende Februar werden. Am 19. April wird es die erste Veranstaltung geben.<\/p>\n\n\n\n<p>Auch interessierte ihm die Fertigstellung der Radwegbr\u00fccke. Bgm.: Mai 2026.<\/p>\n\n\n\n<ul class=\"wp-block-list\">\n<li>Ich fragte nach dem Ergebnis der arch\u00e4ologischen Ausgrabungen beim Umspannwerk. Bgm.: Wird sich erkundigen.<\/li>\n<\/ul>\n\n\n\n<ul class=\"wp-block-list\">\n<li>\u00a0Koll. Stilkerich bem\u00e4ngelte die schlechte Beleuchtung bei der Bushaltestelle in Wimmelbach. Wird gepr\u00fcft, so der Bgm.<\/li>\n<\/ul>\n\n\n\n<p class=\"has-text-align-left has-cyan-bluish-gray-background-color has-background\">Die Sitzung fand um 20.31 Uhr ihr Ende. Die nicht-\u00f6ffentlichen Sitzung schloss um 22.05 Uhr.<br><br><em>                                                                                                                                GR Georg Brandmeier<\/em><\/p>\n","protected":false},"excerpt":{"rendered":"<p>Bericht zur Bauausschuss- und Gemeinderatssitzung am 21.10.2025 im neuen Rathaus Die der Gemeinderatssitzung um eine Stunde vorgeschaltete Bauausschusssitzung lockten 7 Zuh\u00f6rer in den Sitzungssaal. 4 davon waren aber GR-Mitglieder und <a class=\"more-link\" href=\"https:\/\/uwg-hausen.de\/?p=2815\">Weiterlesen <i class=\"fa fa-chevron-right\"><\/i><\/a><\/p>\n","protected":false},"author":9,"featured_media":2319,"comment_status":"open","ping_status":"open","sticky":false,"template":"","format":"standard","meta":{"_eb_attr":"","footnotes":""},"categories":[259,144],"tags":[272,13,14],"class_list":["post-2815","post","type-post","status-publish","format-standard","has-post-thumbnail","hentry","category-bauausschuss","category-gemeinderatssitzung","tag-272","tag-gemeinderat","tag-sitzung"],"_links":{"self":[{"href":"https:\/\/uwg-hausen.de\/index.php?rest_route=\/wp\/v2\/posts\/2815","targetHints":{"allow":["GET"]}}],"collection":[{"href":"https:\/\/uwg-hausen.de\/index.php?rest_route=\/wp\/v2\/posts"}],"about":[{"href":"https:\/\/uwg-hausen.de\/index.php?rest_route=\/wp\/v2\/types\/post"}],"author":[{"embeddable":true,"href":"https:\/\/uwg-hausen.de\/index.php?rest_route=\/wp\/v2\/users\/9"}],"replies":[{"embeddable":true,"href":"https:\/\/uwg-hausen.de\/index.php?rest_route=%2Fwp%2Fv2%2Fcomments&post=2815"}],"version-history":[{"count":1,"href":"https:\/\/uwg-hausen.de\/index.php?rest_route=\/wp\/v2\/posts\/2815\/revisions"}],"predecessor-version":[{"id":2838,"href":"https:\/\/uwg-hausen.de\/index.php?rest_route=\/wp\/v2\/posts\/2815\/revisions\/2838"}],"wp:featuredmedia":[{"embeddable":true,"href":"https:\/\/uwg-hausen.de\/index.php?rest_route=\/wp\/v2\/media\/2319"}],"wp:attachment":[{"href":"https:\/\/uwg-hausen.de\/index.php?rest_route=%2Fwp%2Fv2%2Fmedia&parent=2815"}],"wp:term":[{"taxonomy":"category","embeddable":true,"href":"https:\/\/uwg-hausen.de\/index.php?rest_route=%2Fwp%2Fv2%2Fcategories&post=2815"},{"taxonomy":"post_tag","embeddable":true,"href":"https:\/\/uwg-hausen.de\/index.php?rest_route=%2Fwp%2Fv2%2Ftags&post=2815"}],"curies":[{"name":"wp","href":"https:\/\/api.w.org\/{rel}","templated":true}]}}