{"id":2686,"date":"2025-10-08T23:39:05","date_gmt":"2025-10-08T21:39:05","guid":{"rendered":"https:\/\/uwg-hausen.de\/?p=2686"},"modified":"2025-10-31T12:15:31","modified_gmt":"2025-10-31T11:15:31","slug":"kerwa-hausen-2026-beim-neuen-gemeindezentrum","status":"publish","type":"post","link":"https:\/\/uwg-hausen.de\/?p=2686","title":{"rendered":"Kerwa Hausen 2026 beim neuen Gemeindezentrum!?"},"content":{"rendered":"\n<p>Beim letzten gro\u00dfen Vereinstreffen der Gemeinde Hausen, wurde die Vision vom ersten B\u00fcrgermeister Bernd Ruppert vorgestellt, dass eine der n\u00e4chste Kerwa beim neuen Gemeindezentrum stattfinden k\u00f6nnte. <br>M\u00f6glicherweise ging es ihm lediglich darum, die Reaktion der anwesenden Vereinsvorst\u00e4nde zu testen. Doch offenbar hat er bei einigen einen wunden Punkt getroffen.<\/p>\n\n\n\n<p>Angesichts der bevorstehenden Kerwa 2025 m\u00f6chten wir diese Vision nun zur Diskussion stellen.<\/p>\n\n\n\n<p class=\"has-text-align-center has-black-color has-luminous-vivid-amber-background-color has-text-color has-background has-link-color has-medium-font-size wp-elements-aeed6b83b98419fde17a1a9ab0cc551d\"><strong><mark style=\"background-color:rgba(0, 0, 0, 0)\" class=\"has-inline-color has-black-color\">Die UWG-Hausen sagt<br><\/mark><\/strong><em><strong>Die Kerwa muss im Dorf bleiben!<\/strong><\/em><\/p>\n\n\n\n<p class=\"has-text-align-center has-black-color has-text-color has-link-color has-medium-font-size wp-elements-d11aa51f5a938103380bd4a82b6f2220\">Sag uns Deine Meinung! <\/p>\n\n\n\n<hr class=\"wp-block-separator has-alpha-channel-opacity\"\/>\n\n\n\n<p class=\"has-text-align-center\">Update: 30.10.2025 \/\/ Redaktion der UWG-Hausen<\/p>\n\n\n\n<hr class=\"wp-block-separator has-alpha-channel-opacity\"\/>\n\n\n\n<p class=\"has-luminous-vivid-amber-background-color has-background\"><br>Wir sind sehr Dankbar f\u00fcr die viele Antworten und Meldungen von Euch zu dem Thema, auf all unseren Kan\u00e4len. Vor allem begr\u00fc\u00dfen es sehr, dass die CSU-Hausen unsere wichtige Kerwa-Frage thematisiert und diese sogar in Ihren aktuellen Flyer mit aufnimmt. <br><strong>Unser Fazit:<\/strong><br><strong><em>Die KERWA ist und bleibt Teil der Dorfgeschichte und ist somit fest mit dem historischen Ortskern verbunden. <\/em><\/strong><\/p>\n\n\n\n<p class=\"has-cyan-bluish-gray-background-color has-background\"><br>Nachtrag der Vorstandschaft:<br>Sorgen bereitet uns, dass urheberrechtlich gesch\u00fctztes Material ungefragt von unserer Instagram-Kanal in politisch fremden Druckerzeugnissen \u00f6ffentlich auftaucht. Als UWG-Hausen \u00fcberlassen wir das Einleiten rechtlichen Schritte dem Urheber\/Ersteller.<\/p>\n\n\n\n<hr class=\"wp-block-separator has-alpha-channel-opacity\"\/>\n\n\n\n<p class=\"has-text-align-center\">Update: 31.10.2025 \/\/ Matthias Pr\u00f6tzsch<\/p>\n\n\n\n<hr class=\"wp-block-separator has-alpha-channel-opacity\"\/>\n\n\n\n<blockquote class=\"wp-block-quote is-layout-flow wp-block-quote-is-layout-flow\">\n<p class=\"has-text-align-center has-luminous-vivid-amber-background-color has-background\">Hallo liebe UWG-Hausen Redaktion, <br>die Sorgen um das Urheberecht sind durchaus begr\u00fcndet. Als Urheber der Grafik hoffe ich jedoch die CSU-Hausen handelt bewusst im Sinne des Zitatrecht\u2018s laut \u00a7 51 UrhG. Leider sind die Grundbedingungen hierf\u00fcr nicht vollst\u00e4ndig erf\u00fcllt. Denn bei \u201eZitieren\u201c besteht die Pflicht die Quelle klar, vollst\u00e4ndig und unverzerrt zu benennen. Nun wird in der Caption, unter dem Bild im Flyer, die UWG angegeben. Es gibt es viele <strong>Unabh\u00e4ngigen W\u00e4hlergemeinschaften, <\/strong>aber nur eine w\u00e4re hier korrekt. Die <strong>UWG-Hausen<\/strong>!<br>Liebe CSU-Hausen, ich bitte darum das Eure politischen Statements in Zukunft auch in kleinen Details genauer verfasst werden und weniger nachl\u00e4ssig mit Text und Wort umgegangen wird.<br>Im Grund bin ich jedoch dankbar, dass dieses Thema und das dahinterliegende Ger\u00fccht endlich auch von Euch beantwortet wird.<br>Nun fehlt meiner Meinung nach eigentlich nur noch ein klares Bekenntnis von unserem 1. B\u00fcrgermeister zur Zukunft der Kerwa in der Dorfmitte.<br><br>Statement: Matthias Pr\u00f6tzsch<br>2. Vorstand UWG-Hausen, verantwortliche Grafiker und SoMe-Moderator<\/p>\n<\/blockquote>\n","protected":false},"excerpt":{"rendered":"<p>Beim letzten gro\u00dfen Vereinstreffen der Gemeinde Hausen, wurde die Vision vom ersten B\u00fcrgermeister Bernd Ruppert vorgestellt, dass eine der n\u00e4chste Kerwa beim neuen Gemeindezentrum stattfinden k\u00f6nnte. M\u00f6glicherweise ging es ihm <a class=\"more-link\" href=\"https:\/\/uwg-hausen.de\/?p=2686\">Weiterlesen <i class=\"fa fa-chevron-right\"><\/i><\/a><\/p>\n","protected":false},"author":3,"featured_media":2707,"comment_status":"open","ping_status":"closed","sticky":false,"template":"","format":"aside","meta":{"_eb_attr":"","footnotes":""},"categories":[266,265,212,9,46,101],"tags":[158,37,26,77],"class_list":["post-2686","post","type-post","status-publish","format-aside","has-post-thumbnail","hentry","category-gemeindezentrum","category-kerwa","category-nachgefragt","category-ortskern","category-uwg","category-uwg-informiert","tag-gemeindezentrum","tag-hausen","tag-kerwa","tag-krone","post_format-post-format-aside"],"_links":{"self":[{"href":"https:\/\/uwg-hausen.de\/index.php?rest_route=\/wp\/v2\/posts\/2686","targetHints":{"allow":["GET"]}}],"collection":[{"href":"https:\/\/uwg-hausen.de\/index.php?rest_route=\/wp\/v2\/posts"}],"about":[{"href":"https:\/\/uwg-hausen.de\/index.php?rest_route=\/wp\/v2\/types\/post"}],"author":[{"embeddable":true,"href":"https:\/\/uwg-hausen.de\/index.php?rest_route=\/wp\/v2\/users\/3"}],"replies":[{"embeddable":true,"href":"https:\/\/uwg-hausen.de\/index.php?rest_route=%2Fwp%2Fv2%2Fcomments&post=2686"}],"version-history":[{"count":16,"href":"https:\/\/uwg-hausen.de\/index.php?rest_route=\/wp\/v2\/posts\/2686\/revisions"}],"predecessor-version":[{"id":2720,"href":"https:\/\/uwg-hausen.de\/index.php?rest_route=\/wp\/v2\/posts\/2686\/revisions\/2720"}],"wp:featuredmedia":[{"embeddable":true,"href":"https:\/\/uwg-hausen.de\/index.php?rest_route=\/wp\/v2\/media\/2707"}],"wp:attachment":[{"href":"https:\/\/uwg-hausen.de\/index.php?rest_route=%2Fwp%2Fv2%2Fmedia&parent=2686"}],"wp:term":[{"taxonomy":"category","embeddable":true,"href":"https:\/\/uwg-hausen.de\/index.php?rest_route=%2Fwp%2Fv2%2Fcategories&post=2686"},{"taxonomy":"post_tag","embeddable":true,"href":"https:\/\/uwg-hausen.de\/index.php?rest_route=%2Fwp%2Fv2%2Ftags&post=2686"}],"curies":[{"name":"wp","href":"https:\/\/api.w.org\/{rel}","templated":true}]}}