{"id":2641,"date":"2025-03-21T14:49:00","date_gmt":"2025-03-21T13:49:00","guid":{"rendered":"https:\/\/uwg-hausen.de\/?p=2641"},"modified":"2026-01-19T23:44:07","modified_gmt":"2026-01-19T22:44:07","slug":"gemeinderatsitzung-maerz-2025","status":"publish","type":"post","link":"https:\/\/uwg-hausen.de\/?p=2641","title":{"rendered":"Gemeinderatsitzung &#8211; M\u00e4rz &#8216;2025"},"content":{"rendered":"\n<h3 class=\"wp-block-heading has-text-align-center\">Bericht zur Gemeinderatssitzung am 10.03.2025<\/h3>\n\n\n\n<h6 class=\"wp-block-heading has-text-align-center\">im B\u00fcrgerhaus<\/h6>\n\n\n\n<hr class=\"wp-block-separator has-alpha-channel-opacity\"\/>\n\n\n\n<h4 class=\"wp-block-heading has-text-align-center\"><strong>Allgemeines und Tagesordnung<\/strong><\/h4>\n\n\n\n<hr class=\"wp-block-separator has-alpha-channel-opacity\"\/>\n\n\n\n<p class=\"has-text-align-center has-cyan-bluish-gray-background-color has-background\">Die Infos zur vorgeschalteten Bauausschusssitzung entnehmen Sie bitte <br>dem folgenden separaten Beitrag<br> <a href=\"https:\/\/uwg-hausen.de\/?p=2639\" data-type=\"link\" data-id=\"https:\/\/uwg-hausen.de\/?p=2639\">Link<\/a><\/p>\n\n\n\n<p><br> Zur um 19.00 Uhr stattfindenden Gemeinderatsitzung blieb die Zuh\u00f6rerzahl konstant. Im Gremium fehlte lediglich Koll. Grimm. Die Tagesordnung und die Genehmigung der Niederschrift gingen einstimmig durch.<\/p>\n\n\n\n<hr class=\"wp-block-separator has-alpha-channel-opacity\"\/>\n\n\n\n<p class=\"has-text-align-center\"><strong>Informationen des B\u00fcrgermeisters<\/strong><\/p>\n\n\n\n<p><strong>TOP 2:<\/strong> Unter \u201eInformation des B\u00fcrgermeisters\u201c thematisierte unser Bgm. noch mal die Verschiebung der Er\u00f6ffnung des Gemeindezentrums und der Sportgastst\u00e4tte. Der urspr\u00fcngliche Termin war eigentlich der Dezember 2024, anschlie\u00dfend der M\u00e4rz 2025. Nun soll es der April 2025 werden.  Die Handwerker sollen die Ursache gesetzt haben. <br><br>Weiter berichtete er von der Unterzeichnung der Vereinbarung mit dem LRA \u00fcber den Zuschuss <br>(288 000 \u20ac) f\u00fcr die neue Radwegbr\u00fccke.  <br><br>Zudem verwies er auf den Termin am 19.03.2025 in Heroldsbach mit der Infoveranstaltung zu Starkregenereignissen.<\/p>\n\n\n\n<hr class=\"wp-block-separator has-alpha-channel-opacity\"\/>\n\n\n\n<p><strong>TOP 3: <\/strong><br>Als Beschl\u00fcsse aus der nicht-\u00f6ffentlichen Sitzung wurden die Vergaben f\u00fcr Putz und Malerarbeiten, sowie Estrich und Fliesenarbeiten f\u00fcr die Nahw\u00e4rme bekanntgegeben.<\/p>\n\n\n\n<hr class=\"wp-block-separator has-alpha-channel-opacity\"\/>\n\n\n\n<p class=\"has-text-align-center has-luminous-vivid-amber-background-color has-background\"><strong>Haushaltsplanung 2025<\/strong><\/p>\n\n\n\n<p><strong>TOP 4:<\/strong> <br>Diese Sitzung stand im Zeichen der Haushaltsplanung 2025. Deshalb mehr umso verwunderlicher, dass keine Presse vor Ort war. Von jeder Pimperlesgemeinde wird berichtet, nur wir sind au\u00dfen vor.<br><br>Die Eckdaten bitte ich der beigef\u00fcgten <a href=\"http:\/\/uwg-hausen.de\/wp-content\/uploads\/2025\/04\/UWG-Hausen_Haushaltsrede-2025.pdf\" data-type=\"link\" data-id=\"http:\/\/uwg-hausen.de\/wp-content\/uploads\/2025\/04\/UWG-Hausen_Haushaltsrede-2025.pdf\">Haushaltsrede<\/a> von Koll. Garcon zu entnehmen. Einige Highlights dennoch: Als Einnahme durch die Geschwindigkeitsmessung hat man 450 000 \u20ac (!) angesetzt (obwohl der feste station\u00e4re Blitzer in Wimmelbach immer noch nicht installiert ist). <br>Dem stehen allerdings 260 000 \u20ac Kosten f\u00fcr die Dienstleistung der Amberger Kommunal\u00fcberwachung gegen\u00fcber.<\/p>\n\n\n\n<p>Die Personalkosten belaufen sich mittlerweile auf 2 700 000 \u20ac. Der Hofstaat kostet eben sein Geld. Zum Vergleich im Jahre 2020 waren es noch 1.826.200 \u20ac f\u00fcrs Personal. Fast 1 Mio. weniger. Die paar Prozentchen Gehaltserh\u00f6hung machen das Kraut auch nicht fett.<\/p>\n\n\n\n<p>Bei der Pro-Kopf-Verschuldung liegen wir bei grob 3 000 \u20ac. Der Gesamtschuldenberg hat die 12 Mio \u20ac erreicht. Man darf sich langsam auf Steuererh\u00f6hungen einstellen.<\/p>\n\n\n\n<p>Eine weitere schlechte Nachricht war, dass wir die Kindergartenpl\u00e4tze nicht mehr voll bekommen, obwohl wir auch von Nachbargemeinden Kinder aufnehmen. Lediglich der Waldkindergarten wird ausgesch\u00f6pft. Auch bei ausgelasteten Kinderg\u00e4rten war es ein Zuschussgesch\u00e4ft f\u00fcr die Gemeinde. Nun denkt man \u00fcber Stundenk\u00fcrzungen bei den Besch\u00e4ftigten nach.<\/p>\n\n\n\n<p class=\"has-text-align-left\">Als Novum muss man es bezeichnen, dass erstmalig ein Haushaltsplan einstimmig genehmigt wurde. Unsere \u00dcberlegung war auch bei unseren Gegenstimmen h\u00e4tte sich der Schuldenberg um keinen Cent verringert. Und es soll auch als Lob f\u00fcr unseren neuen K\u00e4mmerer, Hr. Andexinger, ankommen. Unsere in der Vergangenheit immer vorgetragenen Kritikpunkte \u00fcber die Aufbereitung des Zahlenwerks wurde erstmalig Rechnung getragen.<\/p>\n\n\n\n<p class=\"has-text-align-center has-luminous-vivid-amber-to-luminous-vivid-orange-gradient-background has-background\">&#8211; hier nachlesen &#8211; <br><strong><a href=\"http:\/\/uwg-hausen.de\/wp-content\/uploads\/2025\/04\/UWG-Hausen_Haushaltsrede-2025.pdf\" data-type=\"link\" data-id=\"http:\/\/uwg-hausen.de\/wp-content\/uploads\/2025\/04\/UWG-Hausen_Haushaltsrede-2025.pdf\">Haushaltsrede 2025 &#8211; Author Roland Gar\u00e7on<\/a><\/strong><\/p>\n\n\n\n<hr class=\"wp-block-separator has-alpha-channel-opacity\"\/>\n\n\n\n<p><strong>TOP 5: <\/strong>Eine reine Formsache war die Widmung des Trauzimmers im neuen Gemeindezentrum\/Rathaus. Wir haben zwar in der Gogelscheune auch eins, aber dort kostet es 150 \u20ac Geb\u00fchr, im Rathaus ist es kostenlos. Der TOP fand eine einstimmige Genehmigung.<\/p>\n\n\n\n<hr class=\"wp-block-separator has-alpha-channel-opacity\"\/>\n\n\n\n<p><strong>TOP 6: <\/strong>Hinter der \u00dcberschrift \u201eTeilnahme an der Stromb\u00fcndelausschreibung\u201c ist lediglich die Beauftragung eines Dienstleisters m\u00f6glichst g\u00fcnstigen Strom bei den vielen Anbietern f\u00fcr die gemeindlichen Geb\u00e4ude einzufahren. Die letzte Ausschreibung war eine Pleite, man war mit dem damaligen Anbieter mehr als unzufrieden. Den einstimmigen Zuschlag erhielt die Firma enPORTAL.<\/p>\n\n\n\n<hr class=\"wp-block-separator has-alpha-channel-opacity\"\/>\n\n\n\n<p>TOP 7: Unter \u201eTagesordnungserg\u00e4nzungen und Anfragen\u201c trugen vor:<\/p>\n\n\n\n<ul class=\"wp-block-list\">\n<li><strong>GR Gar\u00e7on:<\/strong> Er ist bekanntlich bei der Integration von im Ort wohnhaften Fl\u00fcchtlingen engagiert. In diesem Zusammenhang wies er auf eine neue Fl\u00fcchtlingsfamilie aus dem Sudan hin. Es handelt sich um eine alleinerziehende Mutter mit 4 Kindern. Die Unterbringung (Heroldsbacher Str. 7) ist das Durchgangszimmer f\u00fcr andere Bewohner. Die neuen Bewohner haben den besonderen Status von UN-Fl\u00fcchtigen. F\u00fcr die Kinder m\u00f6ge sich der gemeindliche Jugendpfleger einbringen. Der Bgm. sagt einer Pr\u00fcfung zu.<br>Sein zweites Anliegen betraf den Radweg Richtung Forchheim. Auf H\u00f6he der ehem. Eisenbahnbr\u00fccke (Flurteil Kemmern) hat sich das Wurzelwerk mittlerweile durch die Asphaltdecke gebohrt und f\u00fcr Unebenheiten und der damit verbundene Sturzgefahr gesorgt. Auch hier versprach der Bgm. Abhilfe.<br><\/li>\n\n\n\n<li><strong>GR Stilkerich:<\/strong> sprach die Toilettensituation im ehemaligen Kindergarten Wimmelbach an. Das Objekt wird ja mittlerweile von Vereinen genutzt, die sanit\u00e4re Ausstattung ist aber auf Kleinkinder ausgerichtet. Man wird pr\u00fcfen, ob noch in dasGeb\u00e4ude investiert wird, so Bgm..<br><\/li>\n\n\n\n<li><strong>GR Stark:<\/strong> riet dem Bgm. mehr Schl\u00fcsselzuweisungen f\u00fcr die Gemeinde auszuhandeln. Vor allem, weil die Landkreisgemeinde f\u00fcr die desolate Forchheim Finanzlage aufkommen m\u00fcssen. Das sei ein aussichtloses Projekt, da auch der Landkreis eine erh\u00f6hte Schl\u00fcsselabgabe an den Bezirk abf\u00fchren muss, so Bgm.<br>Zum Lieblingsthema scheint das Parkverhalten am neuen Skaterpark zu werden. Auch dieses Mal wurde wieder von 3 Falschparkern berichtet (das scheinen immer die gleichen zu sein). Man wird weiter \u00fcberwachen und dementsprechende Ma\u00dfnahmen ergreifen, so Bgm.<br><\/li>\n\n\n\n<li><strong>GR Heilmann:<\/strong> schlug den Gemeinder\u00e4ten eine Flurbegehung vor. Teilweise sind den R\u00e4ten die Gemeindegrenzen unbekannt.<\/li>\n<\/ul>\n\n\n\n<hr class=\"wp-block-separator has-alpha-channel-opacity\"\/>\n\n\n\n<p class=\"has-text-align-right has-cyan-bluish-gray-background-color has-background\">Die Sitzung fand um 20.44 Uhr ihr Ende. Die nicht-\u00f6ffentlichen Sitzung schloss um 21.51 Uhr.<br><em>GR Georg Brandmeier<\/em><\/p>\n\n\n\n<hr class=\"wp-block-separator has-alpha-channel-opacity\"\/>\n\n\n\n<p><\/p>\n","protected":false},"excerpt":{"rendered":"<p>Bericht zur Gemeinderatssitzung am 10.03.2025 im B\u00fcrgerhaus Allgemeines und Tagesordnung Die Infos zur vorgeschalteten Bauausschusssitzung entnehmen Sie bitte dem folgenden separaten Beitrag Link Zur um 19.00 Uhr stattfindenden Gemeinderatsitzung blieb <a class=\"more-link\" href=\"https:\/\/uwg-hausen.de\/?p=2641\">Weiterlesen <i class=\"fa fa-chevron-right\"><\/i><\/a><\/p>\n","protected":false},"author":9,"featured_media":2319,"comment_status":"open","ping_status":"open","sticky":false,"template":"","format":"standard","meta":{"_eb_attr":"","footnotes":""},"categories":[199,144,198,260],"tags":[272,13,14],"class_list":["post-2641","post","type-post","status-publish","format-standard","has-post-thumbnail","hentry","category-finanzen","category-gemeinderatssitzung","category-haushalt","category-skateranlage","tag-272","tag-gemeinderat","tag-sitzung"],"_links":{"self":[{"href":"https:\/\/uwg-hausen.de\/index.php?rest_route=\/wp\/v2\/posts\/2641","targetHints":{"allow":["GET"]}}],"collection":[{"href":"https:\/\/uwg-hausen.de\/index.php?rest_route=\/wp\/v2\/posts"}],"about":[{"href":"https:\/\/uwg-hausen.de\/index.php?rest_route=\/wp\/v2\/types\/post"}],"author":[{"embeddable":true,"href":"https:\/\/uwg-hausen.de\/index.php?rest_route=\/wp\/v2\/users\/9"}],"replies":[{"embeddable":true,"href":"https:\/\/uwg-hausen.de\/index.php?rest_route=%2Fwp%2Fv2%2Fcomments&post=2641"}],"version-history":[{"count":3,"href":"https:\/\/uwg-hausen.de\/index.php?rest_route=\/wp\/v2\/posts\/2641\/revisions"}],"predecessor-version":[{"id":2647,"href":"https:\/\/uwg-hausen.de\/index.php?rest_route=\/wp\/v2\/posts\/2641\/revisions\/2647"}],"wp:featuredmedia":[{"embeddable":true,"href":"https:\/\/uwg-hausen.de\/index.php?rest_route=\/wp\/v2\/media\/2319"}],"wp:attachment":[{"href":"https:\/\/uwg-hausen.de\/index.php?rest_route=%2Fwp%2Fv2%2Fmedia&parent=2641"}],"wp:term":[{"taxonomy":"category","embeddable":true,"href":"https:\/\/uwg-hausen.de\/index.php?rest_route=%2Fwp%2Fv2%2Fcategories&post=2641"},{"taxonomy":"post_tag","embeddable":true,"href":"https:\/\/uwg-hausen.de\/index.php?rest_route=%2Fwp%2Fv2%2Ftags&post=2641"}],"curies":[{"name":"wp","href":"https:\/\/api.w.org\/{rel}","templated":true}]}}