{"id":2639,"date":"2025-03-21T14:29:00","date_gmt":"2025-03-21T13:29:00","guid":{"rendered":"https:\/\/uwg-hausen.de\/?p=2639"},"modified":"2026-01-19T23:43:11","modified_gmt":"2026-01-19T22:43:11","slug":"bauausschuss-maerz2025","status":"publish","type":"post","link":"https:\/\/uwg-hausen.de\/?p=2639","title":{"rendered":"Bauausschuss &#8211; M\u00e4rz&#8217;2025"},"content":{"rendered":"\n<p>Bauausschuss-Sitzung am 10.03.202 im B\u00fcrgerhaus<\/p>\n\n\n\n<hr class=\"wp-block-separator has-alpha-channel-opacity\"\/>\n\n\n\n<h4 class=\"wp-block-heading has-text-align-center\"><strong>Allgemeines und Tagesordnung<\/strong><\/h4>\n\n\n\n<hr class=\"wp-block-separator has-alpha-channel-opacity\"\/>\n\n\n\n<p>Eigentlich sollten die Sitzungen ab M\u00e4rz 2025 wieder im Gemeindezentrum stattfinden, aber die Er\u00f6ffnung verschiebt sich in den April 2025 (vorerst!). Auch die neue Sportgastst\u00e4tte ist nicht fertig geworden. Mittlerweile ist es schon \u201enormal\u201c, dass Termine im Baugewerbe nicht eingehalten werden. Ins Unendliche d\u00fcrfte die Ursachenforschung f\u00fchren.<br>Auch mittlerweile \u201enormal\u201c ist, dass kein Pressevertreter anwesend war. Die NN und der FT haben offensichtlich Hausen\/Wimmlebach von der Landkreiskarte gel\u00f6scht (\u00fcber einen Ladendieb in Bamberg zu berichten ist anscheinend wichtiger). Auch hier wird bei der Ursachenforschung wieder jeder seine eigenen Wahrheiten haben.<br><br>Der Gemeinderatssitzung wurde eine Bauausschusssitzung vorgeschaltet.<br>Die 4 Zuh\u00f6rer wurden in der BA-Sitzung nur kurz unterhalten. Aus der B\u00fcrgerfragestunde kam schon mal kein Beitrag von ihnen. <br>Zur Tagesordnung gab es keine Beanstandungen.<\/p>\n\n\n\n<p><strong>TOP 1:<\/strong> Die Niederschrift wurde einstimmig mit zwei Enthaltungen wegen Abwesenheit angenommen.<\/p>\n\n\n\n<p><strong>TOP 2:<\/strong> Das Baugesuch in Wimmelbach, Holz\u00e4ckerstra\u00dfe, ging einstimmig durch.<\/p>\n\n\n\n<p><strong>TOP 3:<\/strong> Genauso wenig Probleme bereitete das Baugesuch in der Thurner Stra\u00dfe. Es befindet sich in der 2. Reihe und hat eigentlich mit der Thurner Stra\u00dfe nichts zu tun. Aus der Historie gewachsen stammt die Fl\u00e4che aus der ersten Firmenniederlassung von Bau-Winkler. Die \u00e4lteren Semester werden sich noch erinnern. Deswegen geh\u00f6rt das Objekt offiziell zur Thurner Stra\u00dfe, obwohl u.a. die Zufahrt \u00fcber die St. Wolfgangsstra\u00dfe erschlossen ist.<\/p>\n\n\n\n<p><strong>TOP 4:<\/strong> Interessanter wurde es im TOP \u201eTagesordnungserg\u00e4nzungen, Information und Anfragen\u201c.<\/p>\n\n\n\n<p>Bgm. Ruppert berichtete von einer Anfrage der Stadtwerke Forchheim, dass sie f\u00fcr ihr neues Umspannwerk eine Hausnummer brauchen. Die Fl\u00e4che geh\u00f6rt zwar nicht nach Hausen, da wir aber die n\u00e4chstgelegene Ortschaft sind, f\u00e4llt die Vergabe in unser Ressort. Die R\u00e4te zeigten sich hier besonders kreativ. Im Finale standen noch die Bezeichnungen <\/p>\n\n\n\n<ul class=\"wp-block-list has-cyan-bluish-gray-background-color has-background\">\n<li>\u201eZum S\u00e4uweiher 1\u201c und <\/li>\n\n\n\n<li>\u201eAm Umspannwerk 1\u201c zur Auswahl. <\/li>\n<\/ul>\n\n\n\n<p class=\"has-text-align-right\">Letzteres hat (leider) das Rennen gemacht.<\/p>\n\n\n\n<p>Ferner berichtete unser Bgm. schon mal vorab von den geplanten \u00c4nderungen im Baurecht, welches zum 01.10.2025 in Kraft tritt. Die Bearbeitungszeit von Bauantr\u00e4gen wurde auf 2(!) Monate verk\u00fcrzt (vorausgesetzt die Unterlagen sind vollst\u00e4ndig vorhanden). Ansonsten gilt der Bauantrag als genehmigt. Das wird f\u00fcr unser Bauamt ziemlich sportlich werden (pr\u00fcfen, BA-Sitzung, weiterleiten LRA usw.).<\/p>\n\n\n\n<p>Auch wurde im neuen Gesetz an den Stellpl\u00e4tzen geschraubt. Unsere eigene Stellplatzsatzung verliert dann ihre G\u00fcltigkeit, da sie der neuen Rechtslage widerspricht. Neu ist auch, dass ein Dachbodenausbau keiner Genehmigung mehr bedarf. Es besteht lediglich nur noch eine Anzeigenpflicht.<\/p>\n\n\n\n<p>Zum Abschluss habe ich mich nach dem Ergebnis einer Bauvoranfrage erkundigt, welches ein sog. \u201egefangenes Grundst\u00fcck\u201c an den ehem. Bahngleisen darstellt. Laut Bgm. wurde es vom Landratsamt genehmigt.<\/p>\n\n\n\n<p class=\"has-text-align-right has-cyan-bluish-gray-background-color has-background\">Die Sitzung war um 18.42 Uhr beendet.<br><em>GR Georg Brandmeier<\/em><\/p>\n","protected":false},"excerpt":{"rendered":"<p>Bauausschuss-Sitzung am 10.03.202 im B\u00fcrgerhaus Allgemeines und Tagesordnung Eigentlich sollten die Sitzungen ab M\u00e4rz 2025 wieder im Gemeindezentrum stattfinden, aber die Er\u00f6ffnung verschiebt sich in den April 2025 (vorerst!). Auch <a class=\"more-link\" href=\"https:\/\/uwg-hausen.de\/?p=2639\">Weiterlesen <i class=\"fa fa-chevron-right\"><\/i><\/a><\/p>\n","protected":false},"author":9,"featured_media":2319,"comment_status":"open","ping_status":"open","sticky":false,"template":"","format":"standard","meta":{"_eb_attr":"","footnotes":""},"categories":[259],"tags":[272,13,211,77,68,14],"class_list":["post-2639","post","type-post","status-publish","format-standard","has-post-thumbnail","hentry","category-bauausschuss","tag-272","tag-gemeinderat","tag-glasfaserausbau","tag-krone","tag-nahwaermeversorgung","tag-sitzung"],"_links":{"self":[{"href":"https:\/\/uwg-hausen.de\/index.php?rest_route=\/wp\/v2\/posts\/2639","targetHints":{"allow":["GET"]}}],"collection":[{"href":"https:\/\/uwg-hausen.de\/index.php?rest_route=\/wp\/v2\/posts"}],"about":[{"href":"https:\/\/uwg-hausen.de\/index.php?rest_route=\/wp\/v2\/types\/post"}],"author":[{"embeddable":true,"href":"https:\/\/uwg-hausen.de\/index.php?rest_route=\/wp\/v2\/users\/9"}],"replies":[{"embeddable":true,"href":"https:\/\/uwg-hausen.de\/index.php?rest_route=%2Fwp%2Fv2%2Fcomments&post=2639"}],"version-history":[{"count":1,"href":"https:\/\/uwg-hausen.de\/index.php?rest_route=\/wp\/v2\/posts\/2639\/revisions"}],"predecessor-version":[{"id":2640,"href":"https:\/\/uwg-hausen.de\/index.php?rest_route=\/wp\/v2\/posts\/2639\/revisions\/2640"}],"wp:featuredmedia":[{"embeddable":true,"href":"https:\/\/uwg-hausen.de\/index.php?rest_route=\/wp\/v2\/media\/2319"}],"wp:attachment":[{"href":"https:\/\/uwg-hausen.de\/index.php?rest_route=%2Fwp%2Fv2%2Fmedia&parent=2639"}],"wp:term":[{"taxonomy":"category","embeddable":true,"href":"https:\/\/uwg-hausen.de\/index.php?rest_route=%2Fwp%2Fv2%2Fcategories&post=2639"},{"taxonomy":"post_tag","embeddable":true,"href":"https:\/\/uwg-hausen.de\/index.php?rest_route=%2Fwp%2Fv2%2Ftags&post=2639"}],"curies":[{"name":"wp","href":"https:\/\/api.w.org\/{rel}","templated":true}]}}