{"id":2631,"date":"2025-02-08T13:00:52","date_gmt":"2025-02-08T12:00:52","guid":{"rendered":"https:\/\/uwg-hausen.de\/?p=2631"},"modified":"2026-01-19T23:43:48","modified_gmt":"2026-01-19T22:43:48","slug":"gemeinderatsitzung-februar-2025","status":"publish","type":"post","link":"https:\/\/uwg-hausen.de\/?p=2631","title":{"rendered":"Gemeinderatsitzung &#8211; Februar &#8216;2025"},"content":{"rendered":"\n<h3 class=\"wp-block-heading has-text-align-center\">Bericht zur Gemeinderatssitzung am 03.02.2025<\/h3>\n\n\n\n<h6 class=\"wp-block-heading has-text-align-center\">im B\u00fcrgerhaus<\/h6>\n\n\n\n<hr class=\"wp-block-separator has-alpha-channel-opacity\"\/>\n\n\n\n<h4 class=\"wp-block-heading has-text-align-center\"><strong>Allgemeines und Tagesordnung<\/strong><\/h4>\n\n\n\n<hr class=\"wp-block-separator has-alpha-channel-opacity\"\/>\n\n\n\n<p>Nachdem ich der letzten Sitzung im Januar aufgrund von Erkrankung nicht beiwohnen konnte, nun wieder ein Bericht.<\/p>\n\n\n\n<p>Neben den fehlenden GR-Mitgliedern Max und Koll. Grimm, war auch niemand von der Presse vor Ort. Daf\u00fcr waren aber 6 Zuh\u00f6rer am Start. Relativ viel f\u00fcr unsere Sitzungen.<\/p>\n\n\n\n<p>Aus der B\u00fcrgerfragestunde wurde von Anwohnern der Forchheimer Stra\u00dfe die durch die Nahw\u00e4rme-Baustelle entstandenen Verschmutzungen der Geh- und Fahrbahn angeprangert. Die Reinigungsversuche der Gemeinde seien zu oberfl\u00e4chlich (im wahrsten Sinne des Wortes). Bgm. versprach Abhilfe.<\/p>\n\n\n\n<p>Die Tagesordnung wurde einstimmig angenommen.<\/p>\n\n\n\n<p>TOP 1: Die Niederschrift wurde mit 12:0:3 Stimmen genehmigt. Die 3 Enthaltungen resultierten aus Abwesenheit.<\/p>\n\n\n\n<p class=\"has-text-align-center\"><strong>Informationen des B\u00fcrgermeisters<\/strong><\/p>\n\n\n\n<hr class=\"wp-block-separator has-alpha-channel-opacity\"\/>\n\n\n\n<p>TOP 2: Unter \u201eInformationen des B\u00fcrgermeisters\u201c berichtete er:<\/p>\n\n\n\n<ul class=\"wp-block-list\">\n<li>\u00dcber den Stand des Baufortschrittes am Mehrzweckgeb\u00e4ude anhand einer Fotogalerie.<\/li>\n\n\n\n<li>Vom Zuschuss des Landkreises \u00fcber 288 000 \u20ac f\u00fcr die neue Radwegbr\u00fccke.<\/li>\n<\/ul>\n\n\n\n<hr class=\"wp-block-separator has-alpha-channel-opacity\"\/>\n\n\n\n<p><strong>TOP 3: <\/strong>Unter den TOP \u201eBekanntgabe von Beschl\u00fcssen aus der nicht-\u00f6ffentlichen Sitzung\u201c wurden die Asphaltierarbeiten in der Heroldsbacher Stra\u00dfe und der Sportplatzsiedlung bekannt gegeben. Ferner noch die Einschaltung des Wasserwirtschaftsamt und des Landratsamtes bzgl. des \u201eneuen Campingplatzes\u201c hinter dem 3. Sportplatz.\u00a0\u00a0<\/p>\n\n\n\n<hr class=\"wp-block-separator has-alpha-channel-opacity\"\/>\n\n\n\n<p><strong>TOP 4:<\/strong> Dieser TOP beinhaltete die Vorstellung eines Konzeptes zur Nutzung des Hartplatzes am zweiten Sportplatz. Als Referent fungierte Hr. Tobias Eisgrub, Spielertrainer beim SV Buckenhofen und Betreiber mehrerer Fu\u00dfballschulen.<\/p>\n\n\n\n<p>Der Hartplatz wurde als gemeindlicher Tennisplatz angelegt. Seit Jahrzehnten wird er aber nicht mehr genutzt und den Verfall preisgegeben.<\/p>\n\n\n\n<p>Die Idee des Hr. Eisgrub ist eine station\u00e4re Fu\u00dfballschule zu errichten, mit Duschen und Aufenthaltsr\u00e4umen usw. Dazu soll eine geschlossene Halle errichtet werden. Diese soll etwa 6-8 m hoch werden und etwa die Abmessungen des Hartplatzes ausf\u00fcllen. Dazu kommt noch die Gr\u00fcnfl\u00e4che zwischen dem Wimmelbach und dem Hartplatz.<\/p>\n\n\n\n<p>Von rechtlicher Seite d\u00fcrfte es keine Probleme geben, da Sportst\u00e4tten vom Baurecht ausgenommen sind, so Bgm. Ruppert. Lediglich wegen der \u00dcberschwemmungsfl\u00e4che bedarf es einer technischen L\u00f6sung.<br>Inwieweit Hr. Eisgrub die millionenschwere Investition stemmen kann, werden seine Kopfschmerzen sein. Von Seiten des Gemeinderats wurde der Vorschlag begr\u00fc\u00dft. Es wurde sogar angedacht an Stelle der Pacht in Geld lieber Freistunden der Soccerhalle f\u00fcr Schule, Sportverein o.\u00e4. einzul\u00f6sen.<\/p>\n\n\n\n<p>Wer eine weitere Idee zur sinnvollen Nutzung des Hartplatzes oder eine andere gemeindliche Liegenschaft hat, kann sich jederzeit an uns wenden.<\/p>\n\n\n\n<hr class=\"wp-block-separator has-alpha-channel-opacity\"\/>\n\n\n\n<p><strong>TOP 5: <\/strong>Unter \u201eTagesordnungserg\u00e4nzungen und Anfragen\u201c trugen vor:<\/p>\n\n\n\n<p><\/p>\n\n\n\n<ul class=\"wp-block-list\">\n<li><strong>GR Kemeth<\/strong>: Herbert erkannte bei der Rohrverlegung f\u00fcr das Nahw\u00e4rmeprojekt \u201echaotische\u201c Umst\u00e4nde. Man habe an einer Ecke die Stra\u00dfe aufgerissen und dann unverrichtender Dinge an einer anderen weitergemacht. Bgm. r\u00e4umte Schwierigkeiten mit der bauausf\u00fchrenden Firma ein.<\/li>\n\n\n\n<li><strong>GR Gar\u00e7on:<\/strong>: Er hinterfragte die Reaktion der Gemeinde Heroldsbach aufgrund unserer Stellungnahme zu deren Fl\u00e4chennutzungsplan\u00e4nderung. Bgm. Ruppert hat diesbez\u00fcglich am Freitag einen Termin in Heroldsbach.\u00a0\n<ul class=\"wp-block-list\">\n<li>Ferner erinnerte er noch daran die alten Haushaltsvorschl\u00e4ge, welche noch nicht umgesetzt wurden, wieder aufzugreifen.<\/li>\n<\/ul>\n<\/li>\n\n\n\n<li><strong>GR Lindner:<\/strong> erkundigte sich, wann der station\u00e4re Blitzer in Wimmelbach endlich aufgestellt wird. Am Donnerstag finden Gespr\u00e4che mit den ausf\u00fchrenden Firmen statt, so Bgm. Er betonte noch mal, dass diese Ma\u00dfnahme der Erh\u00f6hung der Verkehrssicherheit dient und nicht als Abzocke wahrgenommen werden soll (Anm. da werden die Meinungen auseinandergehen).\n<ul class=\"wp-block-list\">\n<li>Wohl noch unter dem Eindruck des schweren t\u00f6dlichen Verkehrsunfalles in der Heroldsbacher Stra\u00dfe machte sie den Vorschlag auch dort eine feste Geschwindigkeitsmessung zu installieren.<\/li>\n<\/ul>\n<\/li>\n\n\n\n<li><strong>GR Kraus:<\/strong>Gerlinde trug eine bei ihr eingegangenen Beschwerde \u00fcber massenhaftes Falschparken am vergangen Sonntag an der Skateranlage vor. 2. Bgm. G\u00f6\u00dfwein entgegnete nur 3 Falschparker festgestellt zu haben.<\/li>\n<\/ul>\n\n\n\n<hr class=\"wp-block-separator has-alpha-channel-opacity\"\/>\n\n\n\n<p class=\"has-text-align-right has-cyan-bluish-gray-background-color has-background\">Die \u00f6ffentlichen Sitzung schloss um 20:32 Uhr, die nicht-\u00f6ffentlichen Sitzung um 21:49 Uhr. <br><em>GR Georg Brandmeier<\/em><\/p>\n\n\n\n<hr class=\"wp-block-separator has-alpha-channel-opacity\"\/>\n\n\n\n<p><\/p>\n","protected":false},"excerpt":{"rendered":"<p>Bericht zur Gemeinderatssitzung am 03.02.2025 im B\u00fcrgerhaus Allgemeines und Tagesordnung Nachdem ich der letzten Sitzung im Januar aufgrund von Erkrankung nicht beiwohnen konnte, nun wieder ein Bericht. Neben den fehlenden <a class=\"more-link\" href=\"https:\/\/uwg-hausen.de\/?p=2631\">Weiterlesen <i class=\"fa fa-chevron-right\"><\/i><\/a><\/p>\n","protected":false},"author":9,"featured_media":2319,"comment_status":"open","ping_status":"open","sticky":false,"template":"","format":"standard","meta":{"_eb_attr":"","footnotes":""},"categories":[199,144,21],"tags":[13,39,258,14],"class_list":["post-2631","post","type-post","status-publish","format-standard","has-post-thumbnail","hentry","category-finanzen","category-gemeinderatssitzung","category-unwetter","tag-gemeinderat","tag-hochwasser","tag-rechnungspruefungsausschuss","tag-sitzung"],"_links":{"self":[{"href":"https:\/\/uwg-hausen.de\/index.php?rest_route=\/wp\/v2\/posts\/2631","targetHints":{"allow":["GET"]}}],"collection":[{"href":"https:\/\/uwg-hausen.de\/index.php?rest_route=\/wp\/v2\/posts"}],"about":[{"href":"https:\/\/uwg-hausen.de\/index.php?rest_route=\/wp\/v2\/types\/post"}],"author":[{"embeddable":true,"href":"https:\/\/uwg-hausen.de\/index.php?rest_route=\/wp\/v2\/users\/9"}],"replies":[{"embeddable":true,"href":"https:\/\/uwg-hausen.de\/index.php?rest_route=%2Fwp%2Fv2%2Fcomments&post=2631"}],"version-history":[{"count":1,"href":"https:\/\/uwg-hausen.de\/index.php?rest_route=\/wp\/v2\/posts\/2631\/revisions"}],"predecessor-version":[{"id":2935,"href":"https:\/\/uwg-hausen.de\/index.php?rest_route=\/wp\/v2\/posts\/2631\/revisions\/2935"}],"wp:featuredmedia":[{"embeddable":true,"href":"https:\/\/uwg-hausen.de\/index.php?rest_route=\/wp\/v2\/media\/2319"}],"wp:attachment":[{"href":"https:\/\/uwg-hausen.de\/index.php?rest_route=%2Fwp%2Fv2%2Fmedia&parent=2631"}],"wp:term":[{"taxonomy":"category","embeddable":true,"href":"https:\/\/uwg-hausen.de\/index.php?rest_route=%2Fwp%2Fv2%2Fcategories&post=2631"},{"taxonomy":"post_tag","embeddable":true,"href":"https:\/\/uwg-hausen.de\/index.php?rest_route=%2Fwp%2Fv2%2Ftags&post=2631"}],"curies":[{"name":"wp","href":"https:\/\/api.w.org\/{rel}","templated":true}]}}