{"id":2628,"date":"2024-12-08T12:23:00","date_gmt":"2024-12-08T11:23:00","guid":{"rendered":"https:\/\/uwg-hausen.de\/?p=2628"},"modified":"2025-02-08T12:51:14","modified_gmt":"2025-02-08T11:51:14","slug":"gemeinderatsitzung-dezember-2024","status":"publish","type":"post","link":"https:\/\/uwg-hausen.de\/?p=2628","title":{"rendered":"Gemeinderatsitzung &#8211; Dezember &#8216;2024"},"content":{"rendered":"\n<h3 class=\"wp-block-heading has-text-align-center\">Bericht zur Gemeinderatssitzung am 02.12.2024<\/h3>\n\n\n\n<h6 class=\"wp-block-heading has-text-align-center\">im B\u00fcrgerhaus<\/h6>\n\n\n\n<hr class=\"wp-block-separator has-alpha-channel-opacity\"\/>\n\n\n\n<h4 class=\"wp-block-heading has-text-align-center\"><strong>Allgemeines und Tagesordnung<\/strong><\/h4>\n\n\n\n<hr class=\"wp-block-separator has-alpha-channel-opacity\"\/>\n\n\n\n<p>Die letzte Sitzung im Jahr 2024 verfolgten 5 Zuh\u00f6rer, darunter die Rektorin unserer Grundschule, Frau Miriam Suemmerer. Vom Gremium fehlten Koll. Grimm und Stilkerich. Koll. Dr. Mauser kam ein wenig versp\u00e4tet.<\/p>\n\n\n\n<p>Die Presse interessierte sich wiederholt nicht f\u00fcr unsere Sitzungen. Auch auf eine Protokollf\u00fchrerin konnte man verzichten. Es gab auch nicht viel zu beschlie\u00dfen. Aus der B\u00fcrgerfragestunde kam kein Beitrag. Die Tagesordnung wurde einstimmig angenommen.<\/p>\n\n\n\n<p><strong>TOP 1: <\/strong>Die Niederschrift wurde mit 14:0 Stimmen genehmigt.<\/p>\n\n\n\n<p class=\"has-text-align-center\"><strong>Informationen des B\u00fcrgermeisters<\/strong><\/p>\n\n\n\n<hr class=\"wp-block-separator has-alpha-channel-opacity\"\/>\n\n\n\n<p>TOP 2: Unter \u201eInformationen des B\u00fcrgermeisters\u201c berichtete er:<\/p>\n\n\n\n<ul class=\"wp-block-list\">\n<li>Die lange Suche nach einem neuen Kommandanten f\u00fcr die FFW Wimmelbach hat nun Fr\u00fcchte getragen. Am 12.01.2025 stellt er sich zur Wahl.<\/li>\n\n\n\n<li>Beim neuen Gemeindezentrum befindet sich die Bauphase 1 im Endspurt.<\/li>\n\n\n\n<li>An der neuen Regnitzbr\u00fccke wurden die Bohrpf\u00e4hle f\u00fcr die Widerlager gesetzt. Anhand einer Videoanimation konnte man den (theoretischen) weiteren Fortgang verfolgen.<\/li>\n\n\n\n<li>In Sachen Sanierung Krone wurde von ihm bem\u00e4ngelt, dass keine Vorschl\u00e4ge zur kosteng\u00fcnstigeren Saalsanierung kamen. So steht der Abriss des Saales wieder im Raum.<\/li>\n\n\n\n<li>An der H\u00e4usner Grundschule wurde ein F\u00f6rderverein gegr\u00fcndet. Aufnahmeantrag im Anhang.<\/li>\n\n\n\n<li>F\u00fcr die Umstellung unserer Sirenen auf digitalen Betrieb sind die F\u00f6rdergelder eingetroffen. Von den Gesamtkosten mit 38 000 \u20ac wurden 31 000 \u20ac \u00fcber die F\u00f6rderung abgewickelt.<\/li>\n<\/ul>\n\n\n\n<hr class=\"wp-block-separator has-alpha-channel-opacity\"\/>\n\n\n\n<p><strong>TOP 3: <\/strong>Unter den TOP \u201eBekanntgabe von Beschl\u00fcssen aus der nicht-\u00f6ffentlichen Sitzung\u201c wurde auch dieses Mal wieder die Vergaben f\u00fcr das Gemeinde- und Mehrzweckzentrum bekannt gegeben.<\/p>\n\n\n\n<hr class=\"wp-block-separator has-alpha-channel-opacity\"\/>\n\n\n\n<p><strong>TOP 4:<\/strong> Als Ausfluss zu unserem Antrag bzgl. Hochwasserschutz wurden die ersten Ma\u00dfnahmen vorgetragen.  <\/p>\n\n\n\n<p>Die Ma\u00dfnahmen sind:<\/p>\n\n\n\n<ul class=\"wp-block-list\">\n<li>Es wurden in der Dorfstra\u00dfe in Wimmelbach neue Abflussrohre verlegt.<\/li>\n\n\n\n<li>In den Staatsforsten wurde in Zusammenarbeit mit unserem neuen F\u00f6rster, Herr Alexander Schmitt, ein ehem. Weiher neu angelegt, um das Regenwasser aufzufangen.<\/li>\n\n\n\n<li>In Zusammenarbeit mit dem Wasserwirtschaftsamt werden am Hirtenbach Pegelmessger\u00e4te installiert. Der erste auf H\u00f6he des letzten Sportplatzes, der zweite beim Br\u00fcnnla und Wimmelbach bekommt auch 2 St\u00fcck (jeweils am Ortseingang und Ortsende). Mit den Messdaten (Menge, Dauer, woher Wimmel- oder Hirtenbach) sollen dann entsprechende (Bau-) Ma\u00dfnahmen eingeleitet werden. Nat\u00fcrlich dienen sie auch als Fr\u00fchwarnsystem.<\/li>\n<\/ul>\n\n\n\n<hr class=\"wp-block-separator has-alpha-channel-opacity\"\/>\n\n\n\n<p class=\"has-text-align-center has-luminous-vivid-amber-background-color has-background\"><strong>Karte<\/strong><\/p>\n\n\n\n<p>Als Grundlage wurde auch folgendes Kartenmaterial \u00fcber die Entstehung bzw. Zuf\u00fchrung des Wassers ins Hirtenbachtal pr\u00e4sentiert. Gelbe Markierung zeigen geringen Zulauf, rote h\u00f6heren und blau die \u00dcberschwemmungsgebiete.<\/p>\n\n\n<div class=\"wp-block-image\">\n<figure class=\"aligncenter size-large\"><img fetchpriority=\"high\" decoding=\"async\" width=\"1024\" height=\"745\" src=\"http:\/\/uwg-hausen.de\/wp-content\/uploads\/2025\/02\/Karte_GRSitzungDez2024-1024x745.jpg\" alt=\"\" class=\"wp-image-2629\" srcset=\"https:\/\/uwg-hausen.de\/wp-content\/uploads\/2025\/02\/Karte_GRSitzungDez2024-1024x745.jpg 1024w, https:\/\/uwg-hausen.de\/wp-content\/uploads\/2025\/02\/Karte_GRSitzungDez2024-300x218.jpg 300w, https:\/\/uwg-hausen.de\/wp-content\/uploads\/2025\/02\/Karte_GRSitzungDez2024-768x558.jpg 768w, https:\/\/uwg-hausen.de\/wp-content\/uploads\/2025\/02\/Karte_GRSitzungDez2024-1536x1117.jpg 1536w, https:\/\/uwg-hausen.de\/wp-content\/uploads\/2025\/02\/Karte_GRSitzungDez2024.jpg 1755w\" sizes=\"(max-width: 1024px) 100vw, 1024px\" \/><figcaption class=\"wp-element-caption\">Basiskarte f\u00fcr Hochwasserschutz &#8211; Stand Dez.2024<\/figcaption><\/figure>\n<\/div>\n\n\n<hr class=\"wp-block-separator has-alpha-channel-opacity\"\/>\n\n\n\n<p><strong>TOP 5: <\/strong><a>Unter \u201eTagesordnungserg\u00e4nzungen und Anfragen\u201c trugen vor:<\/a><\/p>\n\n\n\n<ul class=\"wp-block-list\">\n<li><strong>GR Gar\u00e7on:<\/strong> \n<ul class=\"wp-block-list\">\n<li>Er sprach die negativen Presseberichte \u00fcber Hausen von Heroldsbach gesteuert an. Siehe Anhang. Auch Bgm. best\u00e4tigte, dass derzeit Funkstille zu unserer Nachbargemeinde besteht.<\/li>\n\n\n\n<li>Sein zweites Anliegen war, dass gerade beim Thema Hochwasserschutz bzw. Starkregenereignissen eine Zusammenarbeit mit Heroldsbach \u00e4u\u00dferst wichtig sei. Auch hier entgegnete Bgm., dass Heroldsbach nicht bei unserem Projekt mit den Pegelmessger\u00e4ten mitmachen wird. Man setzt dort mehr auf eine \u201ePapierlage\u201c.<\/li>\n\n\n\n<li>In seinem dritten Anliegen sprach er den Kostenauflauf zu den Projekten Gemeindezentrum und Nahw\u00e4rme an (Kosten gem. Planung gg\u00fc. den echten Kosten). Er erhielt vom Bgm. eine Absage.<\/li>\n\n\n\n<li>Besonders befremdet f\u00fcr uns B\u00fcrger war sein viertes Anliegen: <\/li>\n<\/ul>\n<\/li>\n<\/ul>\n\n\n\n<p class=\"has-text-align-left has-luminous-vivid-amber-background-color has-background\"><strong>Es fand dieses Jahr noch keine einzige Sitzung des Rechnungspr\u00fcfungsausschusses (RPA) statt!<\/strong><br>Der RPA ist das Kotrollgremium \u00fcber die Ausgaben der Gemeindeverwaltung). <\/p>\n\n\n\n<p>Man sah keinen Handlungsbedarf, so RPA-Vorsitzende Steinbrenner. Als Roland noch Vorsitzender war, war fast jedem Monat eine Sitzung. Man kann sein Amt so oder so begleiten.<\/p>\n\n\n\n<ul class=\"wp-block-list\">\n<li><strong>GR Schmit:<\/strong>\n<ul class=\"wp-block-list\">\n<li>Er erkundigte sich \u00fcber die Asphaltierung in der Heroldsbacher Stra\u00dfe. Es ist in der Tat nicht die finale Schicht, so der Bgm., und eine Abschlusspr\u00fcfung bzw. Abnahme wird auch erfolgen.<\/li>\n\n\n\n<li>Dann war seiner Ansicht nach der neue Zaun am Nahw\u00e4rmeprojekt zu nah an den alten Eichen. Man wird pr\u00fcfen, so Bgm.<\/li>\n\n\n\n<li>Und zuletzt erfragte er noch den Sachstand zur Krone. Bgm. meinte die Mehrheit der Vereine wolle den Abriss des Saales. Und wenn von den Saalbef\u00fcrwortern nichts kommt, wird auch so entschieden werden.<\/li>\n<\/ul>\n<\/li>\n\n\n\n<li><strong>GR Kemeth:<\/strong> berichtete von einer Infoveranstaltung des B\u00fcrgerforums, dass dort laut einer Aussage eines Mitteilers, der Abriss der alten Schule mit Kindergarten beschlossene Sache sei. \u201eEine glatte L\u00fcge\u201c, so 2. Bgm. G\u00f6\u00dfwein, \u201edas wurde nie gesagt\u201c.<\/li>\n<\/ul>\n\n\n\n<ul class=\"wp-block-list\">\n<li><strong>GR Kraus:<\/strong> \n<ul class=\"wp-block-list\">\n<li>erkundigte sich nach der Beliebtheit der Hausen App. Laut Bgm. sind es 2800 Downloads. \u00a0<\/li>\n\n\n\n<li>Ferner wollte sie wissen, ob es m\u00f6glich sei bzgl. der Nahw\u00e4rme ein Leerrohr f\u00fcr zuk\u00fcnftige Hausanschl\u00fcsse zu installieren. Gibt es nicht, so Bgm.<\/li>\n\n\n\n<li>Ihre letzte Anfrage betraf den Streuobstpakt, welche auch f\u00fcr Vereine gilt. Das m\u00fcssen die Vereine selbst erledigen. Die Gemeinde kommt j\u00e4hrlich den Obstbaumgenuss nach, so Bgm.<\/li>\n<\/ul>\n<\/li>\n\n\n\n<li><strong>GR Lindner:<\/strong> erfragte den Sachstand zur Baumpflanzaktion auf den Spielpl\u00e4tzen. Bgm. verwies auf die letzte Bauausschuss-Sitzung, in der Martin von der Baumspende f\u00fcr den Spielplatz S\u00fcdstra\u00dfe berichtete.<\/li>\n\n\n\n<li><\/li>\n<\/ul>\n\n\n\n<hr class=\"wp-block-separator has-alpha-channel-opacity\"\/>\n\n\n\n<p class=\"has-text-align-right has-cyan-bluish-gray-background-color has-background\">Die nicht-\u00f6ffentlichen Sitzung schloss um 21.02 Uhr, die nicht-\u00f6ffentlichen Sitzung um 21.02 Uhr. <br><em>GR Georg Brandmeier<\/em><\/p>\n\n\n\n<hr class=\"wp-block-separator has-alpha-channel-opacity\"\/>\n\n\n\n<p><\/p>\n","protected":false},"excerpt":{"rendered":"<p>Bericht zur Gemeinderatssitzung am 02.12.2024 im B\u00fcrgerhaus Allgemeines und Tagesordnung Die letzte Sitzung im Jahr 2024 verfolgten 5 Zuh\u00f6rer, darunter die Rektorin unserer Grundschule, Frau Miriam Suemmerer. Vom Gremium fehlten <a class=\"more-link\" href=\"https:\/\/uwg-hausen.de\/?p=2628\">Weiterlesen <i class=\"fa fa-chevron-right\"><\/i><\/a><\/p>\n","protected":false},"author":9,"featured_media":2319,"comment_status":"open","ping_status":"open","sticky":false,"template":"","format":"standard","meta":{"_eb_attr":"","footnotes":""},"categories":[199,144,241,21],"tags":[13,39,258,14],"class_list":["post-2628","post","type-post","status-publish","format-standard","has-post-thumbnail","hentry","category-finanzen","category-gemeinderatssitzung","category-gemeinderatssitzung-2024","category-unwetter","tag-gemeinderat","tag-hochwasser","tag-rechnungspruefungsausschuss","tag-sitzung"],"_links":{"self":[{"href":"https:\/\/uwg-hausen.de\/index.php?rest_route=\/wp\/v2\/posts\/2628","targetHints":{"allow":["GET"]}}],"collection":[{"href":"https:\/\/uwg-hausen.de\/index.php?rest_route=\/wp\/v2\/posts"}],"about":[{"href":"https:\/\/uwg-hausen.de\/index.php?rest_route=\/wp\/v2\/types\/post"}],"author":[{"embeddable":true,"href":"https:\/\/uwg-hausen.de\/index.php?rest_route=\/wp\/v2\/users\/9"}],"replies":[{"embeddable":true,"href":"https:\/\/uwg-hausen.de\/index.php?rest_route=%2Fwp%2Fv2%2Fcomments&post=2628"}],"version-history":[{"count":1,"href":"https:\/\/uwg-hausen.de\/index.php?rest_route=\/wp\/v2\/posts\/2628\/revisions"}],"predecessor-version":[{"id":2630,"href":"https:\/\/uwg-hausen.de\/index.php?rest_route=\/wp\/v2\/posts\/2628\/revisions\/2630"}],"wp:featuredmedia":[{"embeddable":true,"href":"https:\/\/uwg-hausen.de\/index.php?rest_route=\/wp\/v2\/media\/2319"}],"wp:attachment":[{"href":"https:\/\/uwg-hausen.de\/index.php?rest_route=%2Fwp%2Fv2%2Fmedia&parent=2628"}],"wp:term":[{"taxonomy":"category","embeddable":true,"href":"https:\/\/uwg-hausen.de\/index.php?rest_route=%2Fwp%2Fv2%2Fcategories&post=2628"},{"taxonomy":"post_tag","embeddable":true,"href":"https:\/\/uwg-hausen.de\/index.php?rest_route=%2Fwp%2Fv2%2Ftags&post=2628"}],"curies":[{"name":"wp","href":"https:\/\/api.w.org\/{rel}","templated":true}]}}