{"id":2622,"date":"2024-10-24T10:29:41","date_gmt":"2024-10-24T08:29:41","guid":{"rendered":"https:\/\/uwg-hausen.de\/?p=2622"},"modified":"2024-11-24T10:47:48","modified_gmt":"2024-11-24T09:47:48","slug":"bauausschuss-oktober2024","status":"publish","type":"post","link":"https:\/\/uwg-hausen.de\/?p=2622","title":{"rendered":"Gemeinderatsitzung &#8211; Oktober&#8217;2024"},"content":{"rendered":"\n<h3 class=\"wp-block-heading\">Bericht zur Gemeinderatssitzung\u00a0am 16.10.2024 im Schulungsraum der FFW Hausen<\/h3>\n\n\n\n<hr class=\"wp-block-separator has-alpha-channel-opacity\"\/>\n\n\n\n<h4 class=\"wp-block-heading has-text-align-center\"><strong>Allgemeines und Tagesordnung<\/strong><\/h4>\n\n\n\n<hr class=\"wp-block-separator has-alpha-channel-opacity\"\/>\n\n\n\n<p>Auch f\u00fcr diese Sitzung musste auf eine ungew\u00f6hnliche \u00d6rtlichkeit ausgewichen werden,<\/p>\n\n\n\n<p>da die anderen S\u00e4le alle besetzt waren. Dies war aber nicht der Grund, weshalb die Sitzung mit Versp\u00e4tung begann. Um 19.00 Uhr waren erst 8 R\u00e4te anwesend. Somit waren die n\u00f6tigen 50 % noch nicht erreicht. Kurz nach 19.00 Uhr waren aber dann insgesamt 10 Personen anwesend.<\/p>\n\n\n\n<p>Entschuldigt fehlten unser Herbert, Gerlinde, 2. Bgm. G\u00f6\u00dfwein, Koll. Stilkerich, Koll. Grimm, Koll. Kupfer. Koll. Stadter war durch einen Feuerwehreinsatz verhindert, kam aber sp\u00e4ter nach.<\/p>\n\n\n\n<p>Neben Hr. Hitschfel von der Presse verfolgten noch 3 Zuh\u00f6rer die Sitzung. Von diesen kam kein Anliegen in die B\u00fcrgerfragestunde.<\/p>\n\n\n\n<p>Die Tagesordnung wurde einstimmig angenommen.<br><\/p>\n\n\n\n<p><strong>TOP 1:<\/strong> Die Niederschrift wurde mit 9:0:1 Stimmen genehmigt. Die eine Enthaltung ergaben sich wegen Abwesenheit.<\/p>\n\n\n\n<p><strong>TOP 2:<\/strong> Unter \u201eInformationen des B\u00fcrgermeisters\u201c berichtete er:<\/p>\n\n\n\n<ul class=\"wp-block-list\">\n<li>Nahw\u00e4rme. Die Arbeiten f\u00fcr die Rohrleitungsverlegung ist, wie berichtet, bereits in der Hoschetsiedlung gestartet und soll diese Woche fertig gestellt werden. Danach geht es in der Sportplatzsiedlung weiter. Anschlie\u00dfend folgt die Schlesier- und Kaimstra\u00dfe. Die Anwohner werden mit Handwurfzettel vorinformiert. Ein gr\u00f6\u00dferer Brocken, sprich Verkehrshindernis, werden die Arbeiten in der Heroldsbacher Stra\u00dfe ausl\u00f6sen. \u00dcbern\u00e4chster Woche sollen dort (wahrscheinlich) die Arbeiten beginnen.<\/li>\n\n\n\n<li>Mehrzweckzentrum. Hier wurde \u00fcber die fertig gestellten Arbeiten informiert (Asphaltierung, Terrassenplatten-Verlegung, Rohinstallation, PV-Anlage auf Hallendach).<\/li>\n<\/ul>\n\n\n\n<p><strong>TOP 3:<\/strong> Unter den TOP \u201eBekanntgabe von Beschl\u00fcssen aus der nicht-\u00f6ffentlichen Sitzung\u201c wurde die KfW-Darlehensaufnahme von 2 844 000 \u20ac zu 1,94 % Zinsen f\u00fcr das Projekt \u201eIKK \u2013 Nachhaltige Mobilit\u00e4t\u201c mitgeteilt. Hinter dieser hochtrabenden Bezeichnung verbirgt sich ganz simpel die neue Regnitzradbr\u00fccke.<\/p>\n\n\n\n<p><strong>TOP 4:<\/strong> Unter dem TOP war der Rechenschaftsbericht f\u00fcr das Jahr 2022 zu behandeln. In diesem Zahlenwerk, etwa in der Gr\u00f6\u00dfe des guten alten Quelle-Katalog, sind alle Geldbewegungen der Gemeinde festgehalten. Und dient nur der Kenntnisnahme. Selbst unser \u201eZahlengott\u201c Roland war \u00fcber die zeitnahe Vorlage erfreut. Dieser Rechenschaftsbericht hat den Sinn die B\u00fcrger \u00fcber die T\u00e4tigkeiten und Entscheidungen der Gemeindeverwaltung zu informieren (Transparenz). Ferner zeigt der Bericht, wie \u00f6ffentliche Mittel verwendet wurden und welche Erfolge oder Herausforderungen es gab. Im \u00dcbrigen sind die Gemeinder\u00e4te und Verwaltung den B\u00fcrgern gegen\u00fcber verantwortlich (Rechenschaftspflicht). Und die B\u00fcrger k\u00f6nnen durch den Bericht besser nachvollziehen, wie ihre Anliegen behandelt werden (Beteiligung). Der Bericht dient auch als Grundlage f\u00fcr zuk\u00fcnftige Planungen und Entscheidungen und dokumentiert die Entwicklung und Ver\u00e4nderung in der Gemeinde f\u00fcr einen bestimmten Zeitraum.      <br>Wer das Teil einsehen m\u00f6chte, darf sich bei mir melden.<\/p>\n\n\n\n<p><strong>TOP 5:<\/strong> befasste sich mit der Einf\u00fchrung von Stellenbewertungen der Gemeindebesch\u00e4ftigten (ohne Kindergarten). Dies hat den Sinn eine Beschreibung des Arbeitskreises zu dokumentieren mit dem Hintergrund z.B. den\/die Mitarbeiter\/in f\u00fcr gleichwertige Arbeit angemessen zu entlohnen. Eine Heruntergruppierung ist nicht m\u00f6glich. Die Stellenbewertung durchzuf\u00fchren beruht auf einen Beschluss vom 01.10.2022. Nun soll das Projekt angegangen werden. Die Kostensch\u00e4tzung bewegt sich zwischen 5 000 \u20ac und 10 000 \u20ac. Der Vorschlag ging einstimmig mit 11:0 Stimmen durch. Wird aber erst im neuen Jahr umgesetzt werden k\u00f6nnen.<\/p>\n\n\n\n<p>TOP 6: Unter \u201eTagesordnungserg\u00e4nzungen und Anfragen\u201c trugen vor:<\/p>\n\n\n\n<ul class=\"wp-block-list\">\n<li>Roland: Er vermisst noch Antworten aus seinem Fragenkatalog zur Nahw\u00e4rme. Des weiteren erinnerte er an den gesetzlichen Termin zum 01.01.2025 die Grundsteuerreform durchzusetzen. Vermutlich in der November-Sitzung, so der Bgm. (Anm. von mir: Angesichts der bekannten hohen Schuldenlast wird man um eine Steuer-Erh\u00f6hung nicht herumkommen. Der neue Wert (aufgepasst<\/li>\n\n\n\n<li class=\"has-black-color has-text-color has-link-color wp-elements-454d120e2a51dccc0beefdf378e0dff5\">es gibt eine neue Zahlenskala!) m\u00fcsste sich bei ca. 280 % einpendeln, damit die H\u00f6he in Euronen gleich bleibt. Aktuell betr\u00e4gt der Wert 380%. Die Gemeinde G\u00f6\u00dfweinstein hat den Vorreiter gemacht, anbei der Zeitungsartikel und ein weiterer Zeitungsartikel \u00fcber ein Versprechen unseres Ministerpr\u00e4sidenten bzgl. Unterst\u00fctzung.)<\/li>\n<\/ul>\n\n\n\n<p class=\"has-text-align-center has-luminous-vivid-amber-background-color has-background has-small-font-size\"><strong>Anmerkung der Redaktion:<\/strong> <br>Aufgrund von Urheberrechtlichen Einschr\u00e4nkungen k\u00f6nnen wir die erw\u00e4hnten Zeitungsartikel hier nicht \u00f6ffentlich abbilden!<\/p>\n\n\n\n<ul class=\"wp-block-list\">\n<li>Koll. Lindner: Sie hat die neu installierten Lampen am alten Kreisverkehr angesprochen. Diese waren aber nicht Sache der Gemeinde, so Bgm.<\/li>\n\n\n\n<li>Ich habe den B\u00fcrgermeister aufgefordert beim Landratsamt Erlangen-H\u00f6chstadt zu intervenieren, ob man nicht bei der Autobahn-Ausfahrt Baiersdorf-Nord wenigstens einen Fahrstreifen \u00fcber die Br\u00fccke Richtung Hausen\/Heroldsbach frei geben k\u00f6nnte. Auf der Br\u00fccke selbst wird allem Anschein nach nicht gearbeitet, sondern lediglich an der Einm\u00fcndung zur alten B4 eine Ampelanlage errichtet. Die Arbeiten sollen bis Mitte November andauern. Zur Rush Hour staut sich der Verkehr bei der Ersatzautobahn-Ausfahrt Forchheim-S\u00fcd bis in die Baustelle hinein. Der n\u00e4chste Stau wartet dann von der Kreuzung Obi bis zum Pilatuskreisel auf die Verkehrsteilnehmer. Es geht nicht darum den Zeitverlust wett zu machen, sondern die Verkehrssicherheit zu erh\u00f6hen. Ein stehendes Fahrzeug auf einer Autobahn ist potentiell geeignet einen schweren Verkehrsunfall zu verursachen. Da kann man darauf warten bis es krachen wird. Der Bgm. hat zugesagt sich darum zu k\u00fcmmern.<\/li>\n<\/ul>\n\n\n\n<p class=\"has-text-align-right has-cyan-bluish-gray-background-color has-background\">Die Sitzung fand um 19.37 Uhr ihr Ende. Die nicht-\u00f6ffentlichen Sitzung schloss um 21.04 Uhr.<em>GR Georg Brandmeier<\/em><\/p>\n","protected":false},"excerpt":{"rendered":"<p>Bericht zur Gemeinderatssitzung\u00a0am 16.10.2024 im Schulungsraum der FFW Hausen Allgemeines und Tagesordnung Auch f\u00fcr diese Sitzung musste auf eine ungew\u00f6hnliche \u00d6rtlichkeit ausgewichen werden, da die anderen S\u00e4le alle besetzt waren. <a class=\"more-link\" href=\"https:\/\/uwg-hausen.de\/?p=2622\">Weiterlesen <i class=\"fa fa-chevron-right\"><\/i><\/a><\/p>\n","protected":false},"author":7,"featured_media":2319,"comment_status":"open","ping_status":"open","sticky":false,"template":"","format":"standard","meta":{"_eb_attr":"","footnotes":""},"categories":[144,241],"tags":[13,211,77,68,14],"class_list":["post-2622","post","type-post","status-publish","format-standard","has-post-thumbnail","hentry","category-gemeinderatssitzung","category-gemeinderatssitzung-2024","tag-gemeinderat","tag-glasfaserausbau","tag-krone","tag-nahwaermeversorgung","tag-sitzung"],"_links":{"self":[{"href":"https:\/\/uwg-hausen.de\/index.php?rest_route=\/wp\/v2\/posts\/2622","targetHints":{"allow":["GET"]}}],"collection":[{"href":"https:\/\/uwg-hausen.de\/index.php?rest_route=\/wp\/v2\/posts"}],"about":[{"href":"https:\/\/uwg-hausen.de\/index.php?rest_route=\/wp\/v2\/types\/post"}],"author":[{"embeddable":true,"href":"https:\/\/uwg-hausen.de\/index.php?rest_route=\/wp\/v2\/users\/7"}],"replies":[{"embeddable":true,"href":"https:\/\/uwg-hausen.de\/index.php?rest_route=%2Fwp%2Fv2%2Fcomments&post=2622"}],"version-history":[{"count":3,"href":"https:\/\/uwg-hausen.de\/index.php?rest_route=\/wp\/v2\/posts\/2622\/revisions"}],"predecessor-version":[{"id":2625,"href":"https:\/\/uwg-hausen.de\/index.php?rest_route=\/wp\/v2\/posts\/2622\/revisions\/2625"}],"wp:featuredmedia":[{"embeddable":true,"href":"https:\/\/uwg-hausen.de\/index.php?rest_route=\/wp\/v2\/media\/2319"}],"wp:attachment":[{"href":"https:\/\/uwg-hausen.de\/index.php?rest_route=%2Fwp%2Fv2%2Fmedia&parent=2622"}],"wp:term":[{"taxonomy":"category","embeddable":true,"href":"https:\/\/uwg-hausen.de\/index.php?rest_route=%2Fwp%2Fv2%2Fcategories&post=2622"},{"taxonomy":"post_tag","embeddable":true,"href":"https:\/\/uwg-hausen.de\/index.php?rest_route=%2Fwp%2Fv2%2Ftags&post=2622"}],"curies":[{"name":"wp","href":"https:\/\/api.w.org\/{rel}","templated":true}]}}