{"id":2592,"date":"2024-11-16T20:39:47","date_gmt":"2024-11-16T19:39:47","guid":{"rendered":"https:\/\/uwg-hausen.de\/?p=2592"},"modified":"2024-11-16T21:03:05","modified_gmt":"2024-11-16T20:03:05","slug":"laudatio-fuer-ewald-saam-september-2024","status":"publish","type":"post","link":"https:\/\/uwg-hausen.de\/?p=2592","title":{"rendered":"Laudatio f\u00fcr Ewald Saam &#8211; September &#8216;2024"},"content":{"rendered":"\n<hr class=\"wp-block-separator has-alpha-channel-opacity\"\/>\n\n\n\n<h4 class=\"wp-block-heading has-text-align-center\"><strong>Laudatio von Roland <strong>Gar\u00e7on<\/strong><\/strong> zur Ehrung von Ewald Saam <br>als verdiente Pers\u00f6nlichkeit unserer Gemeinde Hausen<\/h4>\n\n\n\n<hr class=\"wp-block-separator has-alpha-channel-opacity\"\/>\n\n\n\n<blockquote class=\"wp-block-quote is-layout-flow wp-block-quote-is-layout-flow\">\n<p>Willst Du froh und gl\u00fccklich leben, lass kein Ehrenamt dir geben!<br>Willst du nicht zu fr\u00fch ins Grab, lehne jedes Amt gleich ab!<br>von Wilhelm Busch<\/p>\n<\/blockquote>\n\n\n\n<figure class=\"wp-block-pullquote has-text-align-left\"><blockquote><p>Lob und Ehre als Gedicht<br>Hat doch ganz besonderes Gewicht<br>Darum bitte ich den Ehrenden mir zu verzeihen<br>Wenn sich W\u00f6rter nicht immer fl\u00fcssig aneinanderreihen<br><br>So will ich nun beginnen und bevor mir die Worte entrinnen<br>Lauscht den Worten nun als Reim soll anderen auch ein Vorbild sein<br>Willst Du froh und gl\u00fccklich leben, <strong>la\u00df ein Ehrenamt dir geben<\/strong>!<br>Es l\u00e4\u00dft Dich leben in Zufriedenheit und nimmt dem Menschen Einsamkeit.<br><br>Das ehrenamtliche Schaffen von Ewald steht heut\u2018 im Vordergrund<br>Dessen Handeln und Wirken zu jeder Stund\u2018<br>wollen wir heut` mit Ehr\u2018 bezeugen<br>und uns mit Respekt und Lob vor ihm beugen<br><br>Was hat er nicht alles gemacht<br>Im <strong>Sport <\/strong>als Jugendtrainer und Vorstand war er t\u00e4fig<br>In der <strong>Kirche<\/strong> als Lektor, Vorbeter sehr gespr\u00e4chig<br>In der <strong>Kirchenstiftung<\/strong> ist er rege<br>bringt die Krippenpl\u00e4tze in St. Wolfgang mit zu Wege<br><br>Und um es zu betonen, sein Wirken sind immer Dekaden<br>Im Gesangsverein singt er Lieder und Balladen<br>Politisch sehr interessiert, wird er in den <strong>Gemeinderat<\/strong> gew\u00e4hlt<br>Mehr als 16 Jahre hier sein Wirken z\u00e4hlt<br><br>Ganz ohne Geld und anderen Mitteln<br>nicht gieren nach irgendwelchen Titeln<br>Sich stellen in den Dienst der Gemeinschaft<br>Zeit geben, ben\u00f6tigen ungeheure Nerven und viel Kraft<br><br>Nicht immer ohne Murren und auch Frust<br>Trotzdem Tag, f\u00fcr Tag und Jahr f\u00fcr Jahr sich hingeben diesem Ehrenamte nach Herzenslust<br>Mit einer Breite und Weite sich Ewald hier einen Namen macht<br>Seit Jahrzehnten opfert er der Gemeinschaft seine Schaffenskraft<br><br>Die \u00c4mter aufzuz\u00e4hlen, die Zeit nicht reicht<br>Deshalb sei es mir verziehen und f\u00e4llt mir nicht leicht,<br>wenn beispielhaft nur einige dieser \u00c4mter seien genannt<br>Andere sind in der Regel durch seinen Namen wohl bekannt<br><br>Auch das Listen der Jahreszahlen kaum einer vermisst<br>Der Laudator auch kein Zahlenstreber ist<br>Es w\u00e4re schlimm, wenn das Publikum dann g\u00e4hnt<br>und sich nach dem Ende sehnt<br>dann der Ehre nicht gen\u00fcgend Respekt mehr zollt<br>Das ist doch nicht gewollt.<br>Trotzdem sei gesagt, dass Ewald mehr als 130 Jahre Ehrenamt nicht plagt<br>In diesem Sinne w\u00fcnsche ich als Vertreter der Gemeinde Dir weiterhin viel Gesundheit und weiterhin aktives Engagement in den vielf\u00e4ltigen Ehren\u00e4mtern, die DU in der Gemeinde wahrnimmst und wahrgenommen hast. Deshalb wird Dir heut\u2018 zur Ehr die B\u00fcrgermedaille vergeben um Dich zu ermuntern weiter das Ehrenamt zu leben.<\/p><cite><strong>GR Roland Gar\u00e7on:<\/strong><\/cite><\/blockquote><\/figure>\n","protected":false},"excerpt":{"rendered":"<p>Laudatio von Roland Gar\u00e7on zur Ehrung von Ewald Saam als verdiente Pers\u00f6nlichkeit unserer Gemeinde Hausen Willst Du froh und gl\u00fccklich leben, lass kein Ehrenamt dir geben!Willst du nicht zu fr\u00fch <a class=\"more-link\" href=\"https:\/\/uwg-hausen.de\/?p=2592\">Weiterlesen <i class=\"fa fa-chevron-right\"><\/i><\/a><\/p>\n","protected":false},"author":3,"featured_media":2605,"comment_status":"closed","ping_status":"closed","sticky":false,"template":"","format":"standard","meta":{"_eb_attr":"","footnotes":""},"categories":[101],"tags":[256,13],"class_list":["post-2592","post","type-post","status-publish","format-standard","has-post-thumbnail","hentry","category-uwg-informiert","tag-ehrung","tag-gemeinderat"],"_links":{"self":[{"href":"https:\/\/uwg-hausen.de\/index.php?rest_route=\/wp\/v2\/posts\/2592","targetHints":{"allow":["GET"]}}],"collection":[{"href":"https:\/\/uwg-hausen.de\/index.php?rest_route=\/wp\/v2\/posts"}],"about":[{"href":"https:\/\/uwg-hausen.de\/index.php?rest_route=\/wp\/v2\/types\/post"}],"author":[{"embeddable":true,"href":"https:\/\/uwg-hausen.de\/index.php?rest_route=\/wp\/v2\/users\/3"}],"replies":[{"embeddable":true,"href":"https:\/\/uwg-hausen.de\/index.php?rest_route=%2Fwp%2Fv2%2Fcomments&post=2592"}],"version-history":[{"count":4,"href":"https:\/\/uwg-hausen.de\/index.php?rest_route=\/wp\/v2\/posts\/2592\/revisions"}],"predecessor-version":[{"id":2606,"href":"https:\/\/uwg-hausen.de\/index.php?rest_route=\/wp\/v2\/posts\/2592\/revisions\/2606"}],"wp:featuredmedia":[{"embeddable":true,"href":"https:\/\/uwg-hausen.de\/index.php?rest_route=\/wp\/v2\/media\/2605"}],"wp:attachment":[{"href":"https:\/\/uwg-hausen.de\/index.php?rest_route=%2Fwp%2Fv2%2Fmedia&parent=2592"}],"wp:term":[{"taxonomy":"category","embeddable":true,"href":"https:\/\/uwg-hausen.de\/index.php?rest_route=%2Fwp%2Fv2%2Fcategories&post=2592"},{"taxonomy":"post_tag","embeddable":true,"href":"https:\/\/uwg-hausen.de\/index.php?rest_route=%2Fwp%2Fv2%2Ftags&post=2592"}],"curies":[{"name":"wp","href":"https:\/\/api.w.org\/{rel}","templated":true}]}}