{"id":2590,"date":"2024-11-06T14:10:00","date_gmt":"2024-11-06T13:10:00","guid":{"rendered":"https:\/\/uwg-hausen.de\/?p=2590"},"modified":"2024-11-16T19:59:50","modified_gmt":"2024-11-16T18:59:50","slug":"gemeinderatsitzung-september-2024-copy","status":"publish","type":"post","link":"https:\/\/uwg-hausen.de\/?p=2590","title":{"rendered":"Gemeinderatsitzung &#8211; November &#8216;2024"},"content":{"rendered":"\n<h3 class=\"wp-block-heading has-text-align-center\">Bericht zur Gemeinderatssitzung am 04.11.2024<\/h3>\n\n\n\n<h6 class=\"wp-block-heading has-text-align-center\">im B\u00fcrgerhaus<\/h6>\n\n\n\n<hr class=\"wp-block-separator has-alpha-channel-opacity\"\/>\n\n\n\n<h4 class=\"wp-block-heading has-text-align-center\"><strong>Allgemeines und Tagesordnung<\/strong><\/h4>\n\n\n\n<hr class=\"wp-block-separator has-alpha-channel-opacity\"\/>\n\n\n\n<p>Zu dieser Sitzung gab es keine Ver\u00f6ffentlichung\/Einladung im Amtsblatt. Laut Bgm. basierend auf ein Verschulden des Verlages. Nun gut, wenn es um Steuererh\u00f6hungen geht (TOP 5), l\u00e4sst man den B\u00fcrger gerne au\u00dfen vor.<\/p>\n\n\n\n<p>Vermutlich wusste die Presse auch nichts von der Sitzung und gl\u00e4nzte mit Abwesenheit.<\/p>\n\n\n\n<p>So fand sich nur 1 Zuh\u00f6rer, neben den unter TOP 4 zu Ehrenden mit Partner\/in, ein.<\/p>\n\n\n\n<p>Von diesen kam kein Anliegen in der B\u00fcrgerfragestunde.<\/p>\n\n\n\n<p>Die Tagesordnung wurde einstimmig angenommen. Das Gremium war vollz\u00e4hlig. Koll. Grimm hat sich kurzzeitig versp\u00e4tet und brachte ihren frisch geborenen Nachwuchs gleich mit. Der meldete sich mit Hungergef\u00fchlen w\u00e4hrend der Sitzung und bekam dementsprechend die Brust. \u00d6ffentliches Stillen ist in Deutschland nicht verboten.<\/p>\n\n\n\n<p><strong>TOP 1: <\/strong>Die Niederschrift wurde mit 13:0:3 Stimmen genehmigt. Die drei Enthaltungen ergaben sich wegen Abwesenheit.<\/p>\n\n\n\n<p class=\"has-text-align-center\"><strong>Informationen des B\u00fcrgermeisters<\/strong><\/p>\n\n\n\n<hr class=\"wp-block-separator has-alpha-channel-opacity\"\/>\n\n\n\n<p>TOP 2: Unter \u201eInformationen des B\u00fcrgermeisters\u201c berichtete er:<\/p>\n\n\n\n<ul class=\"wp-block-list\">\n<li>Tarifrunde 2025. Vermutlich in Vorgriff auf TOP 5 berichtete er \u00fcber die anstehenden Tarifverhandlungen mit den Forderungen der Gewerkschaften.<\/li>\n\n\n\n<li>Wasserzweckverband. Die ersten Bescheide sind gekommen, zwei weitere werden folgen. Nach seiner Berechnung wird ein Durchschnittshaushalt mit 840 \u20ac belastet. (Komisch, bei meinem Durchschnittshaushalt war die erste Rate schon \u00fcber 600 \u20ac.)<\/li>\n\n\n\n<li>Sitzungstermine. Die Termine f\u00fcr 2025 sind im RIS eingestellt.<\/li>\n\n\n\n<li>Stra\u00dfenausbau. Die Bauma\u00dfnahmen an der Gemeindeverbindungsstra\u00dfe nach Thurn werden nicht zeitgleich mit den Bauma\u00dfnahmen in der Heroldsbacher Stra\u00dfe stattfinden, da diese die Umleitungsstrecke werden wird.<\/li>\n\n\n\n<li>Nahw\u00e4rme. Die Arbeiten f\u00fcr die Rohrleitungsverlegung in der Heroldsbacher Stra\u00dfe wird 6-8 Wochen dauern. Es ist eine Ampelregelung geplant. Sudeten-, Dorfgarten, und Kaimstra\u00dfe starten auch diese Woche.<\/li>\n\n\n\n<li>B\u00fcrgerversammlung. Die diesj\u00e4hrige B\u00fcrgerversammlung findet am 18.11.2024 im alten Kindergarten in Wimmelbach statt.<\/li>\n\n\n\n<li>Graffiti. Die Schule wurde von Sprayern \u201everziert\u201c. Anzeige wurde erstattet. Man bittet Beobachtungen mitzuteilen.<\/li>\n<\/ul>\n\n\n\n<hr class=\"wp-block-separator has-alpha-channel-opacity\"\/>\n\n\n\n<p><strong>TOP 3: <\/strong>Unter den TOP \u201eBekanntgabe von Beschl\u00fcssen aus der nicht-\u00f6ffentlichen Sitzung\u201c wurde die Vergaben f\u00fcr das Gemeinde- und Mehrzweckzentrum, den Zaunbau f\u00fcr die Nahw\u00e4rme und die Stra\u00dfenarbeiten nach Thurn bekannt gegeben.<\/p>\n\n\n\n<hr class=\"wp-block-separator has-alpha-channel-opacity\"\/>\n\n\n\n<p class=\"has-text-align-center has-pale-cyan-blue-background-color has-background\">Ehrungen<\/p>\n\n\n\n<hr class=\"wp-block-separator has-alpha-channel-opacity\"\/>\n\n\n\n<p><strong>TOP 4:<\/strong> Hier stand die Ehrung verdienter Pers\u00f6nlichkeiten aus unserer Gemeinde an. Der eigentliche Ehrungsabend war bereits am 24.10.2024 im Pilatushof. Unverst\u00e4ndlich warum dar\u00fcber nicht berichtet wurde. Es geht ja darum das Ehrenamt zu st\u00e4rken. Die heute Geehrten konnten den vorgenannten Termin nicht wahrnehmen.<\/p>\n\n\n\n<p>Die Auszeichnung mit der B\u00fcrgermedaille bekamen <strong>Ewald Saam <\/strong>und <strong>Peter G\u00fcgel<\/strong> (Wimmelbach). Die Laudatio auf Ewald hielt Roland. Er hat sie in einem pfiffigen Gedicht verpackt, siehe Anhang.<\/p>\n\n\n\n<p>Hr. G\u00fcgel wurde f\u00fcr seine Verdienste um das Vereinswesen, Kirchenamt usw. in Wimmelbach vom 2. Bgm. geehrt.<\/p>\n\n\n\n<p>F\u00fcr besondere sportliche Leistungen wurde <strong>Hr. Frank van Gompel <\/strong>geehrt. In der Laudation von Gerlinde z\u00e4hlte sie seine Erfolge im Kickboxen auf, u.a. Platz 1 und Titel \u201eInternationaler Deutscher Meister\u201c. Und ganz aktuell international auf der ISKA World Championships Wien den 3. Platz erk\u00e4mpft.<\/p>\n\n\n\n<p>Neben Urkunden und Blumen f\u00fcr die Damen gab es einen Gutschein f\u00fcr den Pilatushof.<\/p>\n\n\n\n<p>Und abschlie\u00dfend den Eintrag ins Goldene Buch der Gemeinde.<\/p>\n\n\n\n<hr class=\"wp-block-separator has-alpha-channel-opacity\"\/>\n\n\n\n<p class=\"has-text-align-center has-luminous-vivid-amber-background-color has-background\"><strong>Grundsteuerhebesatz<\/strong><\/p>\n\n\n\n<hr class=\"wp-block-separator has-alpha-channel-opacity\"\/>\n\n\n\n<p><strong>TOP 5: <\/strong>Der Headliner des Abends war die Festsetzung neuer Grundsteuerhebes\u00e4tze ab dem Jahr 2025. Notwendig wurde dies wegen einer Entscheidung des Bundesverfassungsgerichts, welche die jetzige Handhabe als verfassungswidrig einstufte.<\/p>\n\n\n\n<p>Problematisch erwies sich einen Wert zu finden, da die vom Finanzamt gelieferten Berechnungsgrundlagen nicht vollst\u00e4ndig waren. Lediglich 93 % der Antr\u00e4ge gingen bislang ein.<\/p>\n\n\n\n<p>Als Folge davon gilt die heutige Entscheidung nur f\u00fcr das Jahr 2025. In 2026 wird ein neuer Beschluss kommen mit neuen Werten.<\/p>\n\n\n\n<p>GANZ WICHTIG: Unabh\u00e4ngig von den Hebes\u00e4tzen wird es aufgrund der neuen Berechnungsformel zu Ver\u00e4nderungen des Beitrages kommen. Grob die H\u00e4lfte werden weniger zahlen m\u00fcssen, die andere H\u00e4lfte mehr.<\/p>\n\n\n\n<p>Weiter zur Verwirrung tr\u00e4gt bei, dass es neue Zahlenwerte bei den Prozentzahlen gibt. Unser jetziger Hebesatz vom 380 % w\u00fcrde in der neuen Regelung den Wert 280 % belegen.<\/p>\n\n\n\n<p>Anbei die Auflistung:\u00a0\u00a0\u00a0\u00a0<\/p>\n\n\n\n<figure class=\"wp-block-table\"><table class=\"table table-hover\"><thead><tr><th class=\"has-text-align-center\" data-align=\"center\"><strong>Hebesatz<\/strong><\/th><th class=\"has-text-align-center\" data-align=\"center\"><strong>vor. Grundsteuereinnahmen<\/strong><\/th><th class=\"has-text-align-center\" data-align=\"center\"><strong>Mehreinnahmen<\/strong><\/th><\/tr><\/thead><tbody><tr><td class=\"has-text-align-center\" data-align=\"center\">280%<\/td><td class=\"has-text-align-center\" data-align=\"center\">390.291,22 \u20ac<\/td><td class=\"has-text-align-center\" data-align=\"center\">1.326,33 \u20ac<\/td><\/tr><tr><td class=\"has-text-align-center\" data-align=\"center\">290%<\/td><td class=\"has-text-align-center\" data-align=\"center\">404.230,19 \u20ac<\/td><td class=\"has-text-align-center\" data-align=\"center\">15.265,30 \u20ac<\/td><\/tr><tr><td class=\"has-text-align-center\" data-align=\"center\">300%<\/td><td class=\"has-text-align-center\" data-align=\"center\">418.169,16 \u20ac<\/td><td class=\"has-text-align-center\" data-align=\"center\">29.204,28 \u20ac<\/td><\/tr><tr><td class=\"has-text-align-center\" data-align=\"center\">310%<\/td><td class=\"has-text-align-center\" data-align=\"center\">432.108,13 \u20ac<\/td><td class=\"has-text-align-center\" data-align=\"center\">43.143,25 \u20ac<\/td><\/tr><tr><td class=\"has-text-align-center\" data-align=\"center\">320%<\/td><td class=\"has-text-align-center\" data-align=\"center\">446.047,10 \u20ac<\/td><td class=\"has-text-align-center\" data-align=\"center\">57.082,22 \u20ac<\/td><\/tr><tr><td class=\"has-text-align-center\" data-align=\"center\">330%<\/td><td class=\"has-text-align-center\" data-align=\"center\">459.986,08 \u20ac<\/td><td class=\"has-text-align-center\" data-align=\"center\">71.021,19 \u20ac<\/td><\/tr><tr><td class=\"has-text-align-center\" data-align=\"center\">340%<\/td><td class=\"has-text-align-center\" data-align=\"center\">473.925,05 \u20ac<\/td><td class=\"has-text-align-center\" data-align=\"center\">84.960,16 \u20ac<\/td><\/tr><tr><td class=\"has-text-align-center\" data-align=\"center\">350%<\/td><td class=\"has-text-align-center\" data-align=\"center\">487.864,02 \u20ac<\/td><td class=\"has-text-align-center\" data-align=\"center\">98.899,14 \u20ac<\/td><\/tr><tr><td class=\"has-text-align-center\" data-align=\"center\">360%<\/td><td class=\"has-text-align-center\" data-align=\"center\">501.802,99 \u20ac<\/td><td class=\"has-text-align-center\" data-align=\"center\">112.838,11 \u20ac<\/td><\/tr><tr><td class=\"has-text-align-center\" data-align=\"center\">370%<\/td><td class=\"has-text-align-center\" data-align=\"center\">515.741,96 \u20ac<\/td><td class=\"has-text-align-center\" data-align=\"center\">126.777,08 \u20ac<\/td><\/tr><\/tbody><\/table><\/figure>\n\n\n\n<p><a>Koll. Steinbrenner pl\u00e4dierte f\u00fcr eine Erh\u00f6hung des Hebesatzes. \u201e<strong>Um \u00fcberhaupt noch genehmigungsf\u00e4hige Haushalte zu bekommen, <\/strong>war ihre Begr\u00fcndung. Es ist halt viele Jahre nichts passiert und nun kommt alles auf einmal. Das muss finanziert werden.\u201c<\/a><\/p>\n\n\n\n<p><em>Anmerkung von mir: <\/em><br><em>Frau Steinbrenner macht sich die Sache \u00e4u\u00dferst einfach und meint die Finanzierung der Gemeinde sei mit der Erh\u00f6hung des Hebesatzes einfach getan und verschmiert\/versteckt damit das Problem der Finanzen. Was Frau Steinbrenner anspricht ist das allgemeine Thema Finanzierung der Gemeinde. Das hat jedoch nur am Rande mit dem Hebesatz der Grundsteuer zu tun und sollte auch in der Kommunikation mit dem B\u00fcrger und in der Diskussion und Entscheidung im GR unbedingt getrennt werden.<\/em><\/p>\n\n\n\n<p><em>Es ergibt sich die Frage WOF\u00dcR?\u00a0 Unbeantwortet blieb auch welche jetzigen bereits laufenden Projekte sind davon betroffen mit einer Einzelaufstellung pro Projekt in welcher H\u00f6he bis zur geplanten Fertigstellung (Summe pro Jahr und Gesamtsumme). Wenn der Gemeinde also in den kommenden Jahren Geld fehlen sollte zwecks Finanzierung bereits laufender Projekte, dann war die bisherige vorgesehene Finanzierung bereits nicht ausreichend bzw. mangelhaft! Diese Thematik ist jedoch nicht geeignet einfach den Hebesatz der Grundsteuer anzuheben. Das w\u00e4re zu einfach gedacht. Hier w\u00e4re dann die Frage zu stellen: Wie kann man Mehrungen in den Ausgaben der Projekte reduzieren? Waren sie unvermeidlich? Waren sie notwendig? Gab es Finanzierungen f\u00fcr Dinge die nicht rechtlich erforderlich sind? K\u00f6nnen Aufgaben durch Verlagerung oder durch Externe g\u00fcnstiger oder schneller erledigt werden?<\/em><\/p>\n\n\n\n<p><em>Der gr\u00f6\u00dfte Ausgabeposten d\u00fcrften die Personalkosten sein. Der jetzige Mitarbeiterstand in der Gemeindeverwaltung ist so hoch, wie noch nie. So ein Hofstaat will bezahlt sein \u2013 von uns.<\/em><\/p>\n\n\n\n<p>2. Bgm. G\u00f6\u00dfwein pl\u00e4dierte ebenfalls f\u00fcr eine Erh\u00f6hung. Er f\u00fchrte die gemeindliche Unterst\u00fctzung f\u00fcr die Vereine an.<\/p>\n\n\n\n<p>Roland, Gerlinde und Koll. Lindner sprachen sich deutlich gegen eine Erh\u00f6hung des Hebesatzes aus.<\/p>\n\n\n\n<p>Man einigte sich auf 300 % und wurde auch so einstimmig beschlossen <br>(macht etwa 20 \u20ac Mehrbelastung pro Haushalt im Jahr aus).<\/p>\n\n\n\n<p><strong>TOP 6: <\/strong>Unter diesen TOP waren 2 Antr\u00e4ge von Koll. Grimm f\u00fcr Beschattung der Spielpl\u00e4tze, Weidegang\/-tunnel und Anschaffung von Kriechtunneln zu behandeln.<\/p>\n\n\n\n<p>Dieser TOP gestaltete sich zu einem Konfliktgespr\u00e4ch zwischen der Antragstellerin und dem B\u00fcrgermeister. Er f\u00fchrte an, dass Kriechtunnel verboten sind und die anderen Ma\u00dfnahmen einen zu hohen Pflegeaufwand bed\u00fcrfen, welche der Bauhof nicht leisten kann. Mit der Begr\u00fcndung wollte und konnte sich die Antragstellerin nicht zufriedengeben. So ging es dann st\u00e4ndig hin und her. Letztendlich gab es keine Abstimmung \u00fcber den Antrag.<\/p>\n\n\n\n<p><strong>TOP 6:<\/strong> Unter \u201eTagesordnungserg\u00e4nzungen und Anfragen\u201c trugen vor:<\/p>\n\n\n\n<ul class=\"wp-block-list\">\n<li><strong>GR Lindner:<\/strong> Sie forderte die Einladungen zu den Sitzungen besser auszuformulieren.<\/li>\n<\/ul>\n\n\n\n<hr class=\"wp-block-separator has-alpha-channel-opacity is-style-dots\"\/>\n\n\n\n<ul class=\"wp-block-list\">\n<li><strong>GR Kemeth:<\/strong>: Er erfragte den Sachstand zum Regnitzradwegbau. Bgm. erl\u00e4uterte die derzeitige Problematik. Das Bohrger\u00e4t ist f\u00fcr die Anfahrt mit 70 Tonnen zu schwer f\u00fcr unsere Br\u00fccken. Jetzt soll es \u00fcber Baiersdorf und der B\u00fcg gehen.<\/li>\n<\/ul>\n\n\n\n<hr class=\"wp-block-separator has-alpha-channel-opacity is-style-dots\"\/>\n\n\n\n<ul class=\"wp-block-list\">\n<li><strong>GR Gar\u00e7on:<\/strong> Roland hatte wieder einen kleinen Fragenkatalog vorbereitet:<\/li>\n<\/ul>\n\n\n\n<p>Er regte an das Goldene Buch neu zu binden lassen, da es im jetzigen Zustand recht zerfleddert ist.<\/p>\n\n\n\n<p>Ferner stellte er fest, dass der Hirtenbach ausgebaggert wurde. Das sind die j\u00e4hrlichen Arbeiten, so der Bgm.<\/p>\n\n\n\n<p>Weiter wusste er vom Radweg an der Kl\u00e4ranlage, dass Wurzeln in den Weg wachsen und ihn so zu einer Buckelpiste verkommen lassen. Hier laufen Gespr\u00e4che mit dem Bauminhaber als Verantwortlichen, so der Bgm.<\/p>\n\n\n\n<p>Sein n\u00e4chstes Anliegen betraf den zugewachsenen Radweg zum Pilatushof und erbat Abhilfe. Auch hier ist es mit der Grundst\u00fcckskonstellation nicht so einfach, so Bgm.<\/p>\n\n\n\n<p>Weiter ging es mit der Fragestellung, ob man den Stra\u00dfenausbau der Thurner Stra\u00dfe mit der Nahw\u00e4rmeleitungsverlegung zusammenlegen k\u00f6nnte. Geht nat\u00fcrlich nicht, laut Bgm.<\/p>\n\n\n\n<p>Als n\u00e4chstes forderte er nach regelm\u00e4\u00dfigen Infos \u00fcber die Ausgaben zum Gemeindezentrum und dem Nahw\u00e4rmeprojekt. Soll er bekommen, laut Bgm.<\/p>\n\n\n\n<p>Nun ging es zum neuen Baugebiet neben der G\u00e4rtnerei. Es wurden T\u00e4tigkeiten festgestellt. Er wollte Infos zum Baubeginn haben. Der Bgm. wusste von nichts.<\/p>\n\n\n\n<p>Die letzte Frage betraf den angeblichen Zuzug einer mehrk\u00f6pfigen Familie aus dem Sudan. Wegen der Betreuung. War dem Bgm. nicht bekannt.<\/p>\n\n\n\n<ul class=\"wp-block-list\">\n<li>Ich habe den B\u00fcrgermeister \u00fcber das Ergebnis der Abstimmung des Heroldsbacher Gemeinderates zu unseren Einwendungen bzgl. deren \u00c4nderung des FNP gefragt. Unsere Einwendungen wurden einstimmig mit 20:0 Stimmen abgelehnt. <em>(Anm. warum soll es der Gemeinde anders ergehen, als unseren B\u00fcrgern).<\/em><\/li>\n<\/ul>\n\n\n\n<ul class=\"wp-block-list\">\n<li>Martin bem\u00e4ngelte die miserable Beschallung an Allerheiligen auf dem Friedhof. Hier sah Bgm. die Kirche in der Pflicht.<\/li>\n<\/ul>\n\n\n\n<ul class=\"wp-block-list\">\n<li>Max sah in dem Heckenschnitt in der Industriestra\u00dfe zu viel k\u00fcnstlersichern Wert und forderte einen konsequenteren R\u00fcckschnitt. Bgm. erl\u00e4uterte ihm den Zorn der Anwohner.<\/li>\n<\/ul>\n\n\n\n<hr class=\"wp-block-separator has-alpha-channel-opacity\"\/>\n\n\n\n<p class=\"has-text-align-right has-cyan-bluish-gray-background-color has-background\">Die Sitzung fand um 21.09 Uhr ihr Ende. Die nicht-\u00f6ffentlichen Sitzung schloss um 21.46 Uhr.<br><em>GR Georg Brandmeier<\/em><\/p>\n","protected":false},"excerpt":{"rendered":"<p>Bericht zur Gemeinderatssitzung am 04.11.2024 im B\u00fcrgerhaus Allgemeines und Tagesordnung Zu dieser Sitzung gab es keine Ver\u00f6ffentlichung\/Einladung im Amtsblatt. Laut Bgm. basierend auf ein Verschulden des Verlages. Nun gut, wenn <a class=\"more-link\" href=\"https:\/\/uwg-hausen.de\/?p=2590\">Weiterlesen <i class=\"fa fa-chevron-right\"><\/i><\/a><\/p>\n","protected":false},"author":9,"featured_media":2319,"comment_status":"open","ping_status":"open","sticky":false,"template":"","format":"standard","meta":{"_eb_attr":"","footnotes":""},"categories":[144,241],"tags":[13,211,77,68,14],"class_list":["post-2590","post","type-post","status-publish","format-standard","has-post-thumbnail","hentry","category-gemeinderatssitzung","category-gemeinderatssitzung-2024","tag-gemeinderat","tag-glasfaserausbau","tag-krone","tag-nahwaermeversorgung","tag-sitzung"],"_links":{"self":[{"href":"https:\/\/uwg-hausen.de\/index.php?rest_route=\/wp\/v2\/posts\/2590","targetHints":{"allow":["GET"]}}],"collection":[{"href":"https:\/\/uwg-hausen.de\/index.php?rest_route=\/wp\/v2\/posts"}],"about":[{"href":"https:\/\/uwg-hausen.de\/index.php?rest_route=\/wp\/v2\/types\/post"}],"author":[{"embeddable":true,"href":"https:\/\/uwg-hausen.de\/index.php?rest_route=\/wp\/v2\/users\/9"}],"replies":[{"embeddable":true,"href":"https:\/\/uwg-hausen.de\/index.php?rest_route=%2Fwp%2Fv2%2Fcomments&post=2590"}],"version-history":[{"count":4,"href":"https:\/\/uwg-hausen.de\/index.php?rest_route=\/wp\/v2\/posts\/2590\/revisions"}],"predecessor-version":[{"id":2598,"href":"https:\/\/uwg-hausen.de\/index.php?rest_route=\/wp\/v2\/posts\/2590\/revisions\/2598"}],"wp:featuredmedia":[{"embeddable":true,"href":"https:\/\/uwg-hausen.de\/index.php?rest_route=\/wp\/v2\/media\/2319"}],"wp:attachment":[{"href":"https:\/\/uwg-hausen.de\/index.php?rest_route=%2Fwp%2Fv2%2Fmedia&parent=2590"}],"wp:term":[{"taxonomy":"category","embeddable":true,"href":"https:\/\/uwg-hausen.de\/index.php?rest_route=%2Fwp%2Fv2%2Fcategories&post=2590"},{"taxonomy":"post_tag","embeddable":true,"href":"https:\/\/uwg-hausen.de\/index.php?rest_route=%2Fwp%2Fv2%2Ftags&post=2590"}],"curies":[{"name":"wp","href":"https:\/\/api.w.org\/{rel}","templated":true}]}}