{"id":2587,"date":"2024-09-26T14:07:00","date_gmt":"2024-09-26T12:07:00","guid":{"rendered":"https:\/\/uwg-hausen.de\/?p=2587"},"modified":"2024-11-16T14:08:25","modified_gmt":"2024-11-16T13:08:25","slug":"gemeinderatsitzung-september-2024","status":"publish","type":"post","link":"https:\/\/uwg-hausen.de\/?p=2587","title":{"rendered":"Gemeinderatsitzung &#8211; September &#8216;2024"},"content":{"rendered":"\n<h3 class=\"wp-block-heading\">Gemeinderatssitzung am 16.09.2024 im vor\u00fcbergehenden Rathaus<\/h3>\n\n\n\n<hr class=\"wp-block-separator has-alpha-channel-opacity\"\/>\n\n\n\n<h4 class=\"wp-block-heading has-text-align-center\"><strong>Allgemeines und Tagesordnung<\/strong><\/h4>\n\n\n\n<hr class=\"wp-block-separator has-alpha-channel-opacity\"\/>\n\n\n\n<p>Das besondere an dieser Sitzung war, neben der ungew\u00f6hnlichen \u00d6rtlichkeit (die anderen S\u00e4le waren alle besetzt), das im Vorfeld eine F\u00fchrung durch den Neubau des Gemeindezentrums stattfand und vor dem \u00f6ffentlichen Teil eine nicht-\u00f6ffentliche Sitzung geschaltet wurde. Deswegen beginnt die \u00f6ffentliche Sitzung auch erst mit TOP 5.<\/p>\n\n\n\n<p>Die Vorschaltung lag darin begr\u00fcndet den Fremdreferenten, welcher ein neues Projekt vorstellte, keine unn\u00f6tige Wartezeit zuzumuten. Die geplante 1 Stunde reichte nicht, so dass nach dem \u00f6ffentlichen Teil im Anschluss noch mal ein nicht-\u00f6ffentlicher Teil stattfand.<\/p>\n\n\n\n<p>Die Tagesordnung gab eigentlich nicht viel her, dennoch haben 10 Zuh\u00f6rer den Weg ins tempor\u00e4re Rathaus gefunden.<\/p>\n\n\n\n<p>Die Presse hatte offenbar kein Interesse, aber auch von der letzten BA-Sitzung, wo gleich 2 Reporter anwesend waren, habe ich noch keine Ver\u00f6ffentlichung gelesen.<\/p>\n\n\n\n<p>Im Gremium fehlten die Koll. Singer, Stilkerich und Grimm.<\/p>\n\n\n\n<p class=\"has-black-color has-luminous-vivid-amber-background-color has-text-color has-background\">In der B\u00fcrgerfragestunde fragte Hr. Pr\u00f6tzsch :<br><em><strong>Ist die Gemeinde eine B\u00fcrgschaft f\u00fcr die Nahw\u00e4rme GmbH eingegangen oder wird Sie in Zukunft eine B\u00fcrgschaft eingehen m\u00fcssen?<\/strong><\/em><\/p>\n\n\n\n<p class=\"has-black-color has-luminous-vivid-amber-background-color has-text-color has-background\"><br>Die Frage war f\u00fcr den B\u00fcrgermeister offensichtlich verwirrend und belustigend zugleich*. <br>Als Antwort kam, dass sie bisher keinen Bedarf haben und das sie mit den aktuellen Finanzierungen das auch nicht ben\u00f6tigen. Auf nochmaliges  Nachfragen durch Hr. Pr\u00f6tzsch, ob das denn ein klares \u201eNein\u201c als Antwort zu verstehen sei, wurde dies mit einem Nicken best\u00e4tigt.<br><br><sub>*Anmerkung M. Pr\u00f6tzsch:<\/sub> <br><em><strong>Ich denke er hat damit einfach nur seine Unsicherheit \u00fcber die Frage \u00fcberspielt. Denn bis heute gibt es keine klaren Antworten zum unseren Fragen bzgl. der Finanzierung und Kostenverteilung f\u00fcr das Nahw\u00e4rmeprojekt.<\/strong><\/em> <strong><em>Weder von Ihm noch von der Nahw\u00e4rme GmbH.<\/em><\/strong><br>(siehe Infobeitrag Nachgefragt vom Juli &#8216;2024 &#8211; <a href=\"https:\/\/uwg-hausen.de\/?p=2526\" data-type=\"link\" data-id=\"https:\/\/uwg-hausen.de\/?p=2526\">Link<\/a>)<em> <\/em><br><\/p>\n\n\n\n<p>Weitere Wortmeldungen gab es nicht.<\/p>\n\n\n\n<p>Die Tagesordnung wurde einstimmig angenommen.<\/p>\n\n\n\n<p><strong>TOP 5:<\/strong> Die Niederschrift wurde mit 13:0:1 Stimmen genehmigt. Die 1 Enthaltungen ergaben sich wegen Abwesenheit.<\/p>\n\n\n\n<p><strong>TOP 6:<\/strong> Unter \u201eInformationen des B\u00fcrgermeisters\u201c berichtete er:<\/p>\n\n\n\n<ul class=\"wp-block-list\">\n<li>F\u00fcr den Metropolradweg wurde der F\u00f6rderantrag abgegeben. Es betrifft lediglich die Planungskosten mit einem Zuschuss von ca. 16 000 \u20ac.<\/li>\n\n\n\n<li>Die neuen 6 Leuchten f\u00fcr den Radweg am Sportplatz wurden angebracht. Und sie funktionieren auch. Heutzutage keine Selbstverst\u00e4ndlichkeit mehr.<\/li>\n<\/ul>\n\n\n\n<p><strong>TOP 7: <\/strong>Die Bekanntgabe von Beschl\u00fcssen aus der nicht-\u00f6ffentlichen Sitzung beinhaltete die Auftragsvergaben<\/p>\n\n\n\n<ul class=\"wp-block-list\">\n<li>zur Nahw\u00e4rme\u00a0<\/li>\n\n\n\n<li>zu den Statik-Arbeiten zur neuen Radbr\u00fccke<\/li>\n\n\n\n<li>zu den Schlie\u00dfanlagen und Estrich neues Gemeindezentrum<\/li>\n<\/ul>\n\n\n\n<p><strong>TOP 8: <\/strong>Unter dem TOP \u201eSachstandbericht der Seniorenbeauftragen\u201c lies unsere Seniorenbeauftragte Gerda Wagner die 20 Jahre ihres Wirkens Revue passieren.<\/p>\n\n\n\n<p>Unterst\u00fctzt wurde sie dabei von Hr. Hubert Drossel, welcher \u00fcber all die vielen Jahre einen 100min\u00fctigen Filmzusammenschnitt vorf\u00fchrte.<\/p>\n\n\n\n<p>Meine Meinung nach kamen die relativ vielen Zuh\u00f6rer nur, um diesen Film zu sehen. Und sie wurden nicht entt\u00e4uscht, auf diese Zeitreise mitgenommen zu werden. So wurden in diesen Film viele Verstorbene wieder zum Leben erwacht.<\/p>\n\n\n\n<p>Ich gehe davon aus, dass dieses zeitgeschichtliche Dokument auch bei anderen Anl\u00e4ssen gezeigt wird.<\/p>\n\n\n\n<p>Abschlie\u00dfend gab Frau Wagner ihren R\u00fccktritt, aus gesundheitlichen Gr\u00fcnden, als Seniorenbeauftragte der Gemeinde Hausen zum Jahresende bekannt.<\/p>\n\n\n\n<p>Wer sich als Nachfolger\/in berufen f\u00fchlt, m\u00f6ge sich beim B\u00fcrgermeister melden.<\/p>\n\n\n\n<p><strong>TOP 9: <\/strong>Unter \u201eTagesordnungserg\u00e4nzungen und Anfragen\u201c trugen vor:<\/p>\n\n\n\n<ul class=\"wp-block-list\">\n<li>Roland: Wollte wissen, wie die Kontrollfunktion des Rechnungspr\u00fcfungsausschusses \u00fcber die Nahw\u00e4rmegesellschaft aussieht.<\/li>\n<\/ul>\n\n\n\n<p>Ferner beantragte er die Geschwindigkeitsanzeige in der Thurner Stra\u00dfe mehr Richtung Schule zu verschieben. Dort macht es seiner Meinung nach mehr Sinn. Und die Erneuerung der Fahrbahnmarkierung ebenfalls in der Thurner Stra\u00dfe mit \u201eAchtung Kinder\u201c ist auch \u00fcberf\u00e4llig. Wird gepr\u00fcft bzw. gemacht, so der B\u00fcrgermeister in seiner Antwort. Abschlie\u00dfend wollte er noch die Sicherung f\u00fcr die Darlehensgebern zur Nahw\u00e4rme wissen. Die Tilgung erfolgt erst am Ende der Laufzeit, so der Bgm.<\/p>\n\n\n\n<ul class=\"wp-block-list\">\n<li><strong>GR Kraus:<\/strong> Sie regte an, auch f\u00fcr die Bev\u00f6lkerung\/Vereine eine F\u00fchrung durch das neue Gemeindezentrum anzubieten. Damit auch die Bev\u00f6lkerung \u00fcber den Baufortschritt informiert ist. Der Idee war der B\u00fcrgermeister nicht abgeneigt.<\/li>\n\n\n\n<li><strong>GR Lindner: <\/strong>Sie fragte nach, ob es in Bezug auf den Vertrag eine schriftliche Best\u00e4tigung gibt (aus meinen Unterlagen geht leider nicht mehr hervor, um welchen Vertrag es geht, sorry).\u00a0 Ferner hinterfragte sie den Sachstand zur Kronennutzug. Da wartet der B\u00fcrgermeister noch auf die Pl\u00e4ne von B\u00fcrgern, welche ein billigeres Modell zur Sanierung der Krone vorstellen wollten.\u00a0\u00a0\u00a0\u00a0\u00a0\u00a0\u00a0\u00a0\u00a0\u00a0\u00a0\u00a0\u00a0\u00a0\u00a0\u00a0\u00a0\u00a0\u00a0\u00a0\u00a0\u00a0\u00a0\u00a0\u00a0\u00a0\u00a0\u00a0\u00a0\u00a0\u00a0\u00a0\u00a0\u00a0\u00a0\u00a0\u00a0\u00a0\u00a0\u00a0\u00a0\u00a0\u00a0\u00a0\u00a0\u00a0\u00a0 F\u00fcr das Vorhaben in Wimmelbach sind alle Genehmigungen. Im Oktober steht das Teil, so Bgm.<\/li>\n\n\n\n<li><strong>Mich<\/strong> interessierte die ungew\u00f6hnliche Verlegung einer Wasserleitung in Verl\u00e4ngerung der Berggassen den Berg hoch. B\u00fcrgermeister wusste, dass es als Wasserversorgung f\u00fcr die neue Trafostation auf der anderen Seite des Berges auf Forchheimer Grund dient. Nach Fertigstellen der Bauarbeiten soll sie wieder zur\u00fcckgebaut werden. Die Verwunderung im Gremium war gro\u00df, da kein Genehmigungs- bzw. Antragsverfahren bekannt war. Der B\u00fcrgermeister wird hier nachhacken. \u00a0\u00a0\u00a0\u00a0\u00a0\u00a0\u00a0\u00a0\u00a0\u00a0\u00a0\u00a0<\/li>\n<\/ul>\n\n\n\n<p class=\"has-text-align-right has-cyan-bluish-gray-background-color has-background\">Die Sitzung fand um 22.05 Uhr ihr Ende.  &#8211;   Die nicht-\u00f6ffentlichen Sitzung schloss um 22.53 Uhr.<br><em>GR Georg Brandmeier<\/em><\/p>\n","protected":false},"excerpt":{"rendered":"<p>Gemeinderatssitzung am 16.09.2024 im vor\u00fcbergehenden Rathaus Allgemeines und Tagesordnung Das besondere an dieser Sitzung war, neben der ungew\u00f6hnlichen \u00d6rtlichkeit (die anderen S\u00e4le waren alle besetzt), das im Vorfeld eine F\u00fchrung <a class=\"more-link\" href=\"https:\/\/uwg-hausen.de\/?p=2587\">Weiterlesen <i class=\"fa fa-chevron-right\"><\/i><\/a><\/p>\n","protected":false},"author":7,"featured_media":2319,"comment_status":"open","ping_status":"open","sticky":false,"template":"","format":"standard","meta":{"_eb_attr":"","footnotes":""},"categories":[144,241],"tags":[13,211,77,68,14],"class_list":["post-2587","post","type-post","status-publish","format-standard","has-post-thumbnail","hentry","category-gemeinderatssitzung","category-gemeinderatssitzung-2024","tag-gemeinderat","tag-glasfaserausbau","tag-krone","tag-nahwaermeversorgung","tag-sitzung"],"_links":{"self":[{"href":"https:\/\/uwg-hausen.de\/index.php?rest_route=\/wp\/v2\/posts\/2587","targetHints":{"allow":["GET"]}}],"collection":[{"href":"https:\/\/uwg-hausen.de\/index.php?rest_route=\/wp\/v2\/posts"}],"about":[{"href":"https:\/\/uwg-hausen.de\/index.php?rest_route=\/wp\/v2\/types\/post"}],"author":[{"embeddable":true,"href":"https:\/\/uwg-hausen.de\/index.php?rest_route=\/wp\/v2\/users\/7"}],"replies":[{"embeddable":true,"href":"https:\/\/uwg-hausen.de\/index.php?rest_route=%2Fwp%2Fv2%2Fcomments&post=2587"}],"version-history":[{"count":1,"href":"https:\/\/uwg-hausen.de\/index.php?rest_route=\/wp\/v2\/posts\/2587\/revisions"}],"predecessor-version":[{"id":2589,"href":"https:\/\/uwg-hausen.de\/index.php?rest_route=\/wp\/v2\/posts\/2587\/revisions\/2589"}],"wp:featuredmedia":[{"embeddable":true,"href":"https:\/\/uwg-hausen.de\/index.php?rest_route=\/wp\/v2\/media\/2319"}],"wp:attachment":[{"href":"https:\/\/uwg-hausen.de\/index.php?rest_route=%2Fwp%2Fv2%2Fmedia&parent=2587"}],"wp:term":[{"taxonomy":"category","embeddable":true,"href":"https:\/\/uwg-hausen.de\/index.php?rest_route=%2Fwp%2Fv2%2Fcategories&post=2587"},{"taxonomy":"post_tag","embeddable":true,"href":"https:\/\/uwg-hausen.de\/index.php?rest_route=%2Fwp%2Fv2%2Ftags&post=2587"}],"curies":[{"name":"wp","href":"https:\/\/api.w.org\/{rel}","templated":true}]}}