{"id":2583,"date":"2024-09-11T13:45:00","date_gmt":"2024-09-11T11:45:00","guid":{"rendered":"https:\/\/uwg-hausen.de\/?p=2583"},"modified":"2024-11-16T13:50:18","modified_gmt":"2024-11-16T12:50:18","slug":"bauausschuss-september2024","status":"publish","type":"post","link":"https:\/\/uwg-hausen.de\/?p=2583","title":{"rendered":"Bauausschuss &#8211; September&#8217;2024"},"content":{"rendered":"\n<h3 class=\"wp-block-heading\">Bauausschuss-Sitzung am 10.09.2024 im B\u00fcrgerhaus<\/h3>\n\n\n\n<hr class=\"wp-block-separator has-alpha-channel-opacity\"\/>\n\n\n\n<h4 class=\"wp-block-heading has-text-align-center\"><strong>Allgemeines und Tagesordnung<\/strong><\/h4>\n\n\n\n<hr class=\"wp-block-separator has-alpha-channel-opacity\"\/>\n\n\n\n<p>Unter gro\u00dfem Interesse aus der Bev\u00f6lkerung fand diese Sitzung statt. Neben den 17 (!) Zuh\u00f6rern waren auch Hr. Hitschfel und Hr. Wirth von der Presse anwesend. Grund f\u00fcr das gro\u00dfe Interesse d\u00fcrfte vermutlich das Bullenstallprojekt, die Nahw\u00e4rme und bei einem Vorhaben die Bef\u00fcrchtungen der Nachbarschaft sein.<\/p>\n\n\n\n<p>Aus dem Gremium traten Koll. Lindner f\u00fcr Koll. Dr. Mauser, Koll. Stadter f\u00fcr Koll. Grimm und Herbert f\u00fcr Martin, an.<\/p>\n\n\n\n<p>Aus der B\u00fcrgerfragestunde fragte Hr. Dehmel bzgl. des L\u00e4rmschutzgutachten zur Nahw\u00e4rme vom Landratsamt Forchheim nach. Laut Bgm. ist es noch nicht fertig gestellt.<\/p>\n\n\n\n<p>Auch der Bauherr zu TOP 7 meldete sich zu Wort und teilte die Abhilfe der Beschwerden aus der Nachbarschaft mit.&nbsp;<\/p>\n\n\n\n<p>Die Tagesordnung wurde einstimmig angenommen<\/p>\n\n\n\n<p><strong>TOP 1: <\/strong>Die Niederschrift wurde mit 6:0:3 Stimmen genehmigt. Die 3 Enthaltungen ergaben sich wegen Abwesenheit.<\/p>\n\n\n\n<p><strong>TOP 2: <\/strong>Die Errichtung einer Terrassen\u00fcberdachung wurde einstimmig genehmigt.<\/p>\n\n\n\n<p><strong>TOP 3: <\/strong>Mehr Kopfzerbrechen bereitete die Tekturplanung zur Errichtung eines Bullenstalls in der Forchheimer Stra\u00dfe. Der Bullenstall in der urspr\u00fcnglichen Form wurde vom Landratsamt bereits genehmigt. Seinerzeit wurde ein anderslautender Beschluss der Gemeinde Hausen aufgehoben.<\/p>\n\n\n\n<p>In der neuen Planung soll der Stall mit Dunglege und Auslauf nach Westen gerutscht werden. Bei dem Baugesuch handelt es sich um ein landwirtschaftlich-privilegiertes&nbsp; Vorhaben.<\/p>\n\n\n\n<p>Bedenken ergaben sich wegen<\/p>\n\n\n\n<ul class=\"wp-block-list\">\n<li>Versto\u00df gegen den Fl\u00e4chennutzungsplan (die ehem. Bahntrasse ist als Gr\u00fcnfl\u00e4che ausgewiesen, was sie eigentlich bis heute nicht ist).<\/li>\n\n\n\n<li>den Abstandsfl\u00e4chen (in diesen 35 Meter-Radius befinden sich bereits Geb\u00e4ude und ein zuk\u00fcnftiges Baugesuch auf westlicher Seite w\u00e4re damit verhindert. Wer B\u00f6ses denkt k\u00f6nnte darin den Hauptgrund der Verschiebung vermuten.)<\/li>\n\n\n\n<li>einer beantragten Wohnhausbebauung des Baubewerbers an gleicher Stelle.<\/li>\n<\/ul>\n\n\n\n<p>Nach l\u00e4ngerer Diskussion (u.a. wurde auch eventuelle Auswirkungen auf das Nahw\u00e4rmeprojekt angesprochen \u2013 die Verschiebung w\u00e4re sogar ein Vorteil, so der Bgm.) wurde das Baugesuch mit 1:8 Stimmen abgelehnt. Ich habe daf\u00fcr gestimmt, da das Landratsamt Forchheim, wie bei der erstmaligen Antragstellung auch, eh das letzte Wort hat.<\/p>\n\n\n\n<p><strong>TOP 4: <\/strong>Hier musste formell die neue Nahw\u00e4rmezentrale genehmigt werden. Die Fakten waren alle bekannt. Auch an der Standortfrage wurde nicht ger\u00fcttelt. So wurde das Projekt mit 6:3 Stimmen genehmigt. Die Gegenstimme kamen von Koll. Lindner, Gerlinde und mir. Ich trauere die vielen verlorengegangenen Baupl\u00e4tze f\u00fcr den Hausner Nachwuchs nach und Gerlinde erg\u00e4nzte richtigerweise die dadurch ausbleibenden Millioneneinnahmen f\u00fcr die Gemeinde.<\/p>\n\n\n\n<p><strong>TOP 5: <\/strong>Der Umbau eines bestehenden Wohnhauses wurde mit 8:0 Stimmen genehmigt. Die fehlende Stimme ergibt sich aus pers\u00f6nlicher Beteiligung des Antragstellers.<\/p>\n\n\n\n<p><strong>TOP 6: <\/strong>In der Heroldsbacher Stra\u00dfe wird es zuk\u00fcnftig eine neues Carport mit 2 Stellpl\u00e4tzen geben. Einstimmig angenommen.<\/p>\n\n\n\n<p><a><strong>TOP 7:<\/strong> Unter diesen Tagesordnungspunkt\u00a0 wurde die Errichtung eines Wohnhauses in der Thurner Stra\u00dfe beantragt. Ein empfehlenswerter Beitrag, um die vielen inner\u00f6rtlichen Baul\u00fccken zu schlie\u00dfen. Im Vorfeld reichten 2 Nachbarn schriftliche Beschwerden ein. Sie verlangten die Ausnahmen bzgl. des Baufenster, der Firstrichtung und vor allem wegen der Auff\u00fcllung abzulehnen.<\/a><\/p>\n\n\n\n<p>Aus der B\u00fcrgerfragestunde hat man schon gemerkt, dass es auch den Baubewerber an einer guten nachbarschaftliche Beziehung gelegen ist. Die Auff\u00fcllung des Grundst\u00fcckes wird nicht kommen. Die gedrehte Firstrichtung ergibt sich wegen der Solaranlage. Das macht Sinn. Und die Ausnahme zum Baufenster bezieht sich auf die Garage. Die m\u00fcsste eigentlich hinter dem Haus erstellt werden, mit der Folge, das die Zufahrt als \u201elanger Schlauch\u201c befestigt und verdichtet werden m\u00fcsste. Vom Landverlust ganz zu schweigen.<\/p>\n\n\n\n<p>Unter der Pr\u00e4misse die Verf\u00fcllung der Grundst\u00fcckes nicht h\u00f6her als die Nachbargrundst\u00fccke zu gestalten wurden das Bauvorhaben mit den Ausnahmen mit 8:0 Stimmen genehmigt. Die fehlenden eine Stimme ergibt sich aus verwandtschaftliche Beziehung zum Baubewerber\/in.&nbsp;<\/p>\n\n\n\n<p><strong>TOP 8: <\/strong>Unter Tagesordnungserg\u00e4nzungen, Information und Anfragen berichtete<\/p>\n\n\n\n<ul class=\"wp-block-list\">\n<li>der B\u00fcrgermeister \u00fcber den Spatenstich der Nahw\u00e4rmezentrale am 16.09.2024, 14.00 Uhr. Das in der Hoschetsiedlung die ersten Leitungen f\u00fcr das N\u00e4hw\u00e4rmeprojekt verlegt werden. Und am temp. Rathaus wird eine Packstation von DHL und der Post im Oktober eingerichtet werden.<\/li>\n\n\n\n<li>Herbert von B\u00fcrgeranfragen, welche in den Tagesordnungen der Baugesuche den Stra\u00dfennamen anstelle der Flurnummern h\u00e4tten. Laut Frau Gumbrecht ist dies aus Datenschutzgr\u00fcnden nicht m\u00f6glich.<\/li>\n\n\n\n<li>auch ich von B\u00fcrgeranfragen, wie man im Amtsblatt einer Person zum Geburtstag gratulieren kann, welche schon seit einem halben Jahr verstorben ist. Ferner hat mich der Sachstand bzgl. des Solarparks zwischen Wimmelbach und \u00d6sdorf interessiert. Da laufen noch Gespr\u00e4che, kam als Antwort.<\/li>\n\n\n\n<li><\/li>\n<\/ul>\n\n\n\n<p class=\"has-text-align-right has-cyan-bluish-gray-background-color has-background\">Um 19.55 Uhr wurde der \u00f6ffentl. Teil der Sitzung beendet. 7 Minuten sp\u00e4ter die nicht-\u00f6ffentliche. Hier gab es nur ein paar Angebote f\u00fcr das neue Rathaus zu vergeben. Interessant aber wie sich hier die Krise in der Stahlindustrie niederschl\u00e4gt. Teilweise bis zu 30 % h\u00f6here Ausgaben als vorher berechnet. Nicht sch\u00f6n anzuschauen, wie das Geld zwischen den Fingern verrinnt.<br><em>GR Georg Brandmeier<\/em><\/p>\n","protected":false},"excerpt":{"rendered":"<p>Bauausschuss-Sitzung am 10.09.2024 im B\u00fcrgerhaus Allgemeines und Tagesordnung Unter gro\u00dfem Interesse aus der Bev\u00f6lkerung fand diese Sitzung statt. Neben den 17 (!) Zuh\u00f6rern waren auch Hr. Hitschfel und Hr. Wirth <a class=\"more-link\" href=\"https:\/\/uwg-hausen.de\/?p=2583\">Weiterlesen <i class=\"fa fa-chevron-right\"><\/i><\/a><\/p>\n","protected":false},"author":9,"featured_media":2319,"comment_status":"open","ping_status":"open","sticky":false,"template":"","format":"standard","meta":{"_eb_attr":"","footnotes":""},"categories":[144,241],"tags":[13,211,77,68,14],"class_list":["post-2583","post","type-post","status-publish","format-standard","has-post-thumbnail","hentry","category-gemeinderatssitzung","category-gemeinderatssitzung-2024","tag-gemeinderat","tag-glasfaserausbau","tag-krone","tag-nahwaermeversorgung","tag-sitzung"],"_links":{"self":[{"href":"https:\/\/uwg-hausen.de\/index.php?rest_route=\/wp\/v2\/posts\/2583","targetHints":{"allow":["GET"]}}],"collection":[{"href":"https:\/\/uwg-hausen.de\/index.php?rest_route=\/wp\/v2\/posts"}],"about":[{"href":"https:\/\/uwg-hausen.de\/index.php?rest_route=\/wp\/v2\/types\/post"}],"author":[{"embeddable":true,"href":"https:\/\/uwg-hausen.de\/index.php?rest_route=\/wp\/v2\/users\/9"}],"replies":[{"embeddable":true,"href":"https:\/\/uwg-hausen.de\/index.php?rest_route=%2Fwp%2Fv2%2Fcomments&post=2583"}],"version-history":[{"count":1,"href":"https:\/\/uwg-hausen.de\/index.php?rest_route=\/wp\/v2\/posts\/2583\/revisions"}],"predecessor-version":[{"id":2584,"href":"https:\/\/uwg-hausen.de\/index.php?rest_route=\/wp\/v2\/posts\/2583\/revisions\/2584"}],"wp:featuredmedia":[{"embeddable":true,"href":"https:\/\/uwg-hausen.de\/index.php?rest_route=\/wp\/v2\/media\/2319"}],"wp:attachment":[{"href":"https:\/\/uwg-hausen.de\/index.php?rest_route=%2Fwp%2Fv2%2Fmedia&parent=2583"}],"wp:term":[{"taxonomy":"category","embeddable":true,"href":"https:\/\/uwg-hausen.de\/index.php?rest_route=%2Fwp%2Fv2%2Fcategories&post=2583"},{"taxonomy":"post_tag","embeddable":true,"href":"https:\/\/uwg-hausen.de\/index.php?rest_route=%2Fwp%2Fv2%2Ftags&post=2583"}],"curies":[{"name":"wp","href":"https:\/\/api.w.org\/{rel}","templated":true}]}}