{"id":2564,"date":"2024-07-07T22:52:35","date_gmt":"2024-07-07T20:52:35","guid":{"rendered":"https:\/\/uwg-hausen.de\/?p=2564"},"modified":"2024-11-16T13:44:56","modified_gmt":"2024-11-16T12:44:56","slug":"gemeinderatsitzung-juli2024","status":"publish","type":"post","link":"https:\/\/uwg-hausen.de\/?p=2564","title":{"rendered":"Gemeinderatsitzung &#8211; Juli&#8217;2024"},"content":{"rendered":"\n<h3 class=\"wp-block-heading has-text-align-center\"><strong>\u00a0Bauausschuss-Sitzung und Gemeinderatssitzung<\/strong> <strong>vom 02.07.2024 <\/strong><\/h3>\n\n\n\n<h6 class=\"wp-block-heading has-text-align-center\">(<strong>im B\u00fcrgerhaus der Gemeinde Hausen<\/strong>)<\/h6>\n\n\n\n<hr class=\"wp-block-separator has-alpha-channel-opacity\"\/>\n\n\n\n<p class=\"has-text-align-center\"><strong><strong><strong>Gemeinderatssitzung<\/strong><\/strong><\/strong><\/p>\n\n\n\n<hr class=\"wp-block-separator has-alpha-channel-opacity\"\/>\n\n\n\n<p>An diesem Sitzungstag folgte nach der BA-Sitzung eine nicht-\u00f6ffentliche Gemeinderatssitzung. Deshalb auch nur ein kleiner Bericht.<\/p>\n\n\n\n<p>Die Sitzung lockte nur 2 Zuh\u00f6rer an.<\/p>\n\n\n\n<p>Auch das Gremium machte umf\u00e4nglich von der Vertreterregelung Gebrauch. F\u00fcr Martin war Herbert am Start. Koll. Singer durch Koll. Stadter vertreten, Koll. Grimm wurde durch Koll. Steinbrecher ersetzt<\/p>\n\n\n\n<p class=\"has-text-align-right has-cyan-bluish-gray-background-color has-background\">Um 18.29 Uhr war die Sitzung bereits beendet.<\/p>\n\n\n\n<hr class=\"wp-block-separator has-alpha-channel-opacity\"\/>\n\n\n\n<h3 class=\"wp-block-heading has-text-align-center\"><strong><strong>Bauausschuss-Sitzung<\/strong><\/strong><\/h3>\n\n\n\n<hr class=\"wp-block-separator has-alpha-channel-opacity\"\/>\n\n\n\n<p>Aus der B\u00fcrgerfragestunde kam kein Beitrag.&nbsp;<\/p>\n\n\n\n<p>Die Tagesordnung wurde einstimmig angenommen und TOP 6 wurde abgesetzt, da noch Unterlagen nachgereicht werden.<\/p>\n\n\n\n<p><strong>TOP 1: <\/strong>Die Niederschrift wurde mit 6:0:2 Stimmen genehmigt. Die 2 Enthaltungen ergaben sich wegen Abwesenheit.<\/p>\n\n\n\n<p><strong>TOP 2: <\/strong>Hier wurden zum bestehenden Wohnhaus in Wimmelbach noch eine Terrassen- und Winterg\u00e4rtenanlegung, sowie Wohnraum f\u00fcr Arbeitnehmer usw. mittels Tekturplan eingereicht. Unter der Vorgabe, dass die 15 m Abstand zur Kreisstra\u00dfe eingehalten werden, wurde der Antrag einstimmig genehmigt.<\/p>\n\n\n\n<p><strong>TOP 3: <\/strong>Der Antrag beinhaltete die Errichtung einer Gaube an ein bestehendes Wohnhaus in der Heroldsbacher Stra\u00dfe. Ohne Diskussion und Beratung wurde die Genehmigung einstimmig erteilt.<\/p>\n\n\n\n<p><strong>TOP 4:<\/strong> Unter diesen TOP war \u00fcber die Errichtung eines sog. Tiny-Haus im Au\u00dfenbereich zu entscheiden. Der Antrag wurde als Bauvoranfrage eingereicht. Das H\u00e4uschen sollte nicht in der wilden Flur errichtet werden, sondern im Garten des Elternhauses. Von dort kommen auch die Versorgungsleitungen f\u00fcr das Projekt. Bedauerlicherweise geht durch diesen Garten die Baulinie und ist somit im Au\u00dfenbereich. Das Gremium hat sich mit 7:1 Stimmen f\u00fcr das Vorhaben ausgesprochen. Das letzte Wort hat aber das Landratsamt.<\/p>\n\n\n\n<p><strong>TOP 5:<\/strong> Am ehem. gro\u00dfen BRAAS-Baggersee will der Eigent\u00fcmer, der Fischereiverein Forchheim, 2 Lager-Container aufstellen. Bereits im November 2022 wurde der Antrag genehmigt, allerdings an einer anderen Stelle am See. Auch der neue Standort fand einstimmig Zustimmung.<\/p>\n\n\n\n<p><strong>TOP 6: <\/strong>\u00a0abgesetzt.<\/p>\n\n\n\n<p><a><strong>TOP 7: <\/strong>Unter Tagesordnungserg\u00e4nzungen, Informationen und Anfragen kam nix.<\/a><\/p>\n\n\n\n<p>Um 19.00 Uhr begann die nicht-\u00f6ffentliche Sitzung. 5 R\u00e4te meldeten sich entschuldigt abwesend.<\/p>\n\n\n\n<p>Es gab eine Latte an Vergaben f\u00fcr den Um- und Neubau des Sport- und Gemeindezentrums zu vergeben (TOP 5A &#8211; TOP 5K).<\/p>\n\n\n\n<p>Ferner war \u00fcber die eingegangenen Vorschl\u00e4ge f\u00fcr die \u201eW\u00fcrdigung verdienter Pers\u00f6nlichkeiten nach Ma\u00dfgabe der gemeindlichen Satzung \u00fcber Auszeichnungen und Ehrungen\u201c zu entscheiden. Da es im letzten Jahr keine Ehrungsrunde gab, k\u00f6nnen heuer mehrere Personen in den Genuss einer Ehrung kommen. Meine 3 pers\u00f6nlichen Favoriten haben gestochen. So war es f\u00fcr mich ein guter Abend.<\/p>\n\n\n\n<p class=\"has-text-align-right has-cyan-bluish-gray-background-color has-background\">Die Sitzung fand um 21.26 Uhr ihr Ende.<br>GR Brandmeier<\/p>\n\n\n\n<p><\/p>\n","protected":false},"excerpt":{"rendered":"<p>\u00a0Bauausschuss-Sitzung und Gemeinderatssitzung vom 02.07.2024 (im B\u00fcrgerhaus der Gemeinde Hausen) Gemeinderatssitzung An diesem Sitzungstag folgte nach der BA-Sitzung eine nicht-\u00f6ffentliche Gemeinderatssitzung. Deshalb auch nur ein kleiner Bericht. Die Sitzung lockte <a class=\"more-link\" href=\"https:\/\/uwg-hausen.de\/?p=2564\">Weiterlesen <i class=\"fa fa-chevron-right\"><\/i><\/a><\/p>\n","protected":false},"author":9,"featured_media":2319,"comment_status":"open","ping_status":"open","sticky":false,"template":"","format":"standard","meta":{"_eb_attr":"","footnotes":""},"categories":[144,241],"tags":[13,211,77,68,14],"class_list":["post-2564","post","type-post","status-publish","format-standard","has-post-thumbnail","hentry","category-gemeinderatssitzung","category-gemeinderatssitzung-2024","tag-gemeinderat","tag-glasfaserausbau","tag-krone","tag-nahwaermeversorgung","tag-sitzung"],"_links":{"self":[{"href":"https:\/\/uwg-hausen.de\/index.php?rest_route=\/wp\/v2\/posts\/2564","targetHints":{"allow":["GET"]}}],"collection":[{"href":"https:\/\/uwg-hausen.de\/index.php?rest_route=\/wp\/v2\/posts"}],"about":[{"href":"https:\/\/uwg-hausen.de\/index.php?rest_route=\/wp\/v2\/types\/post"}],"author":[{"embeddable":true,"href":"https:\/\/uwg-hausen.de\/index.php?rest_route=\/wp\/v2\/users\/9"}],"replies":[{"embeddable":true,"href":"https:\/\/uwg-hausen.de\/index.php?rest_route=%2Fwp%2Fv2%2Fcomments&post=2564"}],"version-history":[{"count":5,"href":"https:\/\/uwg-hausen.de\/index.php?rest_route=\/wp\/v2\/posts\/2564\/revisions"}],"predecessor-version":[{"id":2582,"href":"https:\/\/uwg-hausen.de\/index.php?rest_route=\/wp\/v2\/posts\/2564\/revisions\/2582"}],"wp:featuredmedia":[{"embeddable":true,"href":"https:\/\/uwg-hausen.de\/index.php?rest_route=\/wp\/v2\/media\/2319"}],"wp:attachment":[{"href":"https:\/\/uwg-hausen.de\/index.php?rest_route=%2Fwp%2Fv2%2Fmedia&parent=2564"}],"wp:term":[{"taxonomy":"category","embeddable":true,"href":"https:\/\/uwg-hausen.de\/index.php?rest_route=%2Fwp%2Fv2%2Fcategories&post=2564"},{"taxonomy":"post_tag","embeddable":true,"href":"https:\/\/uwg-hausen.de\/index.php?rest_route=%2Fwp%2Fv2%2Ftags&post=2564"}],"curies":[{"name":"wp","href":"https:\/\/api.w.org\/{rel}","templated":true}]}}