{"id":2414,"date":"2024-03-10T13:40:11","date_gmt":"2024-03-10T12:40:11","guid":{"rendered":"https:\/\/uwg-hausen.de\/?p=2414"},"modified":"2024-03-14T08:47:35","modified_gmt":"2024-03-14T07:47:35","slug":"gemeinderatsitzung-maerz-2024","status":"publish","type":"post","link":"https:\/\/uwg-hausen.de\/?p=2414","title":{"rendered":"Gemeinderatsitzung &#8211; M\u00e4rz 2024"},"content":{"rendered":"\n<p>Liebe B\u00fcrgerinnen und B\u00fcrger,<\/p>\n\n\n\n<p>der folgende Bericht wird Inhaltlich von Gemeinderat (GR) Georg Brandmeier zur Verf\u00fcgung gestellt und erh\u00e4lt unter Umst\u00e4nden Erg\u00e4nzungen aus dem Redaktionsteam der Vorstandschaft. Diese werden von uns dementsprechend kenntlich gemacht. <br>Bei Fragen und Anregungen kontaktieren Sie uns bitte \u00fcber die Mailadresse some@uwg-hausen.de oder sie nutzen die Kommentarfunktion der einzelnen Beitr\u00e4ge im unteren Bereich.&nbsp;<\/p>\n\n\n\n<h3 class=\"wp-block-heading has-text-align-center\"><strong>Gemeinderatssitzung vom 04.03.2024 <\/strong><\/h3>\n\n\n\n<h6 class=\"wp-block-heading has-text-align-center\">(<strong>im B\u00fcrgerhaus der Gemeinde Hausen<\/strong>)<\/h6>\n\n\n\n<hr class=\"wp-block-separator has-css-opacity\"\/>\n\n\n\n<h4 class=\"wp-block-heading has-text-align-center\"><strong>Allgemeines und Tagesordnung<\/strong><\/h4>\n\n\n\n<hr class=\"wp-block-separator has-css-opacity\"\/>\n\n\n\n<p>Zur GR-Sitzung fanden sich 6 Zuh\u00f6rer im B\u00fcrgerhaus ein. Von der Presse war Hr. Hitschfel anwesend.<\/p>\n\n\n\n<p>Aus der B\u00fcrgerfragestunde kamen keine Beitr\u00e4ge. Die Tagesordnung wurde einstimmig angenommen.<\/p>\n\n\n\n<p>TOP 1: Genehmigung der \u00f6ffentlichen Niederschrift vom 05.02.2024<\/p>\n\n\n\n<hr class=\"wp-block-separator has-alpha-channel-opacity\"\/>\n\n\n\n<h4 class=\"wp-block-heading has-text-align-center\"><strong>Informationen des B\u00fcrgermeisters<\/strong> <\/h4>\n\n\n\n<hr class=\"wp-block-separator has-alpha-channel-opacity\"\/>\n\n\n\n<p>TOP 2: Information des ersten B\u00fcrgermeisters<\/p>\n\n\n\n<ul class=\"wp-block-list\">\n<li>&nbsp;Der Hinweis auf die Sitzung des Wasserzweckverbandes am 19.03.2024.<\/li>\n\n\n\n<li>&nbsp;Dass das neue Fahrzeug f\u00fcr den gemeindlichen Fuhrpark; Opel Mocca E, da ist.<\/li>\n\n\n\n<li>&nbsp;Das der Skaterpark in 6 Wochen fertig sein soll.<\/li>\n\n\n\n<li>&nbsp;F\u00fcr das neue Gemeindezentrum im Bauabschnitt 1 die Au\u00dfenfassade fast fertig ist und die Innenr\u00e4ume angelegt wurden. Fertigstellung Ende dieses Jahres.<br>Im Bauabschnitt 2 wurden die Treppenabg\u00e4nge und der Aufzug betoniert. Im Mai 2025 ist mit der Fertigstellung dieses Bauabschnittes geplant.<\/li>\n\n\n\n<li>Zur UGG kam der Hinweis, dass 40 % der Haushalte angeschlossen sind.<\/li>\n\n\n\n<li>Zur Nahw\u00e4rme kam die Info, dass F\u00f6rdergelder in H\u00f6he von 6,12 Mio zugesagt wurden. Die Gesamtkosten belaufen sich auf 16 Mio (geplant waren 12 Mio). Bislang 300 Anschlusswillige. (siehe dazu auch meine Frage unter W\u00fcnsche und Antr\u00e4ge).<\/li>\n\n\n\n<li>Auf dem 2. Fu\u00dfballplatz wurden die Tore wieder installiert und k\u00f6nnen genutzt werden.<\/li>\n\n\n\n<li>Vollsperrung der Kreisstra\u00dfe zwischen Wehr und Kreisel ab den 11.03.2024 bis 12.04.2024. Die angestrebte halbseitige Sperrung wurde angeblich vom Landratsamt ohne Begr\u00fcndung abgelehnt.<\/li>\n<\/ul>\n\n\n\n<hr class=\"wp-block-separator has-alpha-channel-opacity\"\/>\n\n\n\n<h4 class=\"wp-block-heading has-text-align-center\">\u00d6ffentliche Bekanntgabe der in der nicht\u00f6ffentlichen Sitzung gefassten Beschl\u00fcsse<\/h4>\n\n\n\n<hr class=\"wp-block-separator has-alpha-channel-opacity\"\/>\n\n\n\n<p>Aus den nicht-\u00f6ffentlichen Sitzungen wurden lediglich die personellen Ver\u00e4nderungen in der Gemeindeverwaltung bekannt gegeben. Es kommt eine Frau Madlen D\u00fcrrbeck als Ersatz f\u00fcr Frau Lisa Gebhardt f\u00fcr die Zeit der Elternzeit. Und als Nachfolger f\u00fcr unseren K\u00e4mmerer Hr. Peter Fuchs-Greiner wird Hr. Matthias Andexinger nachr\u00fccken. Vormals K\u00e4mmerer in der VG Gosberg und in Heroldsbach wohnhaft.<\/p>\n\n\n\n<hr class=\"wp-block-separator has-alpha-channel-opacity\"\/>\n\n\n\n<h3 class=\"wp-block-heading has-text-align-center has-luminous-vivid-amber-background-color has-background\"><strong>Haushaltsplanung 2024<\/strong><\/h3>\n\n\n\n<hr class=\"wp-block-separator has-alpha-channel-opacity\"\/>\n\n\n\n<p>TOP 4: Haushaltsplanung 2024<\/p>\n\n\n\n<p>Die gesamte Sitzung stand unter den Einfluss der Haushaltsberatung und &#8211; feststellung. Wer genauere Infos ben\u00f6tigt kann das 181seitige HH-Buch gerne einsehen.<\/p>\n\n\n\n<p>Nur ein paar Eckdaten: <\/p>\n\n\n\n<ul class=\"wp-block-list\">\n<li><strong>Verschuldung 14 Mio.<\/strong> <\/li>\n\n\n\n<li>Im Jahr 2022 lag dieser Wert bei einer glatten 0. <\/li>\n\n\n\n<li>Das ergibt eine 2700 \u20ac pro Kopf Verschuldung. <\/li>\n<\/ul>\n\n\n\n<p>In unserem Nachbarort Heroldsbach liegt dieser Wert bei 120 \u20ac zum Vergleich und dort wurde vom Grafen eine Haushaltssperre verh\u00e4ngt.<\/p>\n\n\n\n<ul class=\"wp-block-list\">\n<li>Die Einkommenssteuer ist mit 3,6 Mio der gr\u00f6\u00dfte Einnahmeposten.<\/li>\n<\/ul>\n\n\n\n<p>Die Bef\u00fcrchtungen vieler B\u00fcrger, auch meiner Person, der Schuldenberg kann nur \u00fcber eine deutliche Erh\u00f6hung des Hebesatzes abgetragen werden, bezeichnete Bgm. Ruppert als Panikmache. Wortw\u00f6rtlich: <em>\u201eEine Hebesatzanhebung erfolgt nur mit \u201e<strong>Ma\u00df und Ziel<\/strong>\u201c<\/em>. <br>Was immer auch hinter dieser Aussage versteckt sein mag.<\/p>\n\n\n\n<p>Der Haushalt ging mit 11:3 Stimmen durch. Die Gegenstimmen kamen von Roland, Martin und mir. Die hohe Verschuldung wollten wir nicht mittragen. <br><\/p>\n\n\n\n<blockquote class=\"wp-block-quote has-text-align-right is-style-default has-light-green-cyan-background-color has-background is-layout-flow wp-block-quote-is-layout-flow\">\n<p class=\"has-text-align-center\">Warum haben sich die Gemeinder\u00e4te der UWG-Hausen gegen den 2024 Haushaltsentwurf entschieden? Die Antworten sind in unserer detaillierteren Haushaltsrede nachzulesen!<\/p>\n<cite>Anmerkung der Redaktion<\/cite><\/blockquote>\n\n\n\n<p class=\"has-text-align-center has-small-font-size\"><em>Die Haushaltsrede 2024 ist auf der UWG-Hausen Webseite unter dem Men\u00fcpunkt Themen zu finden <\/em><br><em>oder hier direkt mit <a href=\"http:\/\/uwg-hausen.de\/wp-content\/uploads\/2024\/03\/2024-03-04_Haushaltsrede-2024.pdf\" data-type=\"link\" data-id=\"http:\/\/uwg-hausen.de\/wp-content\/uploads\/2024\/03\/2024-03-04_Haushaltsrede-2024.pdf\">folgendem Link<\/a> nachzulesen.<\/em><\/p>\n\n\n\n<hr class=\"wp-block-separator has-alpha-channel-opacity\"\/>\n\n\n\n<h5 class=\"wp-block-heading has-text-align-center\"><strong>Weiteres<\/strong><\/h5>\n\n\n\n<hr class=\"wp-block-separator has-alpha-channel-opacity\"\/>\n\n\n\n<p>Unter Tagesordnungserg\u00e4nzungen und Anfragen trugen vor<\/p>\n\n\n\n<p><strong>GR Gar\u00e7on:<\/strong><\/p>\n\n\n\n<ul class=\"wp-block-list\">\n<li>F\u00fcr eine Familie aus Ruanda im ehem. Schleckeranwesen werden Freiwillige gesucht, welche einen Deutschunterricht vermitteln k\u00f6nnen.<\/li>\n\n\n\n<li>Dann wurden von ihm noch die fehlenden Mitfahrb\u00e4nke angesprochen. Diese werden demn\u00e4chst aufgestellt, so der B\u00fcrgermeister. <\/li>\n<\/ul>\n\n\n\n<hr class=\"wp-block-separator has-alpha-channel-opacity\"\/>\n\n\n\n<p class=\"has-cyan-bluish-gray-background-color has-background\"><em>nacht\u00e4gliche Korrektur durch GR R. Gar\u00e7on: 14.03.2024<\/em><\/p>\n\n\n\n<p>Wegen der ausgemusterten Werkzeuge des Bauhofes hat GR R. Gar\u00e7on nachgefragt und den Verdacht ge\u00e4u\u00dfert, dass diese vor Weiterverkauf nicht ordnungsgem\u00e4\u00df\u00a0<strong>ausgeschrieben<\/strong>\u00a0wurden. Der Bgm. entgegnete, dass diese \u00fcber die Zollauktion sehr wohl korrekt verwertet w\u00fcrden.<\/p>\n\n\n\n<p>Au\u00dferdem hatte GR R. Gar\u00e7on in der GR-sitzung folgende Bitte ge\u00e4u\u00dfert, die Schlagl\u00f6cher auf dem Weg vom Anwesen Steppert bis zur Schleuse mit Splitt zu verf\u00fcllen und zu verfestigen. Dies ist nach Aussagen vom Bauhofsleiter erledigt worden.<\/p>\n\n\n\n<hr class=\"wp-block-separator has-alpha-channel-opacity\"\/>\n\n\n\n<p><strong>GR Kemeth:<\/strong><\/p>\n\n\n\n<p>Er sprach den Hecken- und Baumr\u00fcckschnitt bzw. -entfernung am Friedhof an. Diese waren wertvolle Schattenspender bei Beerdigungen. Die Pflanzen waren abgestorben und mussten entfernt werden. Es kommen Nachpflanzungen, so Bgm.<\/p>\n\n\n\n<p><strong>GR Lindner:<\/strong><br>Ihr Anliegen waren die schlechten Gehwege.<\/p>\n\n\n\n<p><strong>GR Heilmann:<\/strong><\/p>\n\n\n\n<p>Er trug noch mal sein Anliegen vor einen Info-Abend mit Vertretern des Wasserwirtschaftsamtes bzgl. Hochwasserschutz anzusto\u00dfen.<\/p>\n\n\n\n<p class=\"has-luminous-vivid-amber-background-color has-background\"><strong>GR Brandmeier:<\/strong><br>Ich hatte noch eine Nachfrage zum Zahlenwerk Nahw\u00e4rme. Bei 16 Mio Kosten und 6,12 Mio Zusch\u00fcsse bleiben grob 10 Mio \u00fcber. Vom Bgm. kam die Antwort, dass die Anschlussinhaber diese Differenz stemmen m\u00fcssen. Das macht dann (schnell durchgerechnet) grob 33 000 \u20ac pro Anschluss. Das wurde vom Bgm. so auch best\u00e4tigt mit dem Hinweis eine neue Heizung kostet etwa auch 28 000 \u20ac. Ferner seien die Anschl\u00fcsse alle freiwillig. Es bleibt bei einer Anschlussgeb\u00fchr von 10 000 \u20ac pro Anschluss und die restlichen 20 000 \u20ac werden \u00fcber die n\u00e4chsten Jahre auf die Anschlussinhaber umgelegt (zzgl. der verbrauchten Energie).<br><\/p>\n\n\n\n<blockquote class=\"wp-block-quote has-text-align-right is-style-default has-light-green-cyan-background-color has-background is-layout-flow wp-block-quote-is-layout-flow\">\n<p>Details dazu in dem kommenden &#8220;Nachgefragt&#8221; Beitrag!<\/p>\n<cite>Anmerkung der Redaktion<\/cite><\/blockquote>\n\n\n\n<hr class=\"wp-block-separator has-css-opacity\"\/>\n\n\n\n<p class=\"has-text-align-right has-cyan-bluish-gray-background-color has-background\"><em>Um 22.35 Uhr endete die \u00f6ffentliche Sitzung. Um 23.15 Uhr war die komplette Sitzung beendet.<br>Author: GR Georg Brandmeier<\/em> <em>und in Teilen GR R. Gar\u00e7on<\/em><\/p>\n\n\n\n<p class=\"has-text-align-right\">Gemeinderatsitzung &#8211; 05.Februar 2024<\/p>\n\n\n\n<blockquote class=\"wp-block-quote has-text-align-right is-style-default is-layout-flow wp-block-quote-is-layout-flow\">\n<p><\/p>\n\n\n\n<p><\/p>\n<\/blockquote>\n","protected":false},"excerpt":{"rendered":"<p>Im M\u00e4rz &#8217;24 besch\u00e4ftigten Nahw\u00e4rme und Haushaltsplanung den Gemeinderat.<\/p>\n","protected":false},"author":9,"featured_media":2319,"comment_status":"open","ping_status":"open","sticky":false,"template":"","format":"standard","meta":{"_eb_attr":"","footnotes":""},"categories":[144,241],"tags":[13,211,77,68,14],"class_list":["post-2414","post","type-post","status-publish","format-standard","has-post-thumbnail","hentry","category-gemeinderatssitzung","category-gemeinderatssitzung-2024","tag-gemeinderat","tag-glasfaserausbau","tag-krone","tag-nahwaermeversorgung","tag-sitzung"],"_links":{"self":[{"href":"https:\/\/uwg-hausen.de\/index.php?rest_route=\/wp\/v2\/posts\/2414","targetHints":{"allow":["GET"]}}],"collection":[{"href":"https:\/\/uwg-hausen.de\/index.php?rest_route=\/wp\/v2\/posts"}],"about":[{"href":"https:\/\/uwg-hausen.de\/index.php?rest_route=\/wp\/v2\/types\/post"}],"author":[{"embeddable":true,"href":"https:\/\/uwg-hausen.de\/index.php?rest_route=\/wp\/v2\/users\/9"}],"replies":[{"embeddable":true,"href":"https:\/\/uwg-hausen.de\/index.php?rest_route=%2Fwp%2Fv2%2Fcomments&post=2414"}],"version-history":[{"count":12,"href":"https:\/\/uwg-hausen.de\/index.php?rest_route=\/wp\/v2\/posts\/2414\/revisions"}],"predecessor-version":[{"id":2478,"href":"https:\/\/uwg-hausen.de\/index.php?rest_route=\/wp\/v2\/posts\/2414\/revisions\/2478"}],"wp:featuredmedia":[{"embeddable":true,"href":"https:\/\/uwg-hausen.de\/index.php?rest_route=\/wp\/v2\/media\/2319"}],"wp:attachment":[{"href":"https:\/\/uwg-hausen.de\/index.php?rest_route=%2Fwp%2Fv2%2Fmedia&parent=2414"}],"wp:term":[{"taxonomy":"category","embeddable":true,"href":"https:\/\/uwg-hausen.de\/index.php?rest_route=%2Fwp%2Fv2%2Fcategories&post=2414"},{"taxonomy":"post_tag","embeddable":true,"href":"https:\/\/uwg-hausen.de\/index.php?rest_route=%2Fwp%2Fv2%2Ftags&post=2414"}],"curies":[{"name":"wp","href":"https:\/\/api.w.org\/{rel}","templated":true}]}}