{"id":2406,"date":"2024-02-10T13:38:00","date_gmt":"2024-02-10T12:38:00","guid":{"rendered":"https:\/\/uwg-hausen.de\/?p=2406"},"modified":"2024-03-13T10:57:42","modified_gmt":"2024-03-13T09:57:42","slug":"gemeinderatsitzung-februar-2024","status":"publish","type":"post","link":"https:\/\/uwg-hausen.de\/?p=2406","title":{"rendered":"Gemeinderatsitzung &#8211; Februar 2024"},"content":{"rendered":"\n<h3 class=\"wp-block-heading has-text-align-center\"><strong>Gemeinderatssitzung vom 05.02.2024 <\/strong><\/h3>\n\n\n\n<h6 class=\"wp-block-heading has-text-align-center\">(<strong>im B\u00fcrgerhaus der Gemeinde Hausen<\/strong>)<\/h6>\n\n\n\n<hr class=\"wp-block-separator has-css-opacity\"\/>\n\n\n<p>Liebe B\u00fcrgerinnen und B\u00fcrger,<\/p>\n<p>nach vielen internen Diskussionen haben wir uns in der Vorstandschaft der UWG-Hausen dazu entschieden die Beitr\u00e4ge zu den monatlichen Gemeinderatssitzungen wieder in der Webseite aufzunehmen und die regelm\u00e4\u00dfigen, vereinsinternen Beitr\u00e4ge zu ver\u00f6ffentlichen.<br \/>Inhaltlich wird uns vorrangig GR Georg Brandmeier unterst\u00fctzen, mit Erg\u00e4nzungen aus dem Redaktionsteam der Vorstandschaft. Wir hoffen damit ein wenig mehr zur Transparenz beitragen zu k\u00f6nnen.<br \/>Bei Fragen und Anregungen k\u00f6nnen Sie uns auf unterschiedlichste Weise kontaktieren.<br \/>Per DM \u00fcber Instagram oder \u00fcber die Mailadresse some@uwg-hausen.de oder sie nutzen die Kommentarfunktion der einzelnen Beitr\u00e4ge.\u00a0<\/p>\n\n\n<hr class=\"wp-block-separator has-css-opacity\"\/>\n\n\n\n<h4 class=\"wp-block-heading has-text-align-center\"><strong>Allgemeines und Tagesordnung<\/strong><\/h4>\n\n\n\n<hr class=\"wp-block-separator has-css-opacity\"\/>\n\n\n\n<p><\/p>\n\n\n\n<p>Zur GR-Sitzung fanden sich 16 Zuh\u00f6rer im B\u00fcrgerhaus ein. Von der Presse war neben Hr. Hitschfel f\u00fcr die NN auch Karl-Heinz Wirth vom FT anwesend.<\/p>\n\n\n\n<p>Das Gemeinderats-Gremium war an diesem Abend mal ausnahmsweise komplett.<\/p>\n\n\n\n<p>Aus der B\u00fcrgerfragestunde nutzten Bernd Demel und Jutta Augustat die Gelegenheit ihre N\u00f6te bzgl. des Nahw\u00e4rmkraftwerks als unmittelbare Nachbarn vorzutragen. Es wurden auch vern\u00fcnftige Vorschl\u00e4ge angesprochen. Als Antwort verwies Bgm. auf den TOP 4.<\/p>\n\n\n\n<p>Fritz klopfte den Sachstand zu seinem Fragebogen aus dem letzten Jahr ab, welcher bislang noch nicht beantwortet wurde. Und mahnte den Fristablauf f\u00fcr die F\u00f6rderantr\u00e4ge zur Nahw\u00e4rme an.<\/p>\n\n\n\n<p>Die Tagesordnung wurde einstimmig angenommen.<\/p>\n\n\n\n<p>TOP 1: Genehmigung der \u00f6ffentlichen Niederschrift vom 05.02.2024 Die Niederschrift wurde einstimmig genehmigt.<\/p>\n\n\n\n<hr class=\"wp-block-separator has-alpha-channel-opacity\"\/>\n\n\n\n<h4 class=\"wp-block-heading has-text-align-center\"><strong>Informationen des B\u00fcrgermeisters<\/strong> <\/h4>\n\n\n\n<hr class=\"wp-block-separator has-alpha-channel-opacity\"\/>\n\n\n\n<p>TOP 2: Als Infos vom Bgm. kam:<\/p>\n\n\n\n<ul class=\"wp-block-list\">\n<li>&#8211; &nbsp;F\u00fcr den Bau der Regnitzbr\u00fccke kam die wasserrechtliche Erlaubnis<\/li>\n\n\n\n<li>&#8211; &nbsp;Die Kosten f\u00fcr die Abnahme der Glasfaserbauma\u00dfnahmen beliefen sich auf 10 000 \u20ac<\/li>\n\n\n\n<li>&#8211; &nbsp;Die Hebes\u00e4tze f\u00fcr die Grundsteuer werden noch 2024 festgelegt (klar \u2013 die Gemeinde braucht Geld. Hoffentlich gibt es keine b\u00f6sen \u00dcberraschungen)<\/li>\n\n\n\n<li>&#8211; &nbsp;Es wurde ein schlechter Mobilfunkempfang in Hausen festgestellt. Man sei auf Ursachenforschung. <\/li>\n\n\n\n<li>TOP 3: Aus den nicht-\u00f6ffentlichen Sitzungen wurde bekannt gegeben<\/li>\n<\/ul>\n\n\n\n<ul class=\"wp-block-list\">\n<li>&#8211; &nbsp;dass eine neue Kehrmaschine f\u00fcr den Bauhof f\u00fcr 162 000 \u20ac angeschafft wurde<\/li>\n\n\n\n<li>&#8211; &nbsp;f\u00fcr die Verwaltung ein Opel Mocca geleast wurde f\u00fcr 3 000 \u20ac\/Jahr<\/li>\n\n\n\n<li>&#8211; &nbsp;und am 13.01.2024 eine Klausurtagung bzgl. Krone einberufen wurde<\/li>\n<\/ul>\n\n\n\n<hr class=\"wp-block-separator has-alpha-channel-opacity\"\/>\n\n\n\n<h2 class=\"wp-block-heading has-text-align-center has-black-color has-luminous-vivid-amber-background-color has-text-color has-background\"><strong>Einspr\u00fcche zum Bebauungsplan Nahw\u00e4rme<\/strong><\/h2>\n\n\n\n<hr class=\"wp-block-separator has-alpha-channel-opacity\"\/>\n\n\n\n<p>TOP 4: Unter diesen TOP waren die Einwendungen zur Aufstellung des Bebauungsplans Nahw\u00e4rme abzuarbeiten.<\/p>\n\n\n\n<p>Die von B\u00fcrgern und Beh\u00f6rden vorgetragen Einwendungen f\u00fcllten 29 Seiten (ich habe selbst 4 Stunden gebraucht um diese durchzuackern).<br>Das Ansinnen von GRin Steinbrenner einen Gesamtbeschluss durchzuf\u00fchren, ohne auf die einzelnen Punkte einzugehen, wurde abgeschmettert. Auch vom Bgm. da dies rechtswidrig sei.<\/p>\n\n\n\n<p>In der Vorlage wurden nicht die Schreiben der Beschwerdef\u00fchrer vorgelegt, sondern lediglich eine anonyme Zusammenfassung durch die Verwaltung. Schwierig.<\/p>\n\n\n\n<p>Die Einwendungen selbst richteten sich nicht gegen das Projekt Nahw\u00e4rme, sondern vor allem gegen den Standort. Es wurde bem\u00e4ngelt das bestes Bauland in exponierter Lage daf\u00fcr hergenommen wird. Alternativl\u00f6sungen (z.B. Fl\u00e4che bei der Kl\u00e4ranlage) wurden nicht ernsthaft gepr\u00fcft. Auch der riesige Bauk\u00f6rper am Ortseingang stie\u00df auf Ablehnung.<br>Vor allem die Emissionen (=alle St\u00f6rfaktoren, die durch menschliche Aktivit\u00e4ten in die Umwelt gelangen) und Immissionen (St\u00f6rfaktoren, die aus der Umwelt auf den Menschen oder seine Umwelt einwirken), wie Staub, L\u00e4rm usw. machen den Anwohnern zu schaffen.<\/p>\n\n\n\n<p>Letztendlich wurden alle Einwendungen erwartungsgem\u00e4\u00df abgeschmettert. Aber keine einstimmig. Die Gegenstimmen kamen meist von Gerlinde, Max, Martin, Roland, Herbert, mir und einmal sogar von Koll\u2018in Kupfer.<\/p>\n\n\n\n<p>Auf die Vernunft der Mehrheitstr\u00e4ger zu hoffen, war seitens der Anwohner vergeblich.<\/p>\n\n\n\n<p>Nun bleibt es abzuwarten, ob bei den vielen Beschwerden nicht einer den Gang vor das Verwaltungsgericht wagen wird. Und dann ist das Ding f\u00fcr lange Zeit erst einmal auf Eis gelegt.<\/p>\n\n\n\n<p>Wer die 29 Seiten Einwendungen einsehen m\u00f6chte, m\u00f6ge sich bei mir melden.<\/p>\n\n\n\n<hr class=\"wp-block-separator has-alpha-channel-opacity\"\/>\n\n\n\n<h4 class=\"wp-block-heading has-text-align-center\"><strong>Antrag : <\/strong><br><strong>Bierkellerrenovierung der UWG-Hausen<\/strong><\/h4>\n\n\n\n<hr class=\"wp-block-separator has-alpha-channel-opacity\"\/>\n\n\n\n<p>TOP 5: Die Vorlage der Jahresrechnung diente nur der Kenntnisnahme.<\/p>\n\n\n\n<p>TOP 6: UWG Antrag Sanierung und Renovierung von Bierkellern in HAusen<\/p>\n\n\n\n<p>Unser Antrag auf Sanierung der Bierkeller wurde einstimmig(!) angenommen. Uns ging es darum altes Kulturgut in Hausen zu erhalten und auch der \u00d6ffentlichkeit zug\u00e4nglich zu machen. Von privater Seite, vor allem Hr. Wolfgang Krug, wurde hier bereits Vorarbeit geleistet. Nun werden Untersuchungen stattfinden und das Ergebnis den Gemeinderat vorgelegt und die n\u00f6tigen Gelder im Haushalt eingestellt.<\/p>\n\n\n\n<hr class=\"wp-block-separator has-alpha-channel-opacity\"\/>\n\n\n\n<h4 class=\"wp-block-heading has-text-align-center\"><strong>Antrag: <br>Kinder- und Jugendtreff<\/strong><\/h4>\n\n\n\n<hr class=\"wp-block-separator has-alpha-channel-opacity\"\/>\n\n\n\n<p>TOP 7: Antrag zur Einf\u00fchrung eines regelm\u00e4\u00dfigen Kinder- und Jugendtreffs in Hausen<\/p>\n\n\n\n<p>Dieser TOP beinhaltete einen fraktions\u00fcbergreifenden Antrag auf Einf\u00fchrung eines regelm\u00e4\u00dfigen Kinder- und Jugendtreffs in Hausen. Insgeheim wurde hier eigentlich die Unt\u00e4tigkeit unseres hauptamtlichen (50 % mit Heroldsbach) Jugendpflegers Patrick Peter angeprangert. Hier wurde Besserung gelobt.<\/p>\n\n\n\n<hr class=\"wp-block-separator has-alpha-channel-opacity\"\/>\n\n\n\n<h5 class=\"wp-block-heading has-text-align-center\"><strong>Weiteres<\/strong><\/h5>\n\n\n\n<hr class=\"wp-block-separator has-alpha-channel-opacity\"\/>\n\n\n\n<p>TOP 8: Tagesordnungserg\u00e4nzungen und Anfragen Unter W\u00fcnsche und Antr\u00e4ge trugen vor<\/p>\n\n\n\n<p><strong>GR Lindner:<\/strong><\/p>\n\n\n\n<ul class=\"wp-block-list\">\n<li>&#8211; &nbsp;fehlende oder falsche Markierungen in der Thurner Stra\u00dfe<\/li>\n\n\n\n<li>&#8211; &nbsp;Zukunftspaket f\u00fcr junge Menschen<\/li>\n\n\n\n<li>&#8211; &nbsp;Sachstandsabfrage zur Nutzung \u00f6ffentl. Gr\u00fcnfl\u00e4chen in der Industriestra\u00dfe durch Privatpersonen Koll. Mauser:<\/li>\n<\/ul>\n\n\n\n<p>&#8211; Sprach \u00fcber den M\u00e4hroboter am Sportplatz und die Tore.<\/p>\n\n\n\n<p><strong>GR Gar\u00e7on:<\/strong><br>&#8211; Bem\u00e4ngelt die Vielzahl der Schlagl\u00f6cher auf den Fahrradweg den (oberen) Kanal<\/p>\n\n\n\n<p>entlang. Hier wurde vom Bgm. auf die Zust\u00e4ndigkeit des Wasserschifffahrtsamt verwiesen.<\/p>\n\n\n\n<hr class=\"wp-block-separator has-css-opacity\"\/>\n\n\n\n<p class=\"has-text-align-right has-cyan-bluish-gray-background-color has-background\"><em>Um 22.35 Uhr endete die \u00f6ffentliche Sitzung. Um 23.15 Uhr war die komplette Sitzung beendet.<br>GR Georg Brandmeier<\/em><\/p>\n\n\n\n<p class=\"has-text-align-right\">Gemeinderatsitzung &#8211; 05.Februar 2024<\/p>\n\n\n\n<blockquote class=\"wp-block-quote has-text-align-right is-style-default is-layout-flow wp-block-quote-is-layout-flow\">\n<p><\/p>\n\n\n\n<p><\/p>\n<\/blockquote>\n","protected":false},"excerpt":{"rendered":"<p>Endlich gings an die Einspr\u00fcche der Anwohner zur Standortplanung Nahw\u00e4rme. Zudem gab&#8217;s was zu Bierkellern und der Einf\u00fchrung eines egelm\u00e4\u00dfiger Jugendtreff&#8217;s<\/p>\n","protected":false},"author":9,"featured_media":2319,"comment_status":"open","ping_status":"open","sticky":false,"template":"","format":"standard","meta":{"_eb_attr":"","footnotes":""},"categories":[144,241],"tags":[13,211,77,68,14],"class_list":["post-2406","post","type-post","status-publish","format-standard","has-post-thumbnail","hentry","category-gemeinderatssitzung","category-gemeinderatssitzung-2024","tag-gemeinderat","tag-glasfaserausbau","tag-krone","tag-nahwaermeversorgung","tag-sitzung"],"_links":{"self":[{"href":"https:\/\/uwg-hausen.de\/index.php?rest_route=\/wp\/v2\/posts\/2406","targetHints":{"allow":["GET"]}}],"collection":[{"href":"https:\/\/uwg-hausen.de\/index.php?rest_route=\/wp\/v2\/posts"}],"about":[{"href":"https:\/\/uwg-hausen.de\/index.php?rest_route=\/wp\/v2\/types\/post"}],"author":[{"embeddable":true,"href":"https:\/\/uwg-hausen.de\/index.php?rest_route=\/wp\/v2\/users\/9"}],"replies":[{"embeddable":true,"href":"https:\/\/uwg-hausen.de\/index.php?rest_route=%2Fwp%2Fv2%2Fcomments&post=2406"}],"version-history":[{"count":12,"href":"https:\/\/uwg-hausen.de\/index.php?rest_route=\/wp\/v2\/posts\/2406\/revisions"}],"predecessor-version":[{"id":2463,"href":"https:\/\/uwg-hausen.de\/index.php?rest_route=\/wp\/v2\/posts\/2406\/revisions\/2463"}],"wp:featuredmedia":[{"embeddable":true,"href":"https:\/\/uwg-hausen.de\/index.php?rest_route=\/wp\/v2\/media\/2319"}],"wp:attachment":[{"href":"https:\/\/uwg-hausen.de\/index.php?rest_route=%2Fwp%2Fv2%2Fmedia&parent=2406"}],"wp:term":[{"taxonomy":"category","embeddable":true,"href":"https:\/\/uwg-hausen.de\/index.php?rest_route=%2Fwp%2Fv2%2Fcategories&post=2406"},{"taxonomy":"post_tag","embeddable":true,"href":"https:\/\/uwg-hausen.de\/index.php?rest_route=%2Fwp%2Fv2%2Ftags&post=2406"}],"curies":[{"name":"wp","href":"https:\/\/api.w.org\/{rel}","templated":true}]}}