{"id":2351,"date":"2023-11-08T12:43:23","date_gmt":"2023-11-08T11:43:23","guid":{"rendered":"https:\/\/uwg-hausen.de\/?p=2351"},"modified":"2023-11-08T13:56:30","modified_gmt":"2023-11-08T12:56:30","slug":"jahreshauptversammlung-2023","status":"publish","type":"post","link":"https:\/\/uwg-hausen.de\/?p=2351","title":{"rendered":"Jahreshauptversammlung &#8216;2023"},"content":{"rendered":"\n<p class=\"has-text-align-left\">Hallo liebe Mitglieder!<br>Am 26.11.2023 findet unsere diesj\u00e4hrige Jahreshauptversammlung statt. Um 18:00 Uhr starten wir im Saal der Gastst\u00e4tte Schwarzer Amboss. Traditionell laden unsere Gemeinder\u00e4te zusammen mit der UWG-Hausen zum gemeinsamen Abendessen ein. Wir freuen uns auf Euch!<\/p>\n\n\n\n<figure class=\"wp-block-pullquote has-text-align-center has-background has-luminous-vivid-amber-background-color is-style-solid-color has-black-color has-text-color\" style=\"border-style:solid;border-radius:0px\"><blockquote><p>Wir bitten alle Mitglieder um m\u00f6glichst vollz\u00e4hlige Teilnahme.<\/p><cite>Vorstand der UWG-Hausen<\/cite><\/blockquote><\/figure>\n\n\n\n<h3 class=\"wp-block-heading\"><br>Unsere Tagesordnung:<\/h3>\n\n\n\n<p class=\"has-text-align-left\">1. Begru\u0308\u00dfung durch den Vorsitzenden<br>2. Bericht der Vorstandschaft<br>3. Bericht vom Kassenwart<br>4. Entlastung der Vorstandschaft<br>5. Bericht des Fraktionsvorsitzenden<br>6. Ehrungen<br>7.&nbsp;Satzungs\u00e4nderung<br>8.&nbsp;W\u00fcnsche und Antr\u00e4ge<\/p>\n","protected":false},"excerpt":{"rendered":"<p>Hallo liebe Mitglieder!<br \/>\n Am Sonntag, den 26.11.2023 um 18.00 Uhr, findet im Gasthaus Schwarzer Ambo\u00df die j\u00e4hrliche Mitgliederversammlung statt.<\/p>\n","protected":false},"author":3,"featured_media":2344,"comment_status":"closed","ping_status":"closed","sticky":false,"template":"","format":"standard","meta":{"_eb_attr":"","footnotes":""},"categories":[204,239],"tags":[205,48,49],"class_list":["post-2351","post","type-post","status-publish","format-standard","has-post-thumbnail","hentry","category-jhv","category-termin","tag-intern","tag-jahreshauptversammlung","tag-mitgliederversammlung"],"_links":{"self":[{"href":"https:\/\/uwg-hausen.de\/index.php?rest_route=\/wp\/v2\/posts\/2351","targetHints":{"allow":["GET"]}}],"collection":[{"href":"https:\/\/uwg-hausen.de\/index.php?rest_route=\/wp\/v2\/posts"}],"about":[{"href":"https:\/\/uwg-hausen.de\/index.php?rest_route=\/wp\/v2\/types\/post"}],"author":[{"embeddable":true,"href":"https:\/\/uwg-hausen.de\/index.php?rest_route=\/wp\/v2\/users\/3"}],"replies":[{"embeddable":true,"href":"https:\/\/uwg-hausen.de\/index.php?rest_route=%2Fwp%2Fv2%2Fcomments&post=2351"}],"version-history":[{"count":3,"href":"https:\/\/uwg-hausen.de\/index.php?rest_route=\/wp\/v2\/posts\/2351\/revisions"}],"predecessor-version":[{"id":2371,"href":"https:\/\/uwg-hausen.de\/index.php?rest_route=\/wp\/v2\/posts\/2351\/revisions\/2371"}],"wp:featuredmedia":[{"embeddable":true,"href":"https:\/\/uwg-hausen.de\/index.php?rest_route=\/wp\/v2\/media\/2344"}],"wp:attachment":[{"href":"https:\/\/uwg-hausen.de\/index.php?rest_route=%2Fwp%2Fv2%2Fmedia&parent=2351"}],"wp:term":[{"taxonomy":"category","embeddable":true,"href":"https:\/\/uwg-hausen.de\/index.php?rest_route=%2Fwp%2Fv2%2Fcategories&post=2351"},{"taxonomy":"post_tag","embeddable":true,"href":"https:\/\/uwg-hausen.de\/index.php?rest_route=%2Fwp%2Fv2%2Ftags&post=2351"}],"curies":[{"name":"wp","href":"https:\/\/api.w.org\/{rel}","templated":true}]}}