{"id":2250,"date":"2023-02-26T21:36:25","date_gmt":"2023-02-26T20:36:25","guid":{"rendered":"https:\/\/uwg-hausen.de\/?p=2250"},"modified":"2023-03-04T09:48:20","modified_gmt":"2023-03-04T08:48:20","slug":"umleitung-heroldsbach-ueber-weststrasse-thurn","status":"publish","type":"post","link":"https:\/\/uwg-hausen.de\/?p=2250","title":{"rendered":"Umleitung Heroldsbach \u00fcber Weststrasse\/Thurn"},"content":{"rendered":"\n<h2 class=\"has-text-align-center has-medium-font-size wp-block-heading\"><strong>Umleitung Heroldsbach \u00fcber Weststrasse\/Thurn<\/strong><\/h2>\n\n\n\n<p>Seit Monaten wird der \u00fcber die Heroldsbacher Str. durch die Ortschaft Hausen in Richtung Heroldsbach gehende Kreisverkehr \u00fcber die Weststra\u00dfe umgeleitet, obwohl die Kreisstra\u00dfe bis in den Ortsteil Heroldsbach durchgehend befahrbar ist und dort umgeleitet werden kann. Ein dauerndes \u00c4rgernis und stetige Mehrbelastung der Hausener Anwohner sowie der Strasseninfrastruktur.<\/p>\n\n\n\n<p>Trotz der funktionierenden Durchfahrt f\u00fcr Anwohner und Lieferanten passiert hier nicht&#8217;s. Die Wohnsiedlungen von Hausen stehen weiterhin unter der Belastung eines fehlgeleiteten Kreisverkehrs.<\/p>\n\n\n<div class=\"wp-block-image\">\n<figure class=\"aligncenter is-resized\"><img fetchpriority=\"high\" decoding=\"async\" src=\"http:\/\/uwg-hausen.de\/wp-content\/uploads\/2023\/02\/Foto_Weststrasse-2023-02-rotated.jpg\" alt=\"\" class=\"wp-image-2252\" width=\"233\" height=\"233\" srcset=\"https:\/\/uwg-hausen.de\/wp-content\/uploads\/2023\/02\/Foto_Weststrasse-2023-02-rotated.jpg 480w, https:\/\/uwg-hausen.de\/wp-content\/uploads\/2023\/02\/Foto_Weststrasse-2023-02-rotated-300x300.jpg 300w, https:\/\/uwg-hausen.de\/wp-content\/uploads\/2023\/02\/Foto_Weststrasse-2023-02-rotated-150x150.jpg 150w, https:\/\/uwg-hausen.de\/wp-content\/uploads\/2023\/02\/Foto_Weststrasse-2023-02-rotated-60x60.jpg 60w\" sizes=\"(max-width: 233px) 100vw, 233px\" \/><figcaption class=\"wp-element-caption\">Blick Einfahrt Weststrasse<\/figcaption><\/figure>\n<\/div>\n\n\n<p>Unser Fraktionsvorsitzender Roland Gar\u00e7on, hat sich deshalb direkt an den Landrat Herrn Dr. Ulm mit einer Aufforderung zum Beheben der Umst\u00e4nde gerichtet.<\/p>\n\n\n\n<p>Des Weiteren bem\u00e4ngelt Gemeinderat Gar\u00e7on die irref\u00fchrende Strassenbeschilderung in der Weststrasse. Augenmerk liegt hier vor allem auf der Ausschilderung bzgl. des zul\u00e4ssigen Gesamtgewichts von 7,5t. Diese kommt f\u00fcr beiden Einfahrtsrichtungen viel zu sp\u00e4t, sodass Fahrzeuge \u00fcber dem zul\u00e4ssigen Gewicht kaum M\u00f6glichkeiten zum Wenden erhalten. Au\u00dferdem ist das Schild aus Richtung Heroldsbacherstrasse ungew\u00f6hnlich klein und kann aus der Kreuzung nicht als solches eindeutig eingesehen werden.<\/p>\n\n\n<div class=\"wp-block-image\">\n<figure class=\"aligncenter size-full\"><img decoding=\"async\" width=\"480\" height=\"270\" src=\"http:\/\/uwg-hausen.de\/wp-content\/uploads\/2023\/02\/Foto_Heroldsbacherstr-2023-02-rotated.jpg\" alt=\"\" class=\"wp-image-2253\" srcset=\"https:\/\/uwg-hausen.de\/wp-content\/uploads\/2023\/02\/Foto_Heroldsbacherstr-2023-02-rotated.jpg 480w, https:\/\/uwg-hausen.de\/wp-content\/uploads\/2023\/02\/Foto_Heroldsbacherstr-2023-02-rotated-300x169.jpg 300w\" sizes=\"(max-width: 480px) 100vw, 480px\" \/><figcaption class=\"wp-element-caption\">Sperrung Heroldsbacherstrasse<\/figcaption><\/figure>\n<\/div>\n\n\n<p>Wir warten gespannt auf die Antwort aus dem Landratsamt und hoffen auf eine zeitnahe Entlastung von Anwohnern und Strassen.<\/p>\n\n\n\n<blockquote class=\"wp-block-quote is-style-default is-layout-flow wp-block-quote-is-layout-flow\">\n<p class=\"has-luminous-vivid-amber-to-luminous-vivid-orange-gradient-background has-background has-medium-font-size\">Was sagt Ihr dazu? Seid Ihr eventuell direkt davon betroffen?<\/p>\n<cite>UWG-Hausen<\/cite><\/blockquote>\n\n\n\t<div id=\"respond\" class=\"comment-respond has-text-align-center wp-block-post-comments-form has-small-font-size\">\n\t\t<h3 id=\"reply-title\" class=\"comment-reply-title\">Schreibe einen Kommentar <small><a rel=\"nofollow\" id=\"cancel-comment-reply-link\" href=\"\/index.php?rest_route=%2Fwp%2Fv2%2Fposts%2F2250#respond\" style=\"display:none;\">Antwort abbrechen<\/a><\/small><\/h3><form action=\"https:\/\/uwg-hausen.de\/wp-comments-post.php\" method=\"post\" id=\"commentform\" class=\"comment-form\"><p class=\"comment-notes\"><span id=\"email-notes\">Deine E-Mail-Adresse wird nicht ver\u00f6ffentlicht.<\/span> <span class=\"required-field-message\">Erforderliche Felder sind mit <span class=\"required\">*<\/span> markiert<\/span><\/p><p class=\"comment-form-comment\"><label for=\"comment\">Kommentar <span class=\"required\">*<\/span><\/label> <textarea id=\"comment\" name=\"comment\" cols=\"45\" rows=\"8\" maxlength=\"65525\" required=\"required\"><\/textarea><\/p><p class=\"comment-form-author\"><label for=\"author\">Name <span class=\"required\">*<\/span><\/label> <input id=\"author\" name=\"author\" type=\"text\" value=\"\" size=\"30\" maxlength=\"245\" autocomplete=\"name\" required=\"required\" \/><\/p>\n<p class=\"comment-form-email\"><label for=\"email\">E-Mail-Adresse <span class=\"required\">*<\/span><\/label> <input id=\"email\" name=\"email\" type=\"text\" value=\"\" size=\"30\" maxlength=\"100\" aria-describedby=\"email-notes\" autocomplete=\"email\" required=\"required\" \/><\/p>\n<p class=\"comment-form-url\"><label for=\"url\">Website<\/label> <input id=\"url\" name=\"url\" type=\"text\" value=\"\" size=\"30\" maxlength=\"200\" autocomplete=\"url\" \/><\/p>\n<p class=\"comment-form-cookies-consent\"><input id=\"wp-comment-cookies-consent\" name=\"wp-comment-cookies-consent\" type=\"checkbox\" value=\"yes\" \/> <label for=\"wp-comment-cookies-consent\">Name, E-Mail-Adresse und Website in diesem Browser f\u00fcr meinen n\u00e4chsten Kommentar speichern.<\/label><\/p>\n<div role=\"note\" class=\"comment-form-policy-top-copy\" style=\"font-size:80%\"><p>Zur Bereitstellung der Kommentarfunktion m\u00fcssen wir aus technischer Sicht einige Daten aus Deiner Kontaktaufnahme speichern. Diese Daten werden wir nicht weitergegeben, \u00fcbermitteln oder zu einem anderen Zwecken als dem zur Kommentarfunktion geh\u00f6renden n\u00f6tigen Umfang nutzen.<\/p>\n<\/div>\n<p class=\"comment-form-policy\">\n            <label for=\"policy\" style=\"display:block !important\">\n                <input id=\"policy\" name=\"policy\" value=\"policy-key\" class=\"comment-form-policy__input\" type=\"checkbox\" style=\"width:auto; margin-right:7px;\" aria-required=\"true\">Ich habe die <a\n\t\t\thref=\"https:\/\/uwg-hausen.de\/?page_id=6\"\n\t\t\ttarget=\"_self\"\n\t\t\trel=\"\"\n\t\t\tclass=\"comment-form-policy__see-more-link\">Datenschutzerkl\u00e4rung\n\t\t<\/a> gelesen und akzeptiert.<span class=\"comment-form-policy__required required\"> *<\/span>\n            <\/label>\n        <\/p>\n<p class=\"form-submit\"><input name=\"submit\" type=\"submit\" id=\"submit\" class=\"submit\" value=\"Kommentar abschicken\" \/> <input type='hidden' name='comment_post_ID' value='2250' id='comment_post_ID' \/>\n<input type='hidden' name='comment_parent' id='comment_parent' value='0' \/>\n<\/p><\/form>\t<\/div><!-- #respond -->\n\t","protected":false},"excerpt":{"rendered":"<p>Die unn\u00f6tige Beschilderung zur Sperrung der Heroldsbacher Strasse sorgt weiterhin f\u00fcr Mehrbelastungen im Bereich Weststrasse\/Lohe.<\/p>\n","protected":false},"author":2,"featured_media":2253,"comment_status":"open","ping_status":"open","sticky":false,"template":"","format":"aside","meta":{"_eb_attr":"","footnotes":""},"categories":[6,156,101,228],"tags":[233,234,229,230],"class_list":["post-2250","post","type-post","status-publish","format-aside","has-post-thumbnail","hentry","category-alltag","category-tempo30","category-uwg-informiert","category-verkehrsfuehrung","tag-7-5t","tag-sperrungheroldsbach","tag-umleitung","tag-verkehr","post_format-post-format-aside"],"_links":{"self":[{"href":"https:\/\/uwg-hausen.de\/index.php?rest_route=\/wp\/v2\/posts\/2250","targetHints":{"allow":["GET"]}}],"collection":[{"href":"https:\/\/uwg-hausen.de\/index.php?rest_route=\/wp\/v2\/posts"}],"about":[{"href":"https:\/\/uwg-hausen.de\/index.php?rest_route=\/wp\/v2\/types\/post"}],"author":[{"embeddable":true,"href":"https:\/\/uwg-hausen.de\/index.php?rest_route=\/wp\/v2\/users\/2"}],"replies":[{"embeddable":true,"href":"https:\/\/uwg-hausen.de\/index.php?rest_route=%2Fwp%2Fv2%2Fcomments&post=2250"}],"version-history":[{"count":23,"href":"https:\/\/uwg-hausen.de\/index.php?rest_route=\/wp\/v2\/posts\/2250\/revisions"}],"predecessor-version":[{"id":2293,"href":"https:\/\/uwg-hausen.de\/index.php?rest_route=\/wp\/v2\/posts\/2250\/revisions\/2293"}],"wp:featuredmedia":[{"embeddable":true,"href":"https:\/\/uwg-hausen.de\/index.php?rest_route=\/wp\/v2\/media\/2253"}],"wp:attachment":[{"href":"https:\/\/uwg-hausen.de\/index.php?rest_route=%2Fwp%2Fv2%2Fmedia&parent=2250"}],"wp:term":[{"taxonomy":"category","embeddable":true,"href":"https:\/\/uwg-hausen.de\/index.php?rest_route=%2Fwp%2Fv2%2Fcategories&post=2250"},{"taxonomy":"post_tag","embeddable":true,"href":"https:\/\/uwg-hausen.de\/index.php?rest_route=%2Fwp%2Fv2%2Ftags&post=2250"}],"curies":[{"name":"wp","href":"https:\/\/api.w.org\/{rel}","templated":true}]}}