{"id":2180,"date":"2022-11-17T22:04:46","date_gmt":"2022-11-17T21:04:46","guid":{"rendered":"https:\/\/uwg-hausen.de\/?p=2180"},"modified":"2023-08-24T11:35:20","modified_gmt":"2023-08-24T09:35:20","slug":"buergerversammlung-hausen-klimawandel-geht-oberfranken-das-wasser-aus","status":"publish","type":"post","link":"https:\/\/uwg-hausen.de\/?p=2180","title":{"rendered":"B\u00fcrgerversammlung Klimawandel  \u2013 Geht Oberfranken das Wasser aus?"},"content":{"rendered":"<div class=\"wp-block-image is-style-rounded\">\n<figure class=\"aligncenter size-full is-resized\"><img fetchpriority=\"high\" decoding=\"async\" src=\"http:\/\/uwg-hausen.de\/wp-content\/uploads\/2022\/11\/UWG-Hausen_Versammlung.jpg\" alt=\"B\u00fcrgerversammlung\" class=\"wp-image-2183\" style=\"width:450px;height:254px\" width=\"450\" height=\"254\" srcset=\"https:\/\/uwg-hausen.de\/wp-content\/uploads\/2022\/11\/UWG-Hausen_Versammlung.jpg 600w, https:\/\/uwg-hausen.de\/wp-content\/uploads\/2022\/11\/UWG-Hausen_Versammlung-300x169.jpg 300w\" sizes=\"(max-width: 450px) 100vw, 450px\" \/><\/figure>\n<\/div>\n\n\n<p>Hallo liebe Leser,<\/p>\n\n\n\n<p>wir m\u00f6chten Euch gerne \u00fcber zwei Veranstaltungen informieren.<\/p>\n\n\n\n<hr class=\"wp-block-separator has-alpha-channel-opacity\"\/>\n\n\n\n<p class=\"has-text-align-center has-medium-font-size\">Die erste Veranstaltung ist die <strong>Hausener B\u00fcrgerversammlung<\/strong>. <\/p>\n\n\n\n<p>Diese findet am <strong>24.11.2022<\/strong> um <strong>18:30 Uhr im Sportheim Wimmelbach<\/strong> statt.<strong> <\/strong><br>Die Tagesordnung umfasst den Bericht des B\u00fcrgermeisters \u00fcber die aktuelle Situation und weitere Entwicklungen. Dazu die Behandlung der schriftlich eingereichten Antr\u00e4ge und im Nachgang eine Diskussion \u00fcber Angelegenheiten von allgemeinem gemeindlichen Interesse. <br>Diese B\u00fcrgerversammlung findet aktuell nur einmal j\u00e4hrlich statt, wir hoffen daher auf eine gut besuchte Veranstaltung. Die Gemeinder\u00e4te der UWG-Hausen sowie der Vorstand freuen sich auf einen diskussionsreichen Abend mit Euch. <\/p>\n\n\n\n<p>Aktuell findet Ihr keine weiteren Infos zur Veranstatltung auf der Gemeindewebseite. Schaut daher gerne auch ins Amtsblatt. Sobald wir weitere Infos haben, werden wir sie hier nat\u00fcrlich ver\u00f6ffentlichen. Derweil erstmal nur der Link zu unserem Veranstaltungskalender: <a rel=\"noreferrer noopener\" href=\"https:\/\/uwg-hausen.de\/?tribe_events=freie-waehler-fraktion-vor-ort-wassermangel-in-oberfranken\" target=\"_blank\">Hier<\/a><\/p>\n\n\n\n<hr class=\"wp-block-separator has-alpha-channel-opacity\"\/>\n\n\n\n<p class=\"has-text-align-center has-medium-font-size\">Die zweite Veransatlung befasst sich mit dem Thema: <br><strong>Klimawandel \u2013 Geht Oberfranken das Wasser aus?<\/strong> <\/p>\n\n\n\n<p><br>Die Landtagsfraktion der freien W\u00e4hler, vertreten durch Rainer Ludwig (MdL) und unserem Umweltminister Thorsten Glauber, laden am Montag den <strong>28.11.2022 um 19:00 Uhr<\/strong> in den <strong>Pilatushof, Hausen<\/strong> ein. Als Gast wird Prof. Dr. Olaf Mietz, Leiter Institut f\u00fcr angewandte Gew\u00e4sser\u00f6kologie ein Impulsreferat zur Wasserknappheit abhalten. Im Anschluss folgt eine Stellungnahme des Umweltministers. Zum Ende soll es eine \u00f6ffentliche Thema-Diskussion geben. <br>Wir hoffen auf reges Interesse und freuen uns viele von Euch wieder zu treffen oder auch neue Gesichter zu entdecken.<br><br><em>Eure UWG-Hausen.<\/em><\/p>\n","protected":false},"excerpt":{"rendered":"<p>B\u00fcrgerversammlung 2022 und Infoabend Wasserknappheit<\/p>\n","protected":false},"author":3,"featured_media":2183,"comment_status":"open","ping_status":"open","sticky":false,"template":"","format":"standard","meta":{"_eb_attr":"","footnotes":""},"categories":[7,216,239,214,1,215],"tags":[219,220,217,221,218],"class_list":["post-2180","post","type-post","status-publish","format-standard","has-post-thumbnail","hentry","category-buerger","category-oberfranken","category-termin","category-umwelt","category-uncategorized","category-wasserknappheit","tag-freiewaehler","tag-mdl","tag-umwelt","tag-umweltminister","tag-wasser"],"_links":{"self":[{"href":"https:\/\/uwg-hausen.de\/index.php?rest_route=\/wp\/v2\/posts\/2180","targetHints":{"allow":["GET"]}}],"collection":[{"href":"https:\/\/uwg-hausen.de\/index.php?rest_route=\/wp\/v2\/posts"}],"about":[{"href":"https:\/\/uwg-hausen.de\/index.php?rest_route=\/wp\/v2\/types\/post"}],"author":[{"embeddable":true,"href":"https:\/\/uwg-hausen.de\/index.php?rest_route=\/wp\/v2\/users\/3"}],"replies":[{"embeddable":true,"href":"https:\/\/uwg-hausen.de\/index.php?rest_route=%2Fwp%2Fv2%2Fcomments&post=2180"}],"version-history":[{"count":17,"href":"https:\/\/uwg-hausen.de\/index.php?rest_route=\/wp\/v2\/posts\/2180\/revisions"}],"predecessor-version":[{"id":2336,"href":"https:\/\/uwg-hausen.de\/index.php?rest_route=\/wp\/v2\/posts\/2180\/revisions\/2336"}],"wp:featuredmedia":[{"embeddable":true,"href":"https:\/\/uwg-hausen.de\/index.php?rest_route=\/wp\/v2\/media\/2183"}],"wp:attachment":[{"href":"https:\/\/uwg-hausen.de\/index.php?rest_route=%2Fwp%2Fv2%2Fmedia&parent=2180"}],"wp:term":[{"taxonomy":"category","embeddable":true,"href":"https:\/\/uwg-hausen.de\/index.php?rest_route=%2Fwp%2Fv2%2Fcategories&post=2180"},{"taxonomy":"post_tag","embeddable":true,"href":"https:\/\/uwg-hausen.de\/index.php?rest_route=%2Fwp%2Fv2%2Ftags&post=2180"}],"curies":[{"name":"wp","href":"https:\/\/api.w.org\/{rel}","templated":true}]}}