{"id":2128,"date":"2022-08-02T07:00:00","date_gmt":"2022-08-02T05:00:00","guid":{"rendered":"https:\/\/uwg-hausen.de\/?p=2128"},"modified":"2022-08-01T17:51:28","modified_gmt":"2022-08-01T15:51:28","slug":"nachgefragt-thema-nahwaerme-glasfaserausbau-2-update","status":"publish","type":"post","link":"https:\/\/uwg-hausen.de\/?p=2128","title":{"rendered":"Nachgefragt &#8211; Thema Nahw\u00e4rme &#038; Glasfaserausbau (2. Update)"},"content":{"rendered":"\n<p>Die ersten vier Fragen aus dem letzten Beitrag zum Thema Nahw\u00e4rme und dem aktuellen Glasfaserausbau in der Gemeinde haben wir sehr flott beantwortet bekommen. Daraufhin sind jede Menge weitere Fragen bei uns aufgekommen, die wir, wie versprochen, direkt an unseren 1. B\u00fcrgermeister weitergegeben.<br>Da es sich diesmal um wesentlich mehr Fragen handelt, wird die Beantwortung sicher nicht ganz so schnell gehen. Wir sind jedoch sicher, dass uns auch hier Rede und Antwort gegeben wird.<br>Der nun folgende Beitrag wird daher mit den neuen Fragen um einiges l\u00e4nger.<\/p>\n\n\n\n<div style=\"height:61px\" aria-hidden=\"true\" class=\"wp-block-spacer\"><\/div>\n\n\n\n<p>Klar haben wir viele Fragen erhalten, trotzdem wollen wir&#8217;s immer noch wissen. Also stell uns Deine Frage\/n auch gerne zu anderen Themen und schick sie an die <a rel=\"noreferrer noopener\" href=\"mailto:nachgefragt@uwg-hausen.de\" target=\"_blank\">nachgefragt<strong>@<\/strong>uwg-hausen.de<\/a>.<\/p>\n\n\n\n<p>Vorstand der UWG-Hausen<\/p>\n\n\n\n<div style=\"height:82px\" aria-hidden=\"true\" class=\"wp-block-spacer\"><\/div>\n\n\n\n<p>Hier geht&#8217;s los mit den neuen Fragen: <\/p>\n\n\n\n<h4 class=\"has-text-align-center has-vivid-red-color has-luminous-vivid-amber-background-color has-text-color has-background wp-block-heading\">Thema Glasfaser<\/h4>\n\n\n\n<div style=\"height:27px\" aria-hidden=\"true\" class=\"wp-block-spacer\"><\/div>\n\n\n\n<div class=\"wp-block-columns is-layout-flex wp-container-core-columns-is-layout-9d6595d7 wp-block-columns-is-layout-flex\">\n<div class=\"wp-block-column is-layout-flow wp-block-column-is-layout-flow\">\n<h5 class=\"has-luminous-vivid-amber-background-color has-background wp-block-heading\">Wir erhalten Berichte, dass auf dem\u00a0Gel\u00e4nde\u00a0abends nach 18 Uhr und am Wochenende\u00a0gearbeitet wird.<\/h5>\n<\/div>\n\n\n\n<div class=\"wp-block-column is-layout-flow wp-block-column-is-layout-flow\">\n<p class=\"has-small-font-size\"><strong>Hintergrund:<\/strong> <br>Es fahren offenbar regelm\u00e4\u00dfig Radlader oder andere Baufahrzeuge auf dem Gel\u00e4nde und es wird zu dieser Zeit  gearbeitet.\u00a0 Wir sollten als Gemeinde\/Auftraggeber darauf achten das der Subunternehmer und der Glasfaserbetreiber die gesetzlichen Ruhezeiten einhalten!\u00a0<strong> \u00a0\u00a0<\/strong><\/p>\n<\/div>\n<\/div>\n\n\n\n<hr class=\"wp-block-separator has-alpha-channel-opacity is-style-dots\"\/>\n\n\n\n<div class=\"wp-block-columns is-layout-flex wp-container-core-columns-is-layout-9d6595d7 wp-block-columns-is-layout-flex\">\n<div class=\"wp-block-column is-layout-flow wp-block-column-is-layout-flow\">\n<h5 class=\"has-luminous-vivid-amber-background-color has-background wp-block-heading\">Weshalb werden die Arbeiten am Glasfaserausbau nicht von ortsans\u00e4ssigen Firmen durchgef\u00fchrt?\u00a0<\/h5>\n<\/div>\n\n\n\n<div class=\"wp-block-column is-layout-flow wp-block-column-is-layout-flow\">\n<p class=\"has-small-font-size\"><strong>Hintergrund:<br><\/strong>Die Frage ist legitim, da Steuergelder besser lokal ausgegeben werden sollten. So bleibt das Investment im eigenen Kreislauf und f\u00f6rdert auch heimische Arbeitspl\u00e4tze.\u00a0\u00a0<\/p>\n<\/div>\n<\/div>\n\n\n\n<hr class=\"wp-block-separator has-alpha-channel-opacity is-style-dots\"\/>\n\n\n\n<div class=\"wp-block-columns is-layout-flex wp-container-core-columns-is-layout-9d6595d7 wp-block-columns-is-layout-flex\">\n<div class=\"wp-block-column is-layout-flow wp-block-column-is-layout-flow\" style=\"flex-basis:50%\">\n<h5 class=\"has-luminous-vivid-amber-background-color has-background wp-block-heading\">Warum wird das Gel\u00e4nde am ehem. Toxic als Baulager genutzt &#8211; wurde das im Gemeinderat beschlossen? <\/h5>\n<\/div>\n\n\n\n<div class=\"wp-block-column is-layout-flow wp-block-column-is-layout-flow\" style=\"flex-basis:50%\">\n<p class=\"has-small-font-size\"><strong>Hintergrund:<\/strong><br>Hier werden offenbar Materialien,  Maschinen und Kontainer abgestellt bzw. gelagert. Was hat es damit auf sich. Geh\u00f6rt das nur zum Subunternehmer der UGG und auf welche Art ist die Nutzung mit der gemeinde abgesprochen worden.<\/p>\n<\/div>\n<\/div>\n\n\n\n<hr class=\"wp-block-separator has-alpha-channel-opacity is-style-dots\"\/>\n\n\n\n<div class=\"wp-block-columns is-layout-flex wp-container-core-columns-is-layout-9d6595d7 wp-block-columns-is-layout-flex\">\n<div class=\"wp-block-column is-layout-flow wp-block-column-is-layout-flow\" style=\"flex-basis:50%\">\n<h5 class=\"has-luminous-vivid-amber-background-color has-background wp-block-heading\">Das Gel\u00e4nde ist schon eine Weile als Aushubdeponie in Nutzung! Wurde das jemals auf die Umweltvertr\u00e4glichkeit \/ Zul\u00e4ssigkeit gepr\u00fcft bzw. vom Gemeinderat beschlossen?<\/h5>\n<\/div>\n\n\n\n<div class=\"wp-block-column is-layout-flow wp-block-column-is-layout-flow\" style=\"flex-basis:50%\">\n<p class=\"has-small-font-size\"><strong>Hintergrund:<\/strong><br>Hier befinden sich jede Menge Erdaushub und \u00e4hnliches Material. Dies f\u00e4llt nicht nur in Hinblick auf die kommenden Bauma\u00dfnahmen zur Nahw\u00e4rme aktuell auf.<br>(siehe auch Fragenblock Nahw\u00e4rme)<\/p>\n<\/div>\n<\/div>\n\n\n\n<hr class=\"wp-block-separator has-alpha-channel-opacity is-style-dots\"\/>\n\n\n\n<h4 class=\"has-text-align-center has-vivid-red-color has-luminous-vivid-amber-background-color has-text-color has-background wp-block-heading\">Thema Nahw\u00e4rme<\/h4>\n\n\n\n<div style=\"height:28px\" aria-hidden=\"true\" class=\"wp-block-spacer\"><\/div>\n\n\n\n<div class=\"wp-block-columns is-layout-flex wp-container-core-columns-is-layout-9d6595d7 wp-block-columns-is-layout-flex\">\n<div class=\"wp-block-column is-layout-flow wp-block-column-is-layout-flow\" style=\"flex-basis:50%\">\n<h5 class=\"has-luminous-vivid-amber-background-color has-background wp-block-heading\">Wie&nbsp;&nbsp;sieht die Grobplanung f\u00fcr die kommenden Bauphasen aus ?<\/h5>\n<\/div>\n\n\n\n<div class=\"wp-block-column is-layout-flow wp-block-column-is-layout-flow\" style=\"flex-basis:50%\">\n<p style=\"font-size:15px\"><strong>Hintergrund:<\/strong><br>Die B\u00fcrger interessieren sich sehr f\u00fcr die kommenden Ereignisse rund um die Bauma\u00dfnahmen der Nahw\u00e4rme. <br>Weitere Detailfragen befinden sich im Absatz unten!<\/p>\n<\/div>\n<\/div>\n\n\n\n<ul class=\"has-cyan-bluish-gray-background-color has-background wp-block-list\" style=\"font-size:15px\"><li>Wann startet die Grobplanung zum Kraftwerksbau?<\/li><li>Wie ist die Trassen- und Logistikplanung?<\/li><li>Welche Pl\u00e4ne gibt es zur Verkehrsregelung f\u00fcr Nahverkehr\u00a0und B\u00fcrger w\u00e4hrend der Bauphase?<\/li><li>Was passiert mit Aushubmaterial aus den jeweiligen Bau-\/Grabungsarbeiten zur Nahw\u00e4rme? Muss hier eventuell mit Kosten auf Grund\u00a0kontaminierter Erde gerechnet werden\u00a0und wer m\u00fcsste\u00a0so etwas zahlen?<\/li><\/ul>\n\n\n\n<hr class=\"wp-block-separator has-alpha-channel-opacity is-style-dots\"\/>\n\n\n\n<div class=\"wp-block-columns is-layout-flex wp-container-core-columns-is-layout-9d6595d7 wp-block-columns-is-layout-flex\">\n<div class=\"wp-block-column is-layout-flow wp-block-column-is-layout-flow\">\n<div style=\"height:27px\" aria-hidden=\"true\" class=\"wp-block-spacer\"><\/div>\n<\/div>\n<\/div>\n\n\n\n<div class=\"wp-block-columns is-layout-flex wp-container-core-columns-is-layout-9d6595d7 wp-block-columns-is-layout-flex\">\n<div class=\"wp-block-column is-layout-flow wp-block-column-is-layout-flow\" style=\"flex-basis:50%\">\n<h5 class=\"has-luminous-vivid-amber-background-color has-background wp-block-heading\">Auch hier haben wir zum geplanten Standort des Nahw\u00e4rmekraftwerks im Bereich ehem. Toxic Fragen erhalten.<\/h5>\n<\/div>\n\n\n\n<div class=\"wp-block-column is-layout-flow wp-block-column-is-layout-flow\" style=\"flex-basis:50%\">\n<p style=\"font-size:15px\"><strong>Hintergrund:<\/strong><br>Der Platz um das ehemalige Toxicgel\u00e4nde steht stark im Fokus der B\u00fcrger. Gerade auch, weil sich dieser an der Hauptverkehrsader von Hausen und in unmittelbarer N\u00e4he zu den Anwohnern befindet. Detailfragen gibt es im Absatz unten!<\/p>\n<\/div>\n<\/div>\n\n\n\n<ul class=\"has-cyan-bluish-gray-background-color has-background wp-block-list\" style=\"font-size:15px\"><li>Welche Alternativfl\u00e4chen wurden in der Standortwahl ber\u00fccksichtigt?<\/li><li>Was ist mit den Bedenken der Anwohner bez\u00fcglich der kommenden Emissionsbelastung? <ul><li>Womit muss\u00a0gerechnet werden?<\/li><\/ul><\/li><li>Wie wird das Grundst\u00fcck der Nahw\u00e4rme GmbH zur Verf\u00fcgung gestellt?<\/li><li>Was passiert mit den Materialien, die hier schon seit Jahren\u00a0lagern?<\/li><\/ul>\n\n\n\n<hr class=\"wp-block-separator has-alpha-channel-opacity is-style-dots\"\/>\n\n\n\n<div class=\"wp-block-columns is-layout-flex wp-container-core-columns-is-layout-9d6595d7 wp-block-columns-is-layout-flex\">\n<div class=\"wp-block-column is-layout-flow wp-block-column-is-layout-flow\">\n<h5 class=\"has-luminous-vivid-amber-background-color has-background wp-block-heading\">Wie sieht der finale W\u00e4rmeliefervertrag aus?<\/h5>\n<\/div>\n\n\n\n<div class=\"wp-block-column is-layout-flow wp-block-column-is-layout-flow\">\n<p style=\"font-size:15px\"><strong>Hintergrund:<\/strong><br>Die Anbindung an einen neuen W\u00e4rmelieferanten und somit der Gang in eine langfristige Abh\u00e4ngigkeit von diesem l\u00e4sst die B\u00fcrger sehr genau nach dem Wo und Wie fragen. Die Details im Vertrag sind hier entscheidend. Weitere Detailfragen im Absatz darunter.<\/p>\n<\/div>\n<\/div>\n\n\n\n<ul class=\"has-cyan-bluish-gray-background-color has-background wp-block-list\" style=\"font-size:15px\"><li>Wie sind die Laufzeiten und wie sehen die\u00a0K\u00fcndigungsmodalit\u00e4ten aus?\u00a0<\/li><li>Gibt es unter Umst\u00e4nden einen Entwurf, der ver\u00f6ffentlicht werden kann?<\/li><\/ul>\n\n\n\n<hr class=\"wp-block-separator has-alpha-channel-opacity is-style-dots\"\/>\n\n\n\n<hr class=\"wp-block-separator has-alpha-channel-opacity\"\/>\n\n\n\n<div class=\"wp-block-columns is-layout-flex wp-container-core-columns-is-layout-9d6595d7 wp-block-columns-is-layout-flex\">\n<div class=\"wp-block-column is-layout-flow wp-block-column-is-layout-flow\">\n<h5 class=\"has-luminous-vivid-amber-background-color has-background wp-block-heading\">Kann die Nahw\u00e4rme um eine zus\u00e4tzlichen Energietr\u00e4ger, wie z. B. Solarthermie privat erg\u00e4nzt werden?<\/h5>\n<\/div>\n\n\n\n<div class=\"wp-block-column is-layout-flow wp-block-column-is-layout-flow\">\n<p style=\"font-size:15px\"><strong>Hintergrund:<\/strong><br>Bei den B\u00fcrgern w\u00e4chst zunehmend das Verst\u00e4ndnis f\u00fcr Energieverbrauch\/-herkunft und es h\u00e4ufen sich die Fragen nach der Art der Erzeugung von Energie, dem sog. Energietr\u00e4ger. Hierbei ist viel mach- und kombinierbar.<\/p>\n<\/div>\n<\/div>\n\n\n\n<p class=\"has-text-align-center has-pale-pink-background-color has-background\" style=\"font-size:15px\">Im\u00a0Zuge\u00a0dessen stellt sich die Frage nach dem Grundpreis: Offenbar kann der Grundpreis gesenkt werden, wenn die Abnahme durch energetische Ma\u00dfnahmen reduziert wird.\u00a0Hierzu gibt es\u00a0einen\u00a0Gesetzentwurf der\u00a0Bundesregierung. Darin hei\u00dft es sinngem\u00e4\u00df, der\u00a0Grundpreis kann um 50 % reduziert werden, sobald der Verbraucher die\u00a0reduzierte Leistung durch erneuerbare\u00a0Energien ersetzen kann.\u00a0<a href=\"https:\/\/www.gesetze-im-internet.de\/avbfernw_rmev\/__3.html\">https:\/\/www.gesetze-im-internet.de\/avbfernw_rmev\/__3.html<\/a>\u00a0(\u00a7 3 Anpassung Leistung, AVB Fernw\u00e4rmeV)<\/p>\n\n\n\n<hr class=\"wp-block-separator has-alpha-channel-opacity is-style-dots\"\/>\n\n\n\n<div class=\"wp-block-columns is-layout-flex wp-container-core-columns-is-layout-9d6595d7 wp-block-columns-is-layout-flex\">\n<div class=\"wp-block-column is-layout-flow wp-block-column-is-layout-flow\">\n<h5 class=\"has-luminous-vivid-amber-background-color has-background wp-block-heading\">Wie sieht der geplante Energiemix&nbsp;der&nbsp;Nahw\u00e4rme aus?&nbsp;<\/h5>\n<\/div>\n\n\n\n<div class=\"wp-block-column is-layout-flow wp-block-column-is-layout-flow\">\n<p style=\"font-size:15px\"><strong>Hintergrund:<\/strong><br>Es wurde von Biomasse, also Hackschnitzel oder Pellets, gesprochen. Gerade in der aktuellen Diskussion um die Gasabh\u00e4ngigkeiten der Bundesrepublik steht der Enrgiemix hier besonders im Fokus.<\/p>\n<\/div>\n<\/div>\n\n\n\n<ul class=\"has-cyan-bluish-gray-background-color has-background wp-block-list\" style=\"font-size:15px\"><li>Ist es geplant, Solarenergie in der Nahw\u00e4rmeerzeugung einzusetzen? &#8211; Photovoltaik oder Solarthermie<\/li><li>Ist das Thema Gas nach den anhaltenden Pressemeldungen komplett vom Tisch?<\/li><\/ul>\n\n\n\n<div class=\"wp-block-columns is-layout-flex wp-container-core-columns-is-layout-9d6595d7 wp-block-columns-is-layout-flex\">\n<div class=\"wp-block-column is-layout-flow wp-block-column-is-layout-flow\">\n<h5 class=\"has-luminous-vivid-amber-background-color has-background wp-block-heading\">Wie lange dauert die Bauma\u00dfnahme f\u00fcr den eigentlichen Hausanschluss?&nbsp;<\/h5>\n<\/div>\n\n\n\n<div class=\"wp-block-column is-layout-flow wp-block-column-is-layout-flow\">\n<p style=\"font-size:15px\"><strong>Hintergrund:<\/strong><br>Hier gibt es offenbar auch Bedenken bez\u00fcglich der Dichtheit des get\u00e4tigten Wanddurchbruchs. Kann der B\u00fcrgermeister diese entkr\u00e4ftigen?<\/p>\n<\/div>\n<\/div>\n\n\n\n<hr class=\"wp-block-separator has-alpha-channel-opacity is-style-dots\"\/>\n\n\n\n<div class=\"wp-block-columns is-layout-flex wp-container-core-columns-is-layout-9d6595d7 wp-block-columns-is-layout-flex\">\n<div class=\"wp-block-column is-layout-flow wp-block-column-is-layout-flow\">\n<h5 class=\"has-luminous-vivid-amber-background-color has-background wp-block-heading\">Wem geh\u00f6rt nach Fertigstellung was und wer ist f\u00fcr kommende Wartungen verantwortlich?&nbsp; &nbsp;<\/h5>\n<\/div>\n\n\n\n<div class=\"wp-block-column is-layout-flow wp-block-column-is-layout-flow\">\n<p style=\"font-size:15px\"><strong>Hintergrund:<\/strong><br>Neben der zu planenden Wartung im Heizkraftwerk selbst, muss auch die Technik im Haus regelm\u00e4\u00dfig gewartet werden. Daher kommt die Frage nach der Zugeh\u00f6rigkeit und den Folgekosten.<\/p>\n<\/div>\n<\/div>\n\n\n\n<hr class=\"wp-block-separator has-alpha-channel-opacity is-style-dots\"\/>\n\n\n\n<p>Hier nochmal die ersten vier Fragen aus dem Update vom 19.07.2022.<\/p>\n\n\n\n<div class=\"wp-block-columns is-layout-flex wp-container-core-columns-is-layout-9d6595d7 wp-block-columns-is-layout-flex\">\n<div class=\"wp-block-column is-layout-flow wp-block-column-is-layout-flow\">\n<h5 class=\"has-luminous-vivid-amber-background-color has-background wp-block-heading\">Findet eine Kombination von Nahw\u00e4hrme- und Glasfaserausbau statt?<\/h5>\n<\/div>\n\n\n\n<div class=\"wp-block-column is-layout-flow wp-block-column-is-layout-flow\">\n<p><strong>Hintergrund:<\/strong><br>In den Flyern wurde diese Kombination im Zusammenhang mit den Stadtwerken Forchheim (FoOne) mit einer Kostenersparnis beworben<\/p>\n<\/div>\n<\/div>\n\n\n\n<blockquote class=\"wp-block-quote has-cyan-bluish-gray-background-color has-background is-layout-flow wp-block-quote-is-layout-flow\"><p>Der Gemeinderat hat im Januar dem eigenwirtschaftlichen Glasfaserausbau durch die<br>UGG f\u00fcr beide Ortsteile f\u00fcr alle Haushalte beschlossen. So ist bei gleichzeitigem<br>Abschluss eines Providervertrages das Glasfaser sogar f\u00fcr jeden Haushalt kostenlos.<br>Die Umsetzung erfolgt bereits seit Anfang Juli 2022<\/p><cite>1. B\u00fcrgermeister, Bernd Ruppert (18.07.2022)<\/cite><\/blockquote>\n\n\n\n<hr class=\"wp-block-separator has-alpha-channel-opacity\"\/>\n\n\n\n<div class=\"wp-block-columns is-layout-flex wp-container-core-columns-is-layout-9d6595d7 wp-block-columns-is-layout-flex\">\n<div class=\"wp-block-column is-layout-flow wp-block-column-is-layout-flow\">\n<h5 class=\"has-luminous-vivid-amber-background-color has-background wp-block-heading\">Aus welchen Grund sind die Stadtwerke Forchheim nicht mehr Teil der Betreibergesellschaft?<\/h5>\n<\/div>\n\n\n\n<div class=\"wp-block-column is-layout-flow wp-block-column-is-layout-flow\">\n<p><strong>Hintergrund:<\/strong>&nbsp;In den FAQ vom Dezember 2021 wurden diese neben der Gemeinde Hausen und dem Biomasseheizwerk Forchheim als Partner genannt. Laut dem Zeitungsbericht \u00fcber die letzte Gemeinderatssitzung wussten die Stadtwerke Forchheim nichts von Ihrem Ausschluss als Projektpartner.<\/p>\n<\/div>\n<\/div>\n\n\n\n<blockquote class=\"wp-block-quote has-black-color has-cyan-bluish-gray-background-color has-text-color has-background is-layout-flow wp-block-quote-is-layout-flow\"><p>Bisher gibt es hierzu keine Stellungnahme!<\/p><cite>Vorstand der UWG-Hausen, 01.08.2022<\/cite><\/blockquote>\n\n\n\n<hr class=\"wp-block-separator has-alpha-channel-opacity\"\/>\n\n\n\n<div class=\"wp-block-columns is-layout-flex wp-container-core-columns-is-layout-9d6595d7 wp-block-columns-is-layout-flex\">\n<div class=\"wp-block-column is-layout-flow wp-block-column-is-layout-flow\">\n<h5 class=\"has-luminous-vivid-amber-background-color has-background wp-block-heading\">Bis wann und wie wird die im Zeitungsartikel angek\u00fcndigte gro\u00dfe Karte aller Anschlussnehmer ver\u00f6ffentlicht?<\/h5>\n<\/div>\n\n\n\n<div class=\"wp-block-column is-layout-flow wp-block-column-is-layout-flow\">\n<p><strong>Hintergrund:<\/strong> Es ist \u00f6ffentlich bekannt gegeben das die Nahw\u00e4rme nun startet und damit steigt auch das Interesse, welche Strassenz\u00fcge einbezogen werden und ab wann.<br><\/p>\n<\/div>\n<\/div>\n\n\n\n<blockquote class=\"wp-block-quote is-style-default has-cyan-bluish-gray-background-color has-background is-layout-flow wp-block-quote-is-layout-flow\"><p>Aus Datenschutzgr\u00fcnden wird keine Karte mit dem Anschlussnehmern, sondern der<br>\u201enur\u201c der Trassenverlauf ver\u00f6ffentlicht. Wie beim aktuellen Planungsstand beschrieben<br>bekommen die Anschlussnehmer ein Anschreiben.<\/p><cite>1.B\u00fcrgermeister, Bernd Ruppert (18.07.2022)<\/cite><\/blockquote>\n\n\n\n<hr class=\"wp-block-separator has-alpha-channel-opacity\"\/>\n\n\n\n<div class=\"wp-block-columns is-layout-flex wp-container-core-columns-is-layout-9d6595d7 wp-block-columns-is-layout-flex\">\n<div class=\"wp-block-column is-layout-flow wp-block-column-is-layout-flow\" style=\"flex-basis:100%\">\n<div class=\"wp-block-columns is-layout-flex wp-container-core-columns-is-layout-9d6595d7 wp-block-columns-is-layout-flex\">\n<div class=\"wp-block-column is-layout-flow wp-block-column-is-layout-flow\">\n<h5 class=\"has-luminous-vivid-amber-background-color has-background wp-block-heading\">Wie k\u00f6nnen Nachz\u00fcgler und Neuerschlie\u00dfer sich zuk\u00fcnftig an den bestehenden Nahw\u00e4rmenetz anschlie\u00dfen?<\/h5>\n<\/div>\n\n\n\n<div class=\"wp-block-column is-layout-flow wp-block-column-is-layout-flow\">\n<p><strong>Hintergrund: <\/strong>Die Verunsicherung der Bev\u00f6lkerung auf Grund der aktuellen Geschehnisse zum Thema Gas- und Enerigeversorgung.<\/p>\n<\/div>\n<\/div>\n<\/div>\n<\/div>\n\n\n\n<blockquote class=\"wp-block-quote has-cyan-bluish-gray-background-color has-background is-layout-flow wp-block-quote-is-layout-flow\"><p>Ein nachtr\u00e4glicher Anschluss ist grunds\u00e4tzlich m\u00f6glich. Hier muss im Einzelfall gepr\u00fcft<br>werden, ob auf diesem Trassenabschnitt noch Kapazit\u00e4t in der Leitung vorhanden ist.<br>Wir k\u00f6nnen nicht unendlich gr\u00f6\u00dfer dimensionieren, weil sonst der Leitungsverlust f\u00fcr<br>die bereits angeschlossenen enorm w\u00e4re.<\/p><cite>1. B\u00fcrgermeister, Bernd Ruppert (18.07.2022)<\/cite><\/blockquote>\n\n\n\n<hr class=\"wp-block-separator has-alpha-channel-opacity\"\/>\n","protected":false},"excerpt":{"rendered":"<p>&#8220;nachgefragt&#8221; geht weiter &#8211; Die neuen Fragen zum Thema Glasfaserausbau und Nahw\u00e4rme<\/p>\n","protected":false},"author":3,"featured_media":2147,"comment_status":"closed","ping_status":"closed","sticky":false,"template":"elementor_theme","format":"standard","meta":{"_eb_attr":"","footnotes":""},"categories":[212,190,1,101],"tags":[211,210,68],"class_list":["post-2128","post","type-post","status-publish","format-standard","has-post-thumbnail","hentry","category-nachgefragt","category-noch-fragen","category-uncategorized","category-uwg-informiert","tag-glasfaserausbau","tag-nachgefragt","tag-nahwaermeversorgung"],"_links":{"self":[{"href":"https:\/\/uwg-hausen.de\/index.php?rest_route=\/wp\/v2\/posts\/2128","targetHints":{"allow":["GET"]}}],"collection":[{"href":"https:\/\/uwg-hausen.de\/index.php?rest_route=\/wp\/v2\/posts"}],"about":[{"href":"https:\/\/uwg-hausen.de\/index.php?rest_route=\/wp\/v2\/types\/post"}],"author":[{"embeddable":true,"href":"https:\/\/uwg-hausen.de\/index.php?rest_route=\/wp\/v2\/users\/3"}],"replies":[{"embeddable":true,"href":"https:\/\/uwg-hausen.de\/index.php?rest_route=%2Fwp%2Fv2%2Fcomments&post=2128"}],"version-history":[{"count":17,"href":"https:\/\/uwg-hausen.de\/index.php?rest_route=\/wp\/v2\/posts\/2128\/revisions"}],"predecessor-version":[{"id":2160,"href":"https:\/\/uwg-hausen.de\/index.php?rest_route=\/wp\/v2\/posts\/2128\/revisions\/2160"}],"wp:featuredmedia":[{"embeddable":true,"href":"https:\/\/uwg-hausen.de\/index.php?rest_route=\/wp\/v2\/media\/2147"}],"wp:attachment":[{"href":"https:\/\/uwg-hausen.de\/index.php?rest_route=%2Fwp%2Fv2%2Fmedia&parent=2128"}],"wp:term":[{"taxonomy":"category","embeddable":true,"href":"https:\/\/uwg-hausen.de\/index.php?rest_route=%2Fwp%2Fv2%2Fcategories&post=2128"},{"taxonomy":"post_tag","embeddable":true,"href":"https:\/\/uwg-hausen.de\/index.php?rest_route=%2Fwp%2Fv2%2Ftags&post=2128"}],"curies":[{"name":"wp","href":"https:\/\/api.w.org\/{rel}","templated":true}]}}