{"id":2012,"date":"2022-05-16T18:54:31","date_gmt":"2022-05-16T16:54:31","guid":{"rendered":"https:\/\/uwg-hausen.de\/?p=2012"},"modified":"2023-08-24T11:29:03","modified_gmt":"2023-08-24T09:29:03","slug":"jahreshauptversammlung-2022","status":"publish","type":"post","link":"https:\/\/uwg-hausen.de\/?p=2012","title":{"rendered":"Jahreshauptversammlung &#8216;2022"},"content":{"rendered":"\n<p class=\"has-text-align-left\">Hallo liebe Mitglieder!<br>Am 22.05.2022 findet endlich unsere l\u00e4ngst \u00fcberf\u00e4llige Jahreshauptversammlung statt. Um 15:00 Uhr starten wir im Saal der Gastst\u00e4tte Schwarzer Amboss. Es gibt Kaffee und Kuchen und wer m\u00f6chte, bleibt nach Abschluss unserer Tagesordnung zum gemeinsamen Abendessen im Kreise unserer Gemeinder\u00e4te. Wir freuen uns auf Euch!<\/p>\n\n\n\n<figure class=\"wp-block-pullquote has-text-align-center has-background has-luminous-vivid-amber-background-color is-style-solid-color has-black-color has-text-color\" style=\"border-style:solid;border-radius:0px\"><blockquote><p>Wir haben viel vor und bitten um rege Teilnahme.<\/p><cite>Vorstand der UWG-Hausen<\/cite><\/blockquote><\/figure>\n\n\n\n<h3 class=\"wp-block-heading\"><br>Unsere Tagesordnung:<\/h3>\n\n\n\n<p class=\"has-text-align-left\">1. Begru\u0308\u00dfung durch den Vorsitzenden<br>2. Totengedenken<br>3. Bericht der Vorstandschaft<br>4. Entlastung der Vorstandschaft<br>5. Bericht des Fraktionsvorsitzenden<br>6. Ehrungen<br>7. Turnusm\u00e4\u00dfige Neuwahlen<br>8. Wu\u0308nsche und Antr\u00e4ge<\/p>\n","protected":false},"excerpt":{"rendered":"<p>Hallo liebe Mitglieder!<br \/>\nAm 22.05.2022 findet endlich unsere l\u00e4ngst \u00fcberf\u00e4llige Jahreshauptversammlung statt. Um 15:00 Uhr starten wir im Saal der Gastst\u00e4tte Schwarzer Amboss. <\/p>\n","protected":false},"author":3,"featured_media":2183,"comment_status":"closed","ping_status":"closed","sticky":false,"template":"","format":"standard","meta":{"_eb_attr":"","footnotes":""},"categories":[204,239],"tags":[205,48,49],"class_list":["post-2012","post","type-post","status-publish","format-standard","has-post-thumbnail","hentry","category-jhv","category-termin","tag-intern","tag-jahreshauptversammlung","tag-mitgliederversammlung"],"_links":{"self":[{"href":"https:\/\/uwg-hausen.de\/index.php?rest_route=\/wp\/v2\/posts\/2012","targetHints":{"allow":["GET"]}}],"collection":[{"href":"https:\/\/uwg-hausen.de\/index.php?rest_route=\/wp\/v2\/posts"}],"about":[{"href":"https:\/\/uwg-hausen.de\/index.php?rest_route=\/wp\/v2\/types\/post"}],"author":[{"embeddable":true,"href":"https:\/\/uwg-hausen.de\/index.php?rest_route=\/wp\/v2\/users\/3"}],"replies":[{"embeddable":true,"href":"https:\/\/uwg-hausen.de\/index.php?rest_route=%2Fwp%2Fv2%2Fcomments&post=2012"}],"version-history":[{"count":13,"href":"https:\/\/uwg-hausen.de\/index.php?rest_route=\/wp\/v2\/posts\/2012\/revisions"}],"predecessor-version":[{"id":2314,"href":"https:\/\/uwg-hausen.de\/index.php?rest_route=\/wp\/v2\/posts\/2012\/revisions\/2314"}],"wp:featuredmedia":[{"embeddable":true,"href":"https:\/\/uwg-hausen.de\/index.php?rest_route=\/wp\/v2\/media\/2183"}],"wp:attachment":[{"href":"https:\/\/uwg-hausen.de\/index.php?rest_route=%2Fwp%2Fv2%2Fmedia&parent=2012"}],"wp:term":[{"taxonomy":"category","embeddable":true,"href":"https:\/\/uwg-hausen.de\/index.php?rest_route=%2Fwp%2Fv2%2Fcategories&post=2012"},{"taxonomy":"post_tag","embeddable":true,"href":"https:\/\/uwg-hausen.de\/index.php?rest_route=%2Fwp%2Fv2%2Ftags&post=2012"}],"curies":[{"name":"wp","href":"https:\/\/api.w.org\/{rel}","templated":true}]}}