{"id":192,"date":"2018-08-26T19:00:02","date_gmt":"2018-08-26T19:00:02","guid":{"rendered":"http:\/\/uwg-hausen.de\/?p=192"},"modified":"2019-03-03T13:52:59","modified_gmt":"2019-03-03T13:52:59","slug":"ausflug-der-uwg-am-26-08-2018","status":"publish","type":"post","link":"https:\/\/uwg-hausen.de\/?p=192","title":{"rendered":"Ausflug der UWG am 26.08.2018"},"content":{"rendered":"<p>Der diesj\u00e4hrige Ausflug der UWG am 26.08.2018 startete um 11 Uhr in Hausen. Bei strahlendem Sonnenschein fuhren wir am Kanal entlang nach Kleinseebach zum Gasthaus Schuh, um dort zu Mittag zu essen.<\/p>\n<p>Im Anschluss daran bekamen wir eine 30-min\u00fctige F\u00fchrung durch die Kleinseebacher Keller von Steffen Schmidt, dem zweiten B\u00fcrgermeister der Gemeinde M\u00f6hrendorf.<\/p>\n<p><img fetchpriority=\"high\" decoding=\"async\" class=\"alignnone size-medium wp-image-193\" src=\"http:\/\/uwg-hausen.de\/wp-content\/uploads\/2018\/08\/Keller1-300x225.jpg\" alt=\"\" width=\"300\" height=\"225\" srcset=\"https:\/\/uwg-hausen.de\/wp-content\/uploads\/2018\/08\/Keller1-300x225.jpg 300w, https:\/\/uwg-hausen.de\/wp-content\/uploads\/2018\/08\/Keller1-768x576.jpg 768w, https:\/\/uwg-hausen.de\/wp-content\/uploads\/2018\/08\/Keller1-1024x768.jpg 1024w, https:\/\/uwg-hausen.de\/wp-content\/uploads\/2018\/08\/Keller1.jpg 1431w\" sizes=\"(max-width: 300px) 100vw, 300px\" \/>\u00a0\u00a0\u00a0\u00a0\u00a0\u00a0\u00a0\u00a0\u00a0\u00a0\u00a0 \u00a0\u00a0\u00a0 <img decoding=\"async\" class=\"alignnone size-medium wp-image-194\" src=\"http:\/\/uwg-hausen.de\/wp-content\/uploads\/2018\/08\/Keller2-300x225.jpg\" alt=\"\" width=\"300\" height=\"225\" srcset=\"https:\/\/uwg-hausen.de\/wp-content\/uploads\/2018\/08\/Keller2-300x225.jpg 300w, https:\/\/uwg-hausen.de\/wp-content\/uploads\/2018\/08\/Keller2-768x576.jpg 768w, https:\/\/uwg-hausen.de\/wp-content\/uploads\/2018\/08\/Keller2-1024x768.jpg 1024w, https:\/\/uwg-hausen.de\/wp-content\/uploads\/2018\/08\/Keller2.jpg 1600w\" sizes=\"(max-width: 300px) 100vw, 300px\" \/><\/p>\n<p>Danach ging es weiter durch den Staatswald zum Zeckerner Bierkeller, wo wir den Sonntag bei einem k\u00fchlen Bier gemeinsam ausklingen lie\u00dfen.<\/p>\n<p>F\u00fcr die Organisation m\u00f6chten wir uns ganz herzlich bei Martin Heilmann bedanken!<\/p>\n<p>Verantwortlich im Sinne des Pressegesetzes: N. Walz<\/p>\n","protected":false},"excerpt":{"rendered":"<p>Der diesj\u00e4hrige Ausflug der UWG am 26.08.2018 startete um 11 Uhr in Hausen. Bei strahlendem Sonnenschein fuhren wir am Kanal entlang nach Kleinseebach zum Gasthaus Schuh, um dort zu Mittag <a class=\"more-link\" href=\"https:\/\/uwg-hausen.de\/?p=192\">Weiterlesen <i class=\"fa fa-chevron-right\"><\/i><\/a><\/p>\n","protected":false},"author":2,"featured_media":0,"comment_status":"closed","ping_status":"open","sticky":false,"template":"","format":"standard","meta":{"_eb_attr":"","footnotes":""},"categories":[6,46],"tags":[23,35,24,28],"class_list":["post-192","post","type-post","status-publish","format-standard","hentry","category-alltag","category-uwg","tag-ausflug","tag-fahrrad","tag-fahrradtour","tag-uwg"],"_links":{"self":[{"href":"https:\/\/uwg-hausen.de\/index.php?rest_route=\/wp\/v2\/posts\/192","targetHints":{"allow":["GET"]}}],"collection":[{"href":"https:\/\/uwg-hausen.de\/index.php?rest_route=\/wp\/v2\/posts"}],"about":[{"href":"https:\/\/uwg-hausen.de\/index.php?rest_route=\/wp\/v2\/types\/post"}],"author":[{"embeddable":true,"href":"https:\/\/uwg-hausen.de\/index.php?rest_route=\/wp\/v2\/users\/2"}],"replies":[{"embeddable":true,"href":"https:\/\/uwg-hausen.de\/index.php?rest_route=%2Fwp%2Fv2%2Fcomments&post=192"}],"version-history":[{"count":5,"href":"https:\/\/uwg-hausen.de\/index.php?rest_route=\/wp\/v2\/posts\/192\/revisions"}],"predecessor-version":[{"id":300,"href":"https:\/\/uwg-hausen.de\/index.php?rest_route=\/wp\/v2\/posts\/192\/revisions\/300"}],"wp:attachment":[{"href":"https:\/\/uwg-hausen.de\/index.php?rest_route=%2Fwp%2Fv2%2Fmedia&parent=192"}],"wp:term":[{"taxonomy":"category","embeddable":true,"href":"https:\/\/uwg-hausen.de\/index.php?rest_route=%2Fwp%2Fv2%2Fcategories&post=192"},{"taxonomy":"post_tag","embeddable":true,"href":"https:\/\/uwg-hausen.de\/index.php?rest_route=%2Fwp%2Fv2%2Ftags&post=192"}],"curies":[{"name":"wp","href":"https:\/\/api.w.org\/{rel}","templated":true}]}}