{"id":1798,"date":"2021-03-10T08:00:00","date_gmt":"2021-03-10T08:00:00","guid":{"rendered":"http:\/\/uwg-hausen.de\/?p=1798"},"modified":"2023-08-24T10:49:20","modified_gmt":"2023-08-24T08:49:20","slug":"gemeinderatsitzung-maerz-2021","status":"publish","type":"post","link":"https:\/\/uwg-hausen.de\/?p=1798","title":{"rendered":"Gemeinderatsitzung &#8211; M\u00e4rz 2021"},"content":{"rendered":"\n<h3 class=\"wp-block-heading has-text-align-center\"><strong>Gemeinderatssitzung vom 02.03.2021 <\/strong><\/h3>\n\n\n\n<h6 class=\"wp-block-heading has-text-align-center\">(<strong>in der Mehrzweckhalle Hausen<\/strong>)<\/h6>\n\n\n\n<hr class=\"wp-block-separator has-css-opacity\"\/>\n\n\n<p>Liebe B\u00fcrgerinnen und B\u00fcrger,<\/p>\n<p>Nachdem im Januar die Gemeinderatssitzung so gut wie keine nennenswerten Highlights hervorbrachte und man im Februar die Sitzungen \u00fcberraschend komplett ausfallen lie\u00df, gibt es f\u00fcr die M\u00e4rzsitzung um so mehr zu berichten. Angefangen bei der L\u00fcftungs-\/Filteranlage f\u00fcr die Grundschule, zu m\u00f6glichen Hochwasserereignissen, dem Brennpunkt Nahw\u00e4rme \u00fcber Stra\u00dfenzustand, sowie dem Skaterpark gab es noch viele weitere Themen nachzuholen.<\/p>\n\n\n<hr class=\"wp-block-separator has-css-opacity\"\/>\n\n\n\n<h3 class=\"wp-block-heading has-text-align-center\"><strong>Grundschule<\/strong><\/h3>\n\n\n\n<hr class=\"wp-block-separator has-css-opacity\"\/>\n\n\n\n<p>Gemeinder\u00e4tin Gerlinde Kraus (SPD) stellte eine Dringlichkeitsantrag zur Installation einer L\u00fcfter\/Filteranlage f\u00fcr die Grundschule Hausen. Diesem Antrag ist es zu verdanken, das die Gemeinde F\u00f6rderung, weclhe nur noch bis zum 31.03.2021 beantragt werden k\u00f6nnen, erh\u00e4llt.<br><br>Eine solche Filteranlage zeigt der hier verlinkte Beitrag vom Bayrischem Rundfunk, im Einsatz in der Anna-Grundschule Forchheim. <strong> <\/strong><br><strong><a rel=\"noreferrer noopener\" href=\"https:\/\/www.br.de\/nachrichten\/bayern\/saubere-luft-forchheim-kauft-viren-filter-fuer-schulen,SOdrr0P?UTM_Name=Web-Share&amp;UTM_Source=Link&amp;UTM_Medium=Link\" data-type=\"URL\" data-id=\"https:\/\/www.br.de\/nachrichten\/bayern\/saubere-luft-forchheim-kauft-viren-filter-fuer-schulen,SOdrr0P?UTM_Name=Web-Share&amp;UTM_Source=Link&amp;UTM_Medium=Link\" target=\"_blank\">Link zum Beitrag<\/a><\/strong><\/p>\n\n\n\n<p class=\"has-black-color has-vivid-green-cyan-background-color has-text-color has-background\">Der Antrag wurde Einstimmig angenommen.<\/p>\n\n\n\n<hr class=\"wp-block-separator has-css-opacity\"\/>\n\n\n\n<h3 class=\"wp-block-heading has-text-align-center\" id=\"block-dbab810a-1a83-405c-9cf1-7af7177db216\"><strong>Hochwassersimulation<\/strong><\/h3>\n\n\n\n<p>Das Ing. B\u00fcro Weyrauther pr\u00e4sentierte seine Berechnungen zur Hochwassersimulation auf Basis des Jahrhunderthochwassers. Gezeigt wurde eine detailreiche Kartendarstellung welche m\u00f6gliche Wasseranstiegszenarien, u.a. mittels kleinen Animationen f\u00fcr Hausen und Wimmelbach, verdeutlicht.<br>Die m\u00f6glichen Szenarien zeigten unter anderem ein Anstieg der Wasserspiegel im M\u00fchlweiher und dabei eintretende \u00dcberschwemmungen im Flutbereich des Weihers und dar\u00fcber hinaus. Was auch das Gebiet der Ortsmitte bis hin zur Industriestrasse betreffen k\u00f6nnte.<\/p>\n\n\n\n<p class=\"has-cyan-bluish-gray-background-color has-background\">Der ermittelten Schaden wurde von <strong>4.300.000<\/strong> Euro bis hin zu <strong>8.300.000 Euro<\/strong> beschrieben. Diese Schadensermittlung k\u00f6nnte zuk\u00fcnftig als Basis f\u00fcr m\u00f6gliche F\u00f6rderungen wertvoll sein.<\/p>\n\n\n\n<hr class=\"wp-block-separator has-css-opacity\"\/>\n\n\n\n<h3 class=\"wp-block-heading has-text-align-center\"><strong><strong>Skaterpark<\/strong><\/strong><\/h3>\n\n\n\n<p>Im Rahmen der Planungen vom Skaterpark Heroldbach\/Hausen, wurde der aktuelle Stand von Gemeinder\u00e4tin Corinna Grimm souver\u00e4n vorgestellt.<br>Dabei ging Grimm auf diverse Erweiterungen und offene Punkte ein.<br>Weitere Anregungen aus dem GR waren:<\/p>\n\n\n\n<ul class=\"wp-block-list\">\n<li>Umfang der geplanten Beleuchtung<\/li>\n\n\n\n<li>Wert der zentralen Sitzpl\u00e4tze in der Anlage<\/li>\n\n\n\n<li>\u00dcberdachung von Sitzm\u00f6glichkeiten<\/li>\n\n\n\n<li>Einz\u00e4unung des Skaterparks<\/li>\n<\/ul>\n\n\n\n<p class=\"has-cyan-bluish-gray-background-color has-background\">Am 11.03.2021 soll eine Online-Infoveranstaltung f\u00fcr alle interessierten B\u00fcrger stattfinden.<\/p>\n\n\n\n<hr class=\"wp-block-separator has-css-opacity\"\/>\n\n\n\n<h3 class=\"wp-block-heading has-text-align-center\"><strong>Nahw\u00e4rme<\/strong><\/h3>\n\n\n\n<hr class=\"wp-block-separator has-css-opacity\"\/>\n\n\n\n<p><strong>Ein Antrag der UWG<\/strong> zielte neben der Nutzung von modernen Kl\u00e4rschlammverwertung haupts\u00e4chlich auf die Pr\u00fcfung von F\u00f6rderm\u00f6glichkeiten nach dem Beispiel des Nahw\u00e4rmeprojektes in Aidhausen.<\/p>\n\n\n\n<p class=\"has-pale-pink-background-color has-background\">Der Antrag wurde mit 4 F\u00fcrstimmen abgelehnt.<\/p>\n\n\n\n<hr class=\"wp-block-separator has-css-opacity\"\/>\n\n\n\n<p><strong>Die JUW hinterfragt mit Ihrem Antrag<\/strong>, den derzeit favorisierten Standort, auf Grund von m\u00f6glichen Emissionsentwicklungen (Abgase, Zulieferverkehr, etc.) und regt eine gemeinsame Standortsuche eines m\u00f6glichen Nahw\u00e4rmekraftwerkes in Hausen an. <br><br>Beispielhaft wurden hier folgende drei Standorte erw\u00e4hnt.<\/p>\n\n\n\n<ul class=\"wp-block-list\">\n<li>Kl\u00e4ranlage Hausen<\/li>\n\n\n\n<li>Gel\u00e4nde ehem. Hundeverein im Industrie\/Gewerbepark, gegen\u00fcber ZeroHero<\/li>\n\n\n\n<li>Grundst\u00fcck hinter der Norma<\/li>\n<\/ul>\n\n\n\n<p class=\"has-pale-pink-background-color has-background\">Der Antrag wurde mit 6 F\u00fcrstimmen abgelehnt.<\/p>\n\n\n\n<h4 class=\"wp-block-heading has-text-align-center has-black-color has-text-color\"><strong><em>Im Detail<\/em><\/strong><\/h4>\n\n\n\n<p class=\"has-normal-font-size\"><em>Es waren gut die H\u00e4lfte aller Gemeinder\u00e4te, die sich hier leidenschaftlich zu Wort meldeten und Missgunst zum aktuell geplanten Standort des Nahw\u00e4rmekraftwerks \u00e4u\u00dferten.<br>Selbst aus Reihen der CSU wurden zum Standort \u201eBauchschmerzen\u201c ge\u00e4u\u00dfert. Trotz dieser Bedenken ist man hier nicht offen, um gemeinsam \u00fcber alternative Standorte zu diskutieren.<\/em><\/p>\n\n\n\n<p class=\"has-black-color has-luminous-vivid-amber-background-color has-text-color has-background\"><em><sup>Auf Grund dieser regen Diskussion dr\u00e4ngen sich der Redaktion<\/sup><\/em><br><em><sup> folgende Fragen auf:<\/sup><\/em><br>&#8211; <strong>Welche Standorte wurden bei der Suche betrachtet?<\/strong><br><strong>&#8211; Welche Kriterien waren f\u00fcr diese Standorte entscheident?<\/strong><br><strong>&#8211; Warum wurde das Kratzer\/Toxicgel\u00e4nde favorisiert?<\/strong><br><strong>&#8211; Wurden die Interessen der angrenzenden B\u00fcrger ber\u00fccksichtigt?<\/strong><br><strong>&#8211; In der Diskussion kam heraus, das keinerlei Unterlagen \u00fcber die Analyse\/Suche zur mgl. Standortwahl vorliegen! <\/strong><br><strong>Wieso nicht?<br>&#8211; Warum wurde eine solche wichtige Entscheidung in einer nicht \u00f6ffentlichen Sitzung behandelt?<br>&#8211; Warum wurde diese Abstimmung mit dem Fl\u00e4chennutzungsplan kombiniert?<\/strong><\/p>\n\n\n\n<blockquote class=\"wp-block-quote is-style-large is-layout-flow wp-block-quote-is-layout-flow\">\n<p><strong>Fazit:<br>Jede Menge offene Fragen \u2013 <br>hier fehlt eindeutig die Transparenz!<\/strong><\/p>\n<\/blockquote>\n\n\n\n<p><br><br><\/p>\n\n\n\n<hr class=\"wp-block-separator has-css-opacity\"\/>\n\n\n\n<h3 class=\"wp-block-heading has-text-align-center has-black-color has-text-color\"><strong><em>Sonstiges<\/em><\/strong><\/h3>\n\n\n\n<p><strong>Strassenzustand<\/strong><br>Nachdem die Analysen der Daten aus der &#8220;EagelEye&#8221; &#8211; Strassenbefahrung vorliegen, wurden ein Schadensbedarf von ca. 7,7 Millionen Euro festgestellt. Dabei liegt der Stra\u00dfenzustand im \u00fcblichen Mittelfeld zu vergleichbaren anderen Gemeinden.<br>Der GR hat ein erstes Jahresbudget von 500.000 Euro zur ersten Schadenbeseitigung einstimmig angenommen.<\/p>\n\n\n\n<hr class=\"wp-block-separator has-css-opacity\"\/>\n\n\n\n<p><strong>Digitalfunk- Feuerwehr<\/strong><br>Die Feuerwehren Hausen und Wimmelbach erhalten weitere Technik im Rahmen der Digitalfunkumstellung. Das Land erm\u00f6glicht hierzu eine F\u00f6rderung von 80 % der Kosten.<\/p>\n\n\n\n<hr class=\"wp-block-separator has-css-opacity\"\/>\n\n\n\n<p><strong>Gemeindlicher Strombeschaffung<\/strong><br>Die Gemeinde beteiligt sich auch f\u00fcr die Jahre 2023-2025 an der B\u00fcndelungsausschreibung BayGT f\u00fcr Kommunale Strombeschaffung. Hierbei wird ausschlie\u00dflich auf \u00d6kostrom gezielt. Eine Nutzung der Neuanlagenquote wurde offen diskutiert, jedoch nicht abschlie\u00dfend festgelegt.<\/p>\n\n\n\n<hr class=\"wp-block-separator has-css-opacity\"\/>\n\n\n\n<h5 class=\"wp-block-heading\"><strong>Weiteres<\/strong><\/h5>\n\n\n\n<ul class=\"wp-block-list\">\n<li>F\u00fcr die OGTS (offene Ganztagesschule) fand der Spatenstich statt.<\/li>\n\n\n\n<li>Die von der SPD beantragte Bedarfsampel soll am Ortsausgang auf der B470 , Richtung Oesdorf platziert werden.<\/li>\n\n\n\n<li>KiTa-Kosten\u00fcbernahme w\u00e4hrend Corona &#8211; 70% tr\u00e4gt dabei der Freistaat die restlichen 30% \u00fcbernimmt die Kommune.<\/li>\n\n\n\n<li>Theatersommer 2021 wird Abh\u00e4ngig von den allgemein Bedingungen abh\u00e4ngig gemacht und vorerst f\u00fcr am 14.07, am 15.08 und 19.09.2021 eingeplant.<\/li>\n<\/ul>\n\n\n\n<hr class=\"wp-block-separator has-css-opacity\"\/>\n\n\n\n<blockquote class=\"wp-block-quote has-text-align-right is-style-default is-layout-flow wp-block-quote-is-layout-flow\">\n<p>Gemeinderatsitzung &#8211; 02.M\u00e4rz 2021<\/p>\n\n\n\n<p><\/p>\n\n\n\n<p><\/p>\n<\/blockquote>\n","protected":false},"excerpt":{"rendered":"<p>Bernd, du hast Dich f\u00fcr den insgesamt fairen Wahlkampf bedankt. Es w\u00e4re jetzt eine gute Gelegenheit gewesen zu zeigen, dass ihr an einer fairen und sachlichen Zusammenarbeit interessiert seid.<\/p>\n","protected":false},"author":8,"featured_media":2319,"comment_status":"closed","ping_status":"open","sticky":false,"template":"","format":"standard","meta":{"_eb_attr":"","footnotes":""},"categories":[7,166,144,88,9,21],"tags":[25,183,13,73,39,171,68,152,188,187,14,184,186,185],"class_list":["post-1798","post","type-post","status-publish","format-standard","has-post-thumbnail","hentry","category-buerger","category-flaechennutzungsplan","category-gemeinderatssitzung","category-juw-hausen-wimmelbach","category-ortskern","category-unwetter","tag-feuerwehr","tag-filteranlage","tag-gemeinderat","tag-grundschule-hausen","tag-hochwasser","tag-kiga","tag-nahwaermeversorgung","tag-offene-ganztageschule","tag-ogts","tag-oekostrom","tag-sitzung","tag-skaterpark","tag-strassenzustand","tag-transparenz"],"_links":{"self":[{"href":"https:\/\/uwg-hausen.de\/index.php?rest_route=\/wp\/v2\/posts\/1798","targetHints":{"allow":["GET"]}}],"collection":[{"href":"https:\/\/uwg-hausen.de\/index.php?rest_route=\/wp\/v2\/posts"}],"about":[{"href":"https:\/\/uwg-hausen.de\/index.php?rest_route=\/wp\/v2\/types\/post"}],"author":[{"embeddable":true,"href":"https:\/\/uwg-hausen.de\/index.php?rest_route=\/wp\/v2\/users\/8"}],"replies":[{"embeddable":true,"href":"https:\/\/uwg-hausen.de\/index.php?rest_route=%2Fwp%2Fv2%2Fcomments&post=1798"}],"version-history":[{"count":18,"href":"https:\/\/uwg-hausen.de\/index.php?rest_route=\/wp\/v2\/posts\/1798\/revisions"}],"predecessor-version":[{"id":2320,"href":"https:\/\/uwg-hausen.de\/index.php?rest_route=\/wp\/v2\/posts\/1798\/revisions\/2320"}],"wp:featuredmedia":[{"embeddable":true,"href":"https:\/\/uwg-hausen.de\/index.php?rest_route=\/wp\/v2\/media\/2319"}],"wp:attachment":[{"href":"https:\/\/uwg-hausen.de\/index.php?rest_route=%2Fwp%2Fv2%2Fmedia&parent=1798"}],"wp:term":[{"taxonomy":"category","embeddable":true,"href":"https:\/\/uwg-hausen.de\/index.php?rest_route=%2Fwp%2Fv2%2Fcategories&post=1798"},{"taxonomy":"post_tag","embeddable":true,"href":"https:\/\/uwg-hausen.de\/index.php?rest_route=%2Fwp%2Fv2%2Ftags&post=1798"}],"curies":[{"name":"wp","href":"https:\/\/api.w.org\/{rel}","templated":true}]}}