{"id":1741,"date":"2020-10-11T20:34:00","date_gmt":"2020-10-11T20:34:00","guid":{"rendered":"http:\/\/uwg-hausen.de\/?p=1741"},"modified":"2020-12-28T13:58:50","modified_gmt":"2020-12-28T13:58:50","slug":"gemeinderatsitzung-opktober-2020","status":"publish","type":"post","link":"https:\/\/uwg-hausen.de\/?p=1741","title":{"rendered":"Gemeinderatsitzung &#8211; Oktober 2020"},"content":{"rendered":"\n<h3 class=\"has-text-align-center wp-block-heading\"><strong>Gemeinderatssitzung Oktober 2020 &#8211; in Wimmelbach<\/strong><\/h3>\n\n\n\n<hr class=\"wp-block-separator\"\/>\n\n\n<p>Im Folgenden eine kurze Zusammenfassung der wichtigsten Sitzungsinhalte aus der Gemeinderatsitzung vom Montag, den 05.10.2020.<\/p>\n<p>\u00dcberraschenderweise fand die GR Sitzung diesmal in Wimmelbach statt. Dies ist haupts\u00e4chlich dadurch begr\u00fcndet, dass die Halle durch andere Institutionen belegt ist. Das wurde vom Gremium durchaus begr\u00fc\u00dft, allerdings hatte man auch feststellen m\u00fcssen, dass die Platzverh\u00e4ltnisse sehr schnell ausgesch\u00f6pft sind und die Akustik im Bereich der Bar, ohne den Einsatz der Tontechnik, sehr stark eingeschr\u00e4nkt war.<\/p>\n\n\n<hr class=\"wp-block-separator\"\/>\n\n\n\n<h3 class=\"has-text-align-center wp-block-heading\"><strong>Information des B\u00fcrgermeisters<\/strong><\/h3>\n\n\n\n<hr class=\"wp-block-separator\"\/>\n\n\n\n<p>Zu Beginn informierte der BGM dass die Bauausschusssitzung am Dienstag mangels Themen entf\u00e4llt.<\/p>\n\n\n\n<p>Da nun auch unser K\u00e4mmerer seine Schulungsma\u00dfnahmen beendet hat steht er wieder zu 100 % f\u00fcr die Gemeindearbeit zur Verf\u00fcgung. Dar\u00fcber hinaus war zu erfahren, dass es dieses Jahr zu einem leichten Steuerplus auf der Einkommenssteuerseite kommen w\u00fcrde daf\u00fcr im Gegenzug auf der Gewerbesteuerseite ein leichtes Minus zu verzeichnen ist.<\/p>\n\n\n\n<p><\/p>\n\n\n\n<hr class=\"wp-block-separator\"\/>\n\n\n\n<h3 class=\"has-text-align-center wp-block-heading\"><strong>TOP 3<\/strong> &#8211; Allgemeines<\/h3>\n\n\n\n<hr class=\"wp-block-separator\"\/>\n\n\n\n<p>Unter TOP 03 (Infos aus nicht\u00f6ffentlichen Sitzungen) wurden kurz die Vergaben der Gewerke Sanit\u00e4r\/L\u00fcftung, Fenster und Elektro des KiGa Wimmelbach bekannt gegeben.<\/p>\n\n\n\n<p>Dar\u00fcber hinaus soll in einer der n\u00e4chsten Sitzungen Klarheit zum Dekan-Drummer Weg (die Verbindung zur Fakendorferstr. ist derzeit durch einen Grundst\u00fcckseigent\u00fcmer unterbrochen) geschaffen werden.<\/p>\n\n\n\n<hr class=\"wp-block-separator\"\/>\n\n\n\n<h3 class=\"has-text-align-center wp-block-heading\"><strong>TOP 4 &#8211; FFW Wimmelbach<\/strong><\/h3>\n\n\n\n<hr class=\"wp-block-separator\"\/>\n\n\n\n<p>Das Gremium best\u00e4tigte A. Lindenberger unter TOP 04 als neuen Feuerwehrkommandanten der FFW Wimmelbach. Auch von unserer Seite herzlichen Gl\u00fcckwunsch.<\/p>\n\n\n\n<hr class=\"wp-block-separator\"\/>\n\n\n\n<h3 class=\"has-text-align-center wp-block-heading\"><strong>TOP 5 &#8211; Fl\u00e4chennutzungsplan<\/strong><\/h3>\n\n\n\n<hr class=\"wp-block-separator\"\/>\n\n\n\n<p>Das interessanteste Thema wartete aber unter TOP 05: Der Fl\u00e4chennutzungsplan (FNP) und Landschaftsplan<\/p>\n\n\n\n<p>Hier konnten die Anwesenden erfahren, wie es zuk\u00fcnftig in Hausen weitergehen soll. Auch wenn seitens der CSU Fraktion das bedauern ge\u00e4u\u00dfert wurde, dass nicht mehr Grundst\u00fccke f\u00fcr Bauland in Hausen ausgewiesen wurden, konnte die Opposition zufrieden sein. Die UWG hat das Ziel der Innenentwicklung weitestgehend durchsetzen k\u00f6nnen. Es sind lediglich arrondierende Fl\u00e4chen ausgewiesen. Dar\u00fcber hinaus wurde unser Vorschlag, den Spielplatz Industriestra\u00dfe zu verlegen und die Freifl\u00e4chen f\u00fcr Baugrundst\u00fccke zu nutzen auch von den restlichen GRs positiv aufgenommen. \u00dcberraschend war an dieser Stelle zu erfahren, dass das f\u00fcr den Spielplatz angedachte Grundst\u00fcck nicht zur Verf\u00fcgung steht. \u00dcberraschend deswegen, da der B\u00fcrgermeister mit einem Kaufgesuch bereits auf die Eigent\u00fcmer zugegangen ist. Hierf\u00fcr lag allerdings kein Auftrag des Gremiums vor. Vielmehr hatte man \u00fcber einen Grundst\u00fcckstausch nachgedacht.<\/p>\n\n\n\n<p>Die Nordumgehung soll ebenfalls in einer der n\u00e4chsten Sitzungen lt. Ruppert diskutiert werden. \u201eHier m\u00fcsse der Gemeinderat \u00fcber eine neue Variante erst abstimmen\u201c so Ruppert.<\/p>\n\n\n\n<p>Der Hochwasserschutz als auch das Thema ISEK sind im FNP bisher noch nicht ber\u00fccksichtigt.<\/p>\n\n\n\n<p>Im Landschaftsplan standen vornehmlich die Bl\u00fchfl\u00e4chenausweisungen im Fokus. Hier konnten sich \u2013 wenn auch die \u00f6ffentliche Einladung ausblieb \u2013 die Landwirte einen Tag zuvor \u00e4u\u00dfern. Sie erachten die Bl\u00fchfl\u00e4chen als nicht Sinnvoll, da die Bewirtschaftung der \u00c4cker erheblich beeintr\u00e4chtigt werden w\u00fcrde. In einem ersten Schritt sollen die gemeindlichen Fl\u00e4chen genutzt werden.<\/p>\n\n\n\n<hr class=\"wp-block-separator\"\/>\n\n\n\n<h3 class=\"has-text-align-center wp-block-heading\"><strong>TOP 6 &#8211; Bauvorhaben &#8211; Untere Leite<\/strong><\/h3>\n\n\n\n<hr class=\"wp-block-separator\"\/>\n\n\n\n<p>Unter TOP 06 entschied das Gremium \u00fcber den Fortgang des Baugebiets untere Leite. Auch wenn C. Grimm auf Grund von fehlerhaften Gutachten den aktuellem Gutachten kein Vertrauen schenken kann, stimmte das Gremium Mehrheitlich f\u00fcr die Weiterf\u00fchrtung der Planungen f\u00fcr diese Fl\u00e4che. <\/p>\n\n\n\n<p class=\"has-text-align-center has-light-green-cyan-background-color has-background\"><em><em><strong>Dies ist auch in den Augen der UWG ein Beitrag zur Innenentwicklung.<\/strong><\/em><\/em><\/p>\n\n\n\n<hr class=\"wp-block-separator\"\/>\n\n\n\n<h3 class=\"has-text-align-center wp-block-heading\"><strong>Sonstiges<\/strong><\/h3>\n\n\n\n<hr class=\"wp-block-separator\"\/>\n\n\n\n<p>Unter Sonstiges erfuhr der Gemeinderat \u00fcber den Ausgang des ersten Gespr\u00e4chs der Jugendbeauftragten mit dem Kinder- und Jugendpfleger. Man hatte sich in einem ersten Schritt \u00fcber die zuk\u00fcnftige Organisation dieses Amtes ausgetauscht so Grimm.<\/p>\n\n\n\n<p>Die Sitzung endete um 21:46 Uhr<\/p>\n\n\n\n<hr class=\"wp-block-separator\"\/>\n\n\n\n<blockquote class=\"wp-block-quote has-text-align-right is-layout-flow wp-block-quote-is-layout-flow\"><p>Gemeinderatsitzung &#8211; 05.Oktober 2020<\/p><\/blockquote>\n\n\n\n<p><\/p>\n","protected":false},"excerpt":{"rendered":"<p>Bernd, du hast Dich f\u00fcr den insgesamt fairen Wahlkampf bedankt. Es w\u00e4re jetzt eine gute Gelegenheit gewesen zu zeigen, dass ihr an einer fairen und sachlichen Zusammenarbeit interessiert seid.<\/p>\n","protected":false},"author":2,"featured_media":0,"comment_status":"closed","ping_status":"open","sticky":false,"template":"","format":"standard","meta":{"_eb_attr":"","footnotes":""},"categories":[7,10,166,144,20,9,101],"tags":[167,13,168,153,14,82],"class_list":["post-1741","post","type-post","status-publish","format-standard","hentry","category-buerger","category-entwicklung","category-flaechennutzungsplan","category-gemeinderatssitzung","category-isek","category-ortskern","category-uwg-informiert","tag-flaechennutzungsplan","tag-gemeinderat","tag-landschaftsplan","tag-sanierungsgebiet","tag-sitzung","tag-wimmelbach"],"_links":{"self":[{"href":"https:\/\/uwg-hausen.de\/index.php?rest_route=\/wp\/v2\/posts\/1741","targetHints":{"allow":["GET"]}}],"collection":[{"href":"https:\/\/uwg-hausen.de\/index.php?rest_route=\/wp\/v2\/posts"}],"about":[{"href":"https:\/\/uwg-hausen.de\/index.php?rest_route=\/wp\/v2\/types\/post"}],"author":[{"embeddable":true,"href":"https:\/\/uwg-hausen.de\/index.php?rest_route=\/wp\/v2\/users\/2"}],"replies":[{"embeddable":true,"href":"https:\/\/uwg-hausen.de\/index.php?rest_route=%2Fwp%2Fv2%2Fcomments&post=1741"}],"version-history":[{"count":8,"href":"https:\/\/uwg-hausen.de\/index.php?rest_route=\/wp\/v2\/posts\/1741\/revisions"}],"predecessor-version":[{"id":1790,"href":"https:\/\/uwg-hausen.de\/index.php?rest_route=\/wp\/v2\/posts\/1741\/revisions\/1790"}],"wp:attachment":[{"href":"https:\/\/uwg-hausen.de\/index.php?rest_route=%2Fwp%2Fv2%2Fmedia&parent=1741"}],"wp:term":[{"taxonomy":"category","embeddable":true,"href":"https:\/\/uwg-hausen.de\/index.php?rest_route=%2Fwp%2Fv2%2Fcategories&post=1741"},{"taxonomy":"post_tag","embeddable":true,"href":"https:\/\/uwg-hausen.de\/index.php?rest_route=%2Fwp%2Fv2%2Ftags&post=1741"}],"curies":[{"name":"wp","href":"https:\/\/api.w.org\/{rel}","templated":true}]}}