{"id":1656,"date":"2020-08-15T13:46:18","date_gmt":"2020-08-15T13:46:18","guid":{"rendered":"http:\/\/uwg-hausen.de\/?p=1656"},"modified":"2020-12-28T14:00:40","modified_gmt":"2020-12-28T14:00:40","slug":"gemeinderatsitzung-august-2020","status":"publish","type":"post","link":"https:\/\/uwg-hausen.de\/?p=1656","title":{"rendered":"Gemeinderatsitzung &#8211; August 2020"},"content":{"rendered":"\n<h2 class=\"wp-block-heading\"><strong>Macht eine Sanierung des Rathauses trotz der Umzugspl\u00e4ne Sinn?<\/strong><\/h2>\n\n\n\n<hr class=\"wp-block-separator\"\/>\n\n\n<p>Im Folgenden eine kurze Zusammenfassung der wichtigsten Sitzungsinhalte aus der Gemeinderatsitzung vom Montag, den 03.08.2020. Wie auch im letzten Monat fand diese in der Mehrzweckhalle in Hausen statt.<\/p>\n\n\n<hr class=\"wp-block-separator\"\/>\n\n\n\n<h3 class=\"has-text-align-center wp-block-heading\"><strong>B\u00fcrgerfragerunde<\/strong><\/h3>\n\n\n\n<hr class=\"wp-block-separator\"\/>\n\n\n\n<p>Es wurde die Frage nach dem Status zur Nahw\u00e4rmeversorgung gestellt.<\/p>\n\n\n\n<p class=\"has-text-align-right has-very-light-gray-background-color has-background has-normal-font-size\"><strong><em>Hierauf erwiderte der B\u00fcrgermeister, dass &#8220;wir&#8221; stark dran sind und er die Bev\u00f6lkerung nicht \u00fcber Internas informieren m\u00f6chte.<\/em><\/strong><br><\/p>\n\n\n\n<hr class=\"wp-block-separator\"\/>\n\n\n\n<h3 class=\"has-text-align-center wp-block-heading\"><strong>Kernsanierung des Gemeindezentrums<\/strong><\/h3>\n\n\n\n<hr class=\"wp-block-separator\"\/>\n\n\n\n<p><\/p>\n\n\n\n<p>Der Projektsteuerer <a rel=\"noreferrer noopener\" href=\"https:\/\/www.pfaller-ingenieure.de\/\" target=\"_blank\">Pfaller<\/a> aus Neumarkt sowie das Planungsb\u00fcro <a rel=\"noreferrer noopener\" href=\"http:\/\/stuerzl-planung.de\/\" target=\"_blank\">St\u00fcrzel<\/a> aus Regensburg stellten den Projektstatus vor.<\/p>\n\n\n\n<p class=\"has-text-align-center\"><em><em><strong>Generell \u00fcberraschte bereits zu Beginn, dass entgegen dem damaligen Gemeinderatsbeschluss, der noch einen Abriss als Grundlage hatte, nun von einer Kernsanierung die Rede ist.<\/strong><\/em><\/em><\/p>\n\n\n\n<p>Hr. St\u00fcrzel zeigte die entsprechenden Planungen aufgeteilt nach den beiden Geb\u00e4uden Mehrzweckhalle und Rathaus sowie Sportgastst\u00e4tte. Anschlie\u00dfend ging der Planer auf die entsprechenden Herausforderungen bei den Geb\u00e4uden ein.<\/p>\n\n\n\n<hr class=\"wp-block-separator\"\/>\n\n\n\n<h5 class=\"has-text-align-left wp-block-heading\"><strong>Statikprobleme<\/strong><\/h5>\n\n\n\n<p>Die Tragkonstruktion des Hallendachs erfordert intensivere Untersuchungen. Es muss ausgeschlossen werden, dass minderwertiger Spannstahl in den Spannbetonbindern verbaut wurde. Im schlimmsten Fall muss das Hallendach abgetragen und neu aufgebaut werden.<\/p>\n\n\n\n<h5 class=\"has-text-align-left wp-block-heading\"><strong>Weitere Schwierigkeiten:<\/strong><\/h5>\n\n\n\n<p>Das Obergeschoss des Rathauses muss infolge der Brandschutzm\u00e4ngel, die aus der Vergangenheit herr\u00fchren, zur\u00fcckgebaut&nbsp;werden und f\u00e4llt damit komplett weg. <br>Eine Klimatisierung \u00fcber die&nbsp;Nutzung von Grundwasser&nbsp;wurde vom Wasserwirtschaftsamt&nbsp;abgelehnt.<br><\/p>\n\n\n\n<p>Die Zukunft der&nbsp;Kegelbahn&nbsp;steht auf Grund der&nbsp;Nutzungs\u00e4nderungen in Frage.<\/p>\n\n\n\n<h5 class=\"has-text-align-left wp-block-heading\"><strong>Highlights:<\/strong><\/h5>\n\n\n\n<ul class=\"wp-block-list\"><li>\u2022 Rathaus-Anbau im n\u00f6rdlichen Bereich Richtung Gleisbett<\/li><li>\u2022 durchg\u00e4ngig barrierefrei<\/li><li>\u2022 mit&nbsp;Aufzug<\/li><li>\u2022 zwei Treppen f\u00fcr die&nbsp;Trib\u00fcne<\/li><li>\u2022 komplett neuer&nbsp;Sanit\u00e4rbereich (je zwei f\u00fcr Damen und Herren)<\/li><li>\u2022 die&nbsp;B\u00fchne bleibt<\/li><li>\u2022 die&nbsp;Sch\u00fctzenanlage bleibt&nbsp; &nbsp;<\/li><\/ul>\n\n\n\n<p>In Anbedracht der beschr\u00e4nkten Hallenh\u00f6he \u2013 es fehlen 70 cm \u2013 muss noch gepr\u00fcft werden, ob die Halle grunds\u00e4tzlich f\u00f6rderf\u00e4hig ist.<\/p>\n\n\n\n<h4 class=\"has-text-align-center wp-block-heading\"><strong>Diskussion im Gemeinderat<\/strong><\/h4>\n\n\n\n<p>Die anschlie\u00dfende Diskussion im Gemeinderat(GR) drehte sich vorwiegend um den Wegfall der Kegelbahn. Hier wurden im GR rege Argumente daf\u00fcr und dagegen ausgetauscht.<\/p>\n\n\n\n<p>In weiterer Diskussion wurde vom&nbsp;Vorstandsvorsitzenden&nbsp;der CSU&nbsp;angemerkt,&nbsp;dass das Rathaus&nbsp;seiner Meinung nach&nbsp;mittelfristig ins&nbsp;Ortszentrum in die&nbsp;Krone umziehen&nbsp;solle.&nbsp;Diese Aussage wurde aus Reihen der CSU erg\u00e4nzt<em>, <\/em>das dies aus den Erfahrungen des Wahlkampfes anscheinend die Meinung mehrerer Fraktionen ist.<\/p>\n\n\n\n<p>Das animierte&nbsp;die Gr\u00fcnen&nbsp;zu der Frage: <br>Wie m\u00f6chte man eine aufwendige Sanierung des Rathauses gegen\u00fcber der Bev\u00f6lkerung rechtfertigen, wenn man in zehn Jahren in die Ortsmitte umzieht?<\/p>\n\n\n\n<p class=\"has-text-align-center has-light-green-cyan-background-color has-background\"><strong><em>Die UWG-Hausen&nbsp;stellt sich auch die Frage:<\/em><\/strong><br><em><em>Warum wird das Rathaus an gleicher Stelle saniert, ausgebaut und vergr\u00f6\u00dfert, obwohl fraktions\u00fcbergreifend die Meinung herrscht, dass das Rathaus&nbsp;zuk\u00fcnftig&nbsp;in die Ortsmitte zieht?<\/em><\/em><\/p>\n\n\n\n<p class=\"has-text-align-right has-very-light-gray-background-color has-background has-normal-font-size\"><strong><em>Der Antrag auf Fortsetzen der Planungen<\/em><\/strong> &#8220;<strong><em>mit dem Wegfall einer Kegelbahn&#8221; wurde einstimmig beschlossen.<\/em><\/strong> <br><\/p>\n\n\n\n<hr class=\"wp-block-separator\"\/>\n\n\n\n<h3 class=\"has-text-align-center wp-block-heading\"><strong>sonstige Themen, Anmerkungen und Fragen<\/strong><\/h3>\n\n\n\n<p>Unter weiteren Themen wurde die noch unklare Nutzung vom Fu\u00dfweg am alten Feuerwehrhaus, die Erneuerung der Kies- und Spielanlage der Grundschule, sowie der Verkauf der vorletzten Fl\u00e4che in der Lohe 5 genannt.<\/p>\n\n\n\n<hr class=\"wp-block-separator\"\/>\n\n\n\n<blockquote class=\"wp-block-quote has-text-align-right is-layout-flow wp-block-quote-is-layout-flow\"><p>Gemeinderatsitzung &#8211; August 2020<\/p><\/blockquote>\n\n\n\n<p><\/p>\n","protected":false},"excerpt":{"rendered":"<p>Bernd, du hast Dich f\u00fcr den insgesamt fairen Wahlkampf bedankt. Es w\u00e4re jetzt eine gute Gelegenheit gewesen zu zeigen, dass ihr an einer fairen und sachlichen Zusammenarbeit interessiert seid.<\/p>\n","protected":false},"author":2,"featured_media":0,"comment_status":"closed","ping_status":"open","sticky":false,"template":"","format":"standard","meta":{"_eb_attr":"","footnotes":""},"categories":[7,10,144,9,101],"tags":[161,164,13,158,160,77,145,68,162,163,165,153,159,14],"class_list":["post-1656","post","type-post","status-publish","format-standard","hentry","category-buerger","category-entwicklung","category-gemeinderatssitzung","category-ortskern","category-uwg-informiert","tag-architekt","tag-brandschutz","tag-gemeinderat","tag-gemeindezentrum","tag-kegelbahn","tag-krone","tag-mehrzweckhalle","tag-nahwaermeversorgung","tag-planungsbuero","tag-projekt","tag-rathaus","tag-sanierungsgebiet","tag-schuetzenverein","tag-sitzung"],"_links":{"self":[{"href":"https:\/\/uwg-hausen.de\/index.php?rest_route=\/wp\/v2\/posts\/1656","targetHints":{"allow":["GET"]}}],"collection":[{"href":"https:\/\/uwg-hausen.de\/index.php?rest_route=\/wp\/v2\/posts"}],"about":[{"href":"https:\/\/uwg-hausen.de\/index.php?rest_route=\/wp\/v2\/types\/post"}],"author":[{"embeddable":true,"href":"https:\/\/uwg-hausen.de\/index.php?rest_route=\/wp\/v2\/users\/2"}],"replies":[{"embeddable":true,"href":"https:\/\/uwg-hausen.de\/index.php?rest_route=%2Fwp%2Fv2%2Fcomments&post=1656"}],"version-history":[{"count":34,"href":"https:\/\/uwg-hausen.de\/index.php?rest_route=\/wp\/v2\/posts\/1656\/revisions"}],"predecessor-version":[{"id":1791,"href":"https:\/\/uwg-hausen.de\/index.php?rest_route=\/wp\/v2\/posts\/1656\/revisions\/1791"}],"wp:attachment":[{"href":"https:\/\/uwg-hausen.de\/index.php?rest_route=%2Fwp%2Fv2%2Fmedia&parent=1656"}],"wp:term":[{"taxonomy":"category","embeddable":true,"href":"https:\/\/uwg-hausen.de\/index.php?rest_route=%2Fwp%2Fv2%2Fcategories&post=1656"},{"taxonomy":"post_tag","embeddable":true,"href":"https:\/\/uwg-hausen.de\/index.php?rest_route=%2Fwp%2Fv2%2Ftags&post=1656"}],"curies":[{"name":"wp","href":"https:\/\/api.w.org\/{rel}","templated":true}]}}