{"id":1632,"date":"2020-07-27T20:16:03","date_gmt":"2020-07-27T20:16:03","guid":{"rendered":"http:\/\/uwg-hausen.de\/?p=1632"},"modified":"2020-07-27T20:16:06","modified_gmt":"2020-07-27T20:16:06","slug":"initiative-tempo-30","status":"publish","type":"post","link":"https:\/\/uwg-hausen.de\/?p=1632","title":{"rendered":"Initiative  &#8211; Tempo 30"},"content":{"rendered":"\n<h2 class=\"wp-block-heading\">Initiative &#8211; Tempo 30   <\/h2>\n\n\n\n<h6 class=\"has-text-align-right wp-block-heading\">eine Initiative der Elternbeir\u00e4te der Kitas und Grundschule<\/h6>\n\n\n\n<hr class=\"wp-block-separator\"\/>\n\n\n\n<figure class=\"wp-block-image size-large\"><img fetchpriority=\"high\" decoding=\"async\" width=\"1024\" height=\"576\" src=\"http:\/\/uwg-hausen.de\/wp-content\/uploads\/2019\/12\/UWGHausen_Juli2020_Tempo30_FB-1024x576.jpg\" alt=\"\" class=\"wp-image-1633\" srcset=\"https:\/\/uwg-hausen.de\/wp-content\/uploads\/2019\/12\/UWGHausen_Juli2020_Tempo30_FB-1024x576.jpg 1024w, https:\/\/uwg-hausen.de\/wp-content\/uploads\/2019\/12\/UWGHausen_Juli2020_Tempo30_FB-300x169.jpg 300w, https:\/\/uwg-hausen.de\/wp-content\/uploads\/2019\/12\/UWGHausen_Juli2020_Tempo30_FB-768x432.jpg 768w, https:\/\/uwg-hausen.de\/wp-content\/uploads\/2019\/12\/UWGHausen_Juli2020_Tempo30_FB-1536x864.jpg 1536w, https:\/\/uwg-hausen.de\/wp-content\/uploads\/2019\/12\/UWGHausen_Juli2020_Tempo30_FB-100x55.jpg 100w, https:\/\/uwg-hausen.de\/wp-content\/uploads\/2019\/12\/UWGHausen_Juli2020_Tempo30_FB-730x410.jpg 730w, https:\/\/uwg-hausen.de\/wp-content\/uploads\/2019\/12\/UWGHausen_Juli2020_Tempo30_FB.jpg 1920w\" sizes=\"(max-width: 1024px) 100vw, 1024px\" \/><\/figure>\n\n\n\n<hr class=\"wp-block-separator\"\/>\n\n\n\n<p><strong>Liebe B\u00fcrgerinnen und B\u00fcrger unserer Gemeinde Hausen und Wimmelbach,<\/strong><\/p>\n\n\n\n<p>vielleicht haben Sie bereits bemerkt: es ist derzeit eine neue Initiative hinsichtlich einer Geschwindigkeitsreduzierung von 50 km\/h auf 30 km\/h in der Heroldsbacher und Forchheimer Strasse entstanden. Urheber dieser Initiative sind die Elternbeir\u00e4ten der beiden Kinderg\u00e4rten Lohe und St. Wolfgang sowie die der Grundschule. <\/p>\n\n\n\n<p class=\"has-background has-text-align-center has-normal-font-size has-very-light-gray-background-color\">Unterst\u00fctzen k\u00f6nnen Sie dieses Vorhaben, mit Hilfe des nachstehenden Links oder mit Hilfe der Unterschriftenliste im EDEKA-Markt Saam. <br><a href=\"https:\/\/docs.google.com\/forms\/d\/e\/1FAIpQLSdPZ2TW1dKoGm4R5C73vOwT0w_YDR337P1AziFpGde0ULo82g\/viewform\">Hier ist die Liste zu finden!<\/a><\/p>\n\n\n\n<hr class=\"wp-block-separator\"\/>\n\n\n\n<p class=\"has-text-align-center\"><strong><em>Wir die UWG-Hausen unterst\u00fctzen dieses Vorhaben ebenfalls. <br> Weshalb tun wir das?<\/em><\/strong><\/p>\n\n\n\n<p>Wir sind der Meinung, gerade die Fu\u00dfg\u00e4nger und Radfahrer profitieren von Tempo 30. So lassen sich die Strassen sicherer \u00fcberqueren und Auto- sowie Radverkehr harmonieren besser, da sich die Geschwindigkeiten ann\u00e4hern. <\/p>\n\n\n\n<p>Nicht zuletzt genie\u00dfen die Anwohner direkt die Vorteile einer generellen 30er Zone, da der Verkehrsl\u00e4rm deutlich reduziert wird.<\/p>\n\n\n\n<hr class=\"wp-block-separator\"\/>\n\n\n\n<p>Es freut uns hier besonders, dass sich der Elternbeirat beider Kitas und der Elternbeirat der Grundschule Hausen zusammengetan haben, um hier gemeinsam etwas zu bewegen! <\/p>\n\n\n\n<p class=\"has-text-align-left has-medium-font-size\"><strong>Unsere Bitte!<\/strong><\/p>\n\n\n\n<p class=\"has-background has-text-align-left has-medium-font-size has-pale-cyan-blue-background-color\"><strong>Setzen auch Sie sich f\u00fcr dieses Vorhaben \u00fcber den o. g. Link bzw. die ausliegende Unterschriftenliste ein.<\/strong><\/p>\n\n\n\n<hr class=\"wp-block-separator\"\/>\n\n\n\n<p>Bei Nachfragen oder auch weiteren Anregungen wenden Sie sich gerne an <a href=\"mailto:eb@kita-lohe.de\">eb@kita-lohe.de <\/a><\/p>\n\n\n\n<p class=\"has-small-font-size\"> Wichtig: <br>Ihre Daten dienen nur dazu, das Landratsamt \u00fcber die Notwendigkeit und Wichtigkeit in Kenntnis zu setzen. Ihre Daten werden nicht an sog. Dritte weitergegeben. <\/p>\n\n\n\n<hr class=\"wp-block-separator\"\/>\n\n\n\n<h6 class=\"has-text-align-right wp-block-heading\">Eine Initiative der Elternbeir\u00e4te der Kita Lohe und St.Wolfgang und der Grundschule, UWG-Hausen 27.Juli 2020<\/h6>\n","protected":false},"excerpt":{"rendered":"<p>Initiative &#8211; Tempo 30 eine Initiative der Elternbeir\u00e4te der Kitas und Grundschule Liebe B\u00fcrgerinnen und B\u00fcrger unserer Gemeinde Hausen und Wimmelbach, vielleicht haben Sie bereits bemerkt: es ist derzeit eine <a class=\"more-link\" href=\"https:\/\/uwg-hausen.de\/?p=1632\">Weiterlesen <i class=\"fa fa-chevron-right\"><\/i><\/a><\/p>\n","protected":false},"author":2,"featured_media":0,"comment_status":"open","ping_status":"open","sticky":false,"template":"","format":"standard","meta":{"_eb_attr":"","footnotes":""},"categories":[10,156],"tags":[67,32,37,33,65,157,66],"class_list":["post-1632","post","type-post","status-publish","format-standard","hentry","category-entwicklung","category-tempo30","tag-bahnhof-kersbach","tag-fahrradweg","tag-hausen","tag-kersbach","tag-s-bahn","tag-tempo30","tag-wasserrad"],"_links":{"self":[{"href":"https:\/\/uwg-hausen.de\/index.php?rest_route=\/wp\/v2\/posts\/1632","targetHints":{"allow":["GET"]}}],"collection":[{"href":"https:\/\/uwg-hausen.de\/index.php?rest_route=\/wp\/v2\/posts"}],"about":[{"href":"https:\/\/uwg-hausen.de\/index.php?rest_route=\/wp\/v2\/types\/post"}],"author":[{"embeddable":true,"href":"https:\/\/uwg-hausen.de\/index.php?rest_route=\/wp\/v2\/users\/2"}],"replies":[{"embeddable":true,"href":"https:\/\/uwg-hausen.de\/index.php?rest_route=%2Fwp%2Fv2%2Fcomments&post=1632"}],"version-history":[{"count":11,"href":"https:\/\/uwg-hausen.de\/index.php?rest_route=\/wp\/v2\/posts\/1632\/revisions"}],"predecessor-version":[{"id":1644,"href":"https:\/\/uwg-hausen.de\/index.php?rest_route=\/wp\/v2\/posts\/1632\/revisions\/1644"}],"wp:attachment":[{"href":"https:\/\/uwg-hausen.de\/index.php?rest_route=%2Fwp%2Fv2%2Fmedia&parent=1632"}],"wp:term":[{"taxonomy":"category","embeddable":true,"href":"https:\/\/uwg-hausen.de\/index.php?rest_route=%2Fwp%2Fv2%2Fcategories&post=1632"},{"taxonomy":"post_tag","embeddable":true,"href":"https:\/\/uwg-hausen.de\/index.php?rest_route=%2Fwp%2Fv2%2Ftags&post=1632"}],"curies":[{"name":"wp","href":"https:\/\/api.w.org\/{rel}","templated":true}]}}