{"id":1546,"date":"2020-07-20T19:07:13","date_gmt":"2020-07-20T19:07:13","guid":{"rendered":"http:\/\/uwg-hausen.de\/?p=1546"},"modified":"2020-07-20T20:26:28","modified_gmt":"2020-07-20T20:26:28","slug":"zusammenfassung-der-gemeinderatsitzung-juli-2020","status":"publish","type":"post","link":"https:\/\/uwg-hausen.de\/?p=1546","title":{"rendered":"Gemeinderatsitzung &#8211; Juli 2020"},"content":{"rendered":"<p>Im Folgenden eine kurze Zusammenfassung der wichtigsten Sitzungsinhalte.<\/p>\n<p>Am Montag den 06.07.2020 fand die Gemeinderatsitzung f\u00fcr Juni 2020 statt.<br>Die Gemeinde hat dazu wie immer alle interessierten B\u00fcrger in die Mehrzweckhalle in Hausen eingeladen. Insgesamt folgten diesmal ca. 10 Personen der Einladung.<\/p>\n\n\n<hr class=\"wp-block-separator\"\/>\n\n\n\n<h3 class=\"has-text-align-center wp-block-heading\"><strong>Antr\u00e4ge und Forderungen aus dem Rat<\/strong><\/h3>\n\n\n\n<hr class=\"wp-block-separator\"\/>\n\n\n\n<p><\/p>\n\n\n\n<h5 class=\"wp-block-heading\"><strong>Ver\u00f6ffentlichung der Sitzungsinhalte im Amtsblatt<\/strong><\/h5>\n\n\n\n<p>Es wurde \u00fcber die kommenden Artikel im Amtsblatt zu den\nGemeinderatssitzungen diskutiert. Im Gemeinderat wurde urspr\u00fcnglich ein Ergebnisprotokoll\nbeschlossen. <\/p>\n\n\n\n<p>Nun wurde seitens der Gr\u00fcnen angemerkt, dass im Amtsblatt nicht\nvollst\u00e4ndig \u00fcber die Ergebnisse und Antr\u00e4ge aus der Gemeinderatssitzung Juni 2020\nberichtet wurde aber stattdessen eine ausf\u00fchrliche Darstellung unter\nInformationen des B\u00fcrgermeisters erfolgt ist. <\/p>\n\n\n\n<p class=\"has-background has-text-align-right has-normal-font-size has-very-light-gray-background-color\"><strong><em>Das Ersuchen auf zuk\u00fcnftige \u00c4nderung wurde mit 8:9 abgelehnt. <\/em><\/strong><br><\/p>\n\n\n\n<hr class=\"wp-block-separator\"\/>\n\n\n\n<h5 class=\"wp-block-heading\"><strong>Herausgabe nicht\u00f6ffentlicher Sitzungsinhalte<\/strong><\/h5>\n\n\n\n<p>Laut des B\u00fcrgermeisters wurden Informationen aus den nicht\u00f6ffentlichen Sitzungen nach au\u00dfen getragen, was ihn dazu veranlasste sogleich die Rechtsaufsicht zu informieren. Einige Gemeinder\u00e4te wehrten sich gegen den Generalverdacht des B\u00fcrgermeisters.<\/p>\n\n\n\n<p class=\"has-background has-text-align-right has-normal-font-size has-very-light-gray-background-color\"><strong><em>Au\u00dfer der reinen Information durch den BGM wurde dies nicht weiter behandelt.<\/em><\/strong><br><\/p>\n\n\n\n<hr class=\"wp-block-separator\"\/>\n\n\n\n<h5 class=\"has-text-align-left wp-block-heading\"><strong>Ehrenkodex<\/strong><\/h5>\n\n\n\n<p>Auf Basis des Merkblatts f\u00fcr kommunale Mandatstr\u00e4ger wurde seitens der UWG angeregt, einen Ehrenkodex im Gemeinderat zu verabschieden, um die Handlungen der Gemeinder\u00e4te transparenter darzustellen. <\/p>\n\n\n\n<p class=\"has-text-align-center\"><em>Seit Jahren setzt sich die UWG f\u00fcr solche Handlungsrichtlinien ein<strong>. <\/strong><\/em><\/p>\n\n\n\n<p class=\"has-background has-text-align-right has-normal-font-size has-very-light-gray-background-color\"><strong><em>Der Antrag wurde mit 10:7 abgelehnt.<\/em><\/strong> <br><\/p>\n\n\n\n<p class=\"has-text-align-center\">Mehr zum Merkblatt findest Du hier:<br><a href=\"https:\/\/www.forum-verlag.com\/media\/pdf\/26\/66\/8d\/LP_2649_Korruptionspraevention.pdf\">https:\/\/www.forum-verlag.com\/media\/pdf\/26\/66\/8d\/LP_2649_Korruptionspraevention.pdf<\/a><\/p>\n\n\n\n<hr class=\"wp-block-separator\"\/>\n\n\n\n<h5 class=\"has-text-align-left wp-block-heading\"><br><strong>Zeitgerechte Behandlung von Antr\u00e4gen<\/strong><br><\/h5>\n\n\n\n<p>In der Behandlung des Antrags \u201eF\u00f6rderf\u00e4hige Einzelprojekte\u201c musste festgestellt werden, dass auf Grund der sp\u00e4ten Ber\u00fccksichtigung des Antrags keine F\u00f6rdermittel mehr zur Verf\u00fcgung stehen. <\/p>\n\n\n\n<p class=\"has-background has-text-align-right has-normal-font-size has-very-light-gray-background-color\"><strong><em>Der Antrag wurde danach nicht weiter behandelt.<\/em><\/strong><br><\/p>\n\n\n\n<hr class=\"wp-block-separator\"\/>\n\n\n\n<h5 class=\"wp-block-heading\">Sanierungsgebiet<\/h5>\n\n\n\n<p class=\"has-text-align-left\">Hinsichtlich des Antrags der UWG aus dem Jahr 2019, ein Sanierungsgebiet im Dorfkern auszuweisen, wurde seitens der UWG zus\u00e4tzlich noch beantragt, zu pr\u00fcfen, ob es f\u00f6rdersch\u00e4dlich ist, noch vor Abschluss des ISEK Programms dieses Gebiet in der Kommune auszuweisen. <br><\/p>\n\n\n\n<p class=\"has-background has-text-align-right has-normal-font-size has-very-light-gray-background-color\"><strong><em>Der Beschluss wurde mit 17:0 angenommen.<\/em><\/strong><br><\/p>\n\n\n\n<hr class=\"wp-block-separator\"\/>\n\n\n\n<h5 class=\"wp-block-heading\">Erneuerung der Ortsverbindungstrasse Hausen &#8211; Thurn<\/h5>\n\n\n\n<p>Auf Antrag der UWG ist f\u00fcr die Ortsverbindungsstra\u00dfe Hausen \u2013 Thurn eine neue Planung ins Gespr\u00e4ch gebracht worden, welche auch einen neuen Fahrradweg miteinschlie\u00dft. Dadurch k\u00f6nnen ebenfalls zus\u00e4tzliche F\u00f6rdermittel beantragt werden.<\/p>\n\n\n\n<p class=\"has-background has-text-align-right has-normal-font-size has-very-light-gray-background-color\"><strong><em>Der Beschluss wurde mit 17:0 angenommen.<\/em><\/strong><br><\/p>\n\n\n\n<hr class=\"wp-block-separator\"\/>\n\n\n\n<h3 class=\"has-text-align-center wp-block-heading\"><strong>sonstige Anmerkungen und Fragen<\/strong><\/h3>\n\n\n\n<hr class=\"wp-block-separator\"\/>\n\n\n\n<p><\/p>\n\n\n\n<h5 class=\"wp-block-heading\"><strong>Zum Abwasserzweckverband<\/strong><\/h5>\n\n\n\n<p>GR. Thomas Schmitt fragte den BGM und Vorsitzenden des Abwasserzweckverbands, weshalb nicht im Gemeinderatsgremium vorher \u00fcber die neue Haushaltssatzung des Abwasserzweckverbands diskutiert wurde, da dies finanzielle Folgen f\u00fcr die Gemeinde Hausen mit sich brachte. Diese Vorgehensweise wurde vom BGM Ruppert als nicht n\u00f6tig erachtet.<\/p>\n\n\n\n<p style=\"font-size:15px\" class=\"has-text-align-left\"><em>Anmerkung: In vergangener Zeit, war eine solche Vorbesprechung, durchaus \u00fcblich.<\/em><\/p>\n\n\n\n<p><strong>Zitat:<\/strong><\/p>\n\n\n\n<blockquote class=\"wp-block-quote is-layout-flow wp-block-quote-is-layout-flow\"><p><strong><em>Mir war es nicht bewusst, dass wir bei der Abstimmung um die Investitionsumlage f\u00fcr Hausen einen finanziellen Nachteil erwirken. Leider fand im Vorfeld auch keine Aufkl\u00e4rung statt.\u201c<\/em><\/strong><\/p><cite>Maximilian Schmitt, JUW, Gemeinderat<\/cite><\/blockquote>\n\n\n\n<p> Auch die UWG hatte auf die Frage nach der Motivation und dem Mehrwert dieser \u00c4nderung vom Abwasserzweckverbandsvorsitz keine Antwort bekommen.<\/p>\n\n\n\n<hr class=\"wp-block-separator\"\/>\n\n\n\n<h5 class=\"wp-block-heading\"><strong>Parkplatzmarkierung Thurner Stra\u00dfe<\/strong><\/h5>\n\n\n\n<p>Es erfolgte der Hinweis des GR Kemeth zur Erneuerung der Parkplatzmarkierung in der Forchheimer Stra\u00dfe gegen\u00fcber der Metzgerei Zeitschek. Bernd Ruppert erwiderte, dass dies wahrscheinlich nicht n\u00f6tig ist, da die Parkfl\u00e4chen h\u00f6chstwahrscheinlich g\u00e4nzlich wegfallen.<\/p>\n\n\n\n<hr class=\"wp-block-separator\"\/>\n\n\n\n<h5 class=\"wp-block-heading\"><strong>Ausbau offene Ganztagesschule:<\/strong><\/h5>\n\n\n\n<p>Zum Thema Anbau Schule\/Offene Ganztagesschule wurde die Frage nach dem Status und Umsetzungszeitpunkt gestellt. Der BGM wollte diese Antwort nicht in der \u00d6ffentlichkeit behandeln und verwies auf den nicht\u00f6ffentlichen Sitzungsteil.<\/p>\n\n\n\n<hr class=\"wp-block-separator\"\/>\n","protected":false},"excerpt":{"rendered":"<p>Bernd, du hast Dich f\u00fcr den insgesamt fairen Wahlkampf bedankt. Es w\u00e4re jetzt eine gute Gelegenheit gewesen zu zeigen, dass ihr an einer fairen und sachlichen Zusammenarbeit interessiert seid.<\/p>\n","protected":false},"author":2,"featured_media":0,"comment_status":"closed","ping_status":"open","sticky":false,"template":"","format":"standard","meta":{"_eb_attr":"","footnotes":""},"categories":[7,10,144,9,101],"tags":[150,151,13,152,154,41,153,14],"class_list":["post-1546","post","type-post","status-publish","format-standard","hentry","category-buerger","category-entwicklung","category-gemeinderatssitzung","category-ortskern","category-uwg-informiert","tag-abwasserzweckverband","tag-antraege","tag-gemeinderat","tag-offene-ganztageschule","tag-parkplatz","tag-pressemitteilung","tag-sanierungsgebiet","tag-sitzung"],"_links":{"self":[{"href":"https:\/\/uwg-hausen.de\/index.php?rest_route=\/wp\/v2\/posts\/1546","targetHints":{"allow":["GET"]}}],"collection":[{"href":"https:\/\/uwg-hausen.de\/index.php?rest_route=\/wp\/v2\/posts"}],"about":[{"href":"https:\/\/uwg-hausen.de\/index.php?rest_route=\/wp\/v2\/types\/post"}],"author":[{"embeddable":true,"href":"https:\/\/uwg-hausen.de\/index.php?rest_route=\/wp\/v2\/users\/2"}],"replies":[{"embeddable":true,"href":"https:\/\/uwg-hausen.de\/index.php?rest_route=%2Fwp%2Fv2%2Fcomments&post=1546"}],"version-history":[{"count":51,"href":"https:\/\/uwg-hausen.de\/index.php?rest_route=\/wp\/v2\/posts\/1546\/revisions"}],"predecessor-version":[{"id":1619,"href":"https:\/\/uwg-hausen.de\/index.php?rest_route=\/wp\/v2\/posts\/1546\/revisions\/1619"}],"wp:attachment":[{"href":"https:\/\/uwg-hausen.de\/index.php?rest_route=%2Fwp%2Fv2%2Fmedia&parent=1546"}],"wp:term":[{"taxonomy":"category","embeddable":true,"href":"https:\/\/uwg-hausen.de\/index.php?rest_route=%2Fwp%2Fv2%2Fcategories&post=1546"},{"taxonomy":"post_tag","embeddable":true,"href":"https:\/\/uwg-hausen.de\/index.php?rest_route=%2Fwp%2Fv2%2Ftags&post=1546"}],"curies":[{"name":"wp","href":"https:\/\/api.w.org\/{rel}","templated":true}]}}