{"id":1533,"date":"2020-06-22T20:00:00","date_gmt":"2020-06-22T20:00:00","guid":{"rendered":"http:\/\/uwg-hausen.de\/?p=1533"},"modified":"2020-07-20T20:03:47","modified_gmt":"2020-07-20T20:03:47","slug":"kurzfassung-der-gemeinderatsitzung-juni-2020","status":"publish","type":"post","link":"https:\/\/uwg-hausen.de\/?p=1533","title":{"rendered":"Gemeinderatsitzung &#8211; Juni 2020"},"content":{"rendered":"<p>Im Folgenden eine kurze Zusammenfassung der wichtigsten Sitzungsinhalte. Einen detailierten Bericht findet Ihr demn\u00e4chst unter dem kommenden neuen Men\u00fceintrag &#8220;Gemeindearbeit&#8221;auf dieser Seite.<\/p>\n<p>Am Montag den 15.06.2020 fand die Gemeinderatsitzung &#8211; Juni 2020 statt.<br>Die Gemeinde hat dazu wie immer alle interessierten B\u00fcrger in die Mehrzweckhalle in Hausen eingeladen. Insgesamt folgten diesmal ca. 15 Personen der Einladung.<\/p>\n\n\n<hr class=\"wp-block-separator\"\/>\n\n\n\n<h5 class=\"wp-block-heading\"><strong>Highlights aus der B\u00fcrgerfragestunde:<\/strong><\/h5>\n\n\n\n<p> Aus der B\u00fcrgerfragestunde kamen einige Wortmeldungen.<br><\/p>\n\n\n\n<ul class=\"wp-block-list\"><li> 1) Wortmeldung zum Thema Besetzung des zweiten und dritten BGM (B\u00fcrgermeister): \u201eMan sehe hier in keiner Weise den W\u00e4hlerauftrag ber\u00fccksichtigt.\u201c<br><\/li><\/ul>\n\n\n\n<p style=\"font-size:14px\" class=\"has-background has-text-align-right has-very-light-gray-background-color\"><strong>Bernd Ruppert sprach sich ganz klar f\u00fcr Dieter G\u00f6\u00dfwein als zweiten BGM aus <\/strong><br><strong>und f\u00fcr den dritten BGM habe sich laut Ihm keiner bereitstellen wollen.<\/strong><\/p>\n\n\n\n<p class=\"has-text-align-left\"><em> An dieser Stelle sei erw\u00e4hnt, dass die UWG neben dem zweiten auch einen dritten B\u00fcrgermeisterkandidaten zur Wahl stellte.<\/em><\/p>\n\n\n\n<hr class=\"wp-block-separator\"\/>\n\n\n\n<ul class=\"wp-block-list\"><li>2) In der zweiten Wortmeldung ging es um die Forderung der versprochenen L\u00e4rmschutzma\u00dfnahmen u.a. in der Forchheimerstrasse.<\/li><\/ul>\n\n\n\n<p style=\"font-size:14px\" class=\"has-background has-text-align-right has-very-light-gray-background-color\"><strong>Dazu konnte B. Ruppert keine konkreten Ma\u00dfnahmen nennen.<\/strong><\/p>\n\n\n\n<hr class=\"wp-block-separator\"\/>\n\n\n\n<h5 class=\"wp-block-heading\"><strong>Infos des B\u00fcrgermeisters<\/strong><\/h5>\n\n\n\n<p> Erw\u00e4hnenswert sind hier die Aussagen zu den Vorg\u00e4ngen in Friedhofstrasse (#STRABS) . Mit der abschlie\u00dfenden Forderung des B\u00fcrgermeisters die Widerspr\u00fcche&nbsp; zur\u00fcckzuziehen und \u201eendlich zu zahlen\u201c. <\/p>\n\n\n\n<hr class=\"wp-block-separator\"\/>\n\n\n\n<h5 class=\"wp-block-heading\"><br><strong>Antr\u00e4ge und Forderungen aus dem Rat<\/strong><br><\/h5>\n\n\n\n<p> Die Beschlussvorschl\u00e4ge der Gr\u00fcnen wurden vom BGM nicht in die Tagesordnung aufgenommen. Diese betreffen, die Wiederaufnahme des Betriebs vom Waldkindergartens, so wie es von der Landesregierung bereits freigegeben wurde und die Planung eines Unterstands f\u00fcr die neue Skaterbahn.  <\/p>\n\n\n\n<p>Fazit: In diesem Zusammenhang wurde von den Gr\u00fcnen sowie der UWG darauf\nhingewiesen das eingereichte Beschlussvorschl\u00e4ge in der Gemeinderatssitzung direkt\nbehandelt werden m\u00fcssen.<\/p>\n\n\n\n<p style=\"font-size:14px\" class=\"has-background has-very-light-gray-background-color\"><strong> Trotz Hinweis fand keinerlei Beschluss in dieser Sitzung statt.<\/strong><\/p>\n\n\n\n<p><\/p>\n\n\n\n<hr class=\"wp-block-separator\"\/>\n\n\n\n<h5 class=\"wp-block-heading\"><strong>Finanzausschuss \u2013 Haushalt 2020<\/strong><\/h5>\n\n\n\n<p>Nach Meinung der UWG entspricht der vorgelegt Haushalt nicht dem Grundlagen der Transparenz und Regelkonformit\u00e4t und wirft zudem weitere Fragen auf, welche der BGM nicht in der \u00f6ffentlichen Sitzung behandeln wollte. Daher stimmten die GR der UWG dagegen.<\/p>\n\n\n\n<p style=\"font-size:14px\" class=\"has-background has-very-light-gray-background-color\"><strong>Der Haushaltsplan wurde mit 12:5 Stimmen verabschiedet<\/strong><\/p>\n\n\n\n<hr class=\"wp-block-separator\"\/>\n\n\n\n<p class=\"has-text-align-right\"><br><\/p>\n\n\n\n<p><\/p>\n","protected":false},"excerpt":{"rendered":"<p>Bernd, du hast Dich f\u00fcr den insgesamt fairen Wahlkampf bedankt. Es w\u00e4re jetzt eine gute Gelegenheit gewesen zu zeigen, dass ihr an einer fairen und sachlichen Zusammenarbeit interessiert seid.<\/p>\n","protected":false},"author":2,"featured_media":0,"comment_status":"closed","ping_status":"open","sticky":false,"template":"","format":"standard","meta":{"_eb_attr":"","footnotes":""},"categories":[7,10,144,101],"tags":[149,147,148,13,41,14,55,56],"class_list":["post-1533","post","type-post","status-publish","format-standard","hentry","category-buerger","category-entwicklung","category-gemeinderatssitzung","category-uwg-informiert","tag-1-buergermeister","tag-2-buergermeister","tag-3-buergermeister","tag-gemeinderat","tag-pressemitteilung","tag-sitzung","tag-strabs","tag-strassenausbaubeitraege"],"_links":{"self":[{"href":"https:\/\/uwg-hausen.de\/index.php?rest_route=\/wp\/v2\/posts\/1533","targetHints":{"allow":["GET"]}}],"collection":[{"href":"https:\/\/uwg-hausen.de\/index.php?rest_route=\/wp\/v2\/posts"}],"about":[{"href":"https:\/\/uwg-hausen.de\/index.php?rest_route=\/wp\/v2\/types\/post"}],"author":[{"embeddable":true,"href":"https:\/\/uwg-hausen.de\/index.php?rest_route=\/wp\/v2\/users\/2"}],"replies":[{"embeddable":true,"href":"https:\/\/uwg-hausen.de\/index.php?rest_route=%2Fwp%2Fv2%2Fcomments&post=1533"}],"version-history":[{"count":15,"href":"https:\/\/uwg-hausen.de\/index.php?rest_route=\/wp\/v2\/posts\/1533\/revisions"}],"predecessor-version":[{"id":1599,"href":"https:\/\/uwg-hausen.de\/index.php?rest_route=\/wp\/v2\/posts\/1533\/revisions\/1599"}],"wp:attachment":[{"href":"https:\/\/uwg-hausen.de\/index.php?rest_route=%2Fwp%2Fv2%2Fmedia&parent=1533"}],"wp:term":[{"taxonomy":"category","embeddable":true,"href":"https:\/\/uwg-hausen.de\/index.php?rest_route=%2Fwp%2Fv2%2Fcategories&post=1533"},{"taxonomy":"post_tag","embeddable":true,"href":"https:\/\/uwg-hausen.de\/index.php?rest_route=%2Fwp%2Fv2%2Ftags&post=1533"}],"curies":[{"name":"wp","href":"https:\/\/api.w.org\/{rel}","templated":true}]}}