{"id":1488,"date":"2020-05-07T20:57:00","date_gmt":"2020-05-07T20:57:00","guid":{"rendered":"http:\/\/uwg-hausen.de\/?p=1488"},"modified":"2020-07-20T20:04:09","modified_gmt":"2020-07-20T20:04:09","slug":"gemeinderatsitzung-mai-2020","status":"publish","type":"post","link":"https:\/\/uwg-hausen.de\/?p=1488","title":{"rendered":"Gemeinderatsitzung &#8211; Mai 2020"},"content":{"rendered":"<p>Am Montag den 04.05.2020 fand die erste Gemeinderatsitzung, nach der Kommunalwahl am 15. M\u00e4rz 2020 statt. Die Gemeinde hat dazu alle interessierten B\u00fcrger in die Mehrzweckhalle in Hausen eingeladen. Insgesamt folgten dieser ca. 25 Personen.<\/p>\n<p>Bereits vor dem Aufgang zur Trib\u00fcne gab es mit Einwegt\u00fcchern und Desinfektionsmitteln die M\u00f6glichkeit seine Hygiene zu wahren.<\/p>\n<p>Die Sitzm\u00f6glichkeiten auf der Trib\u00fcne waren unter Ber\u00fccksichtigung der aktuellen Abstandsregeln mit Markierungen versehen. Man sa\u00df hier \u00fcber die Reihen hinweg versetzt.<\/p>\n<p>Auf dem Spielfeld wurden die Sitzpl\u00e4tze der Gemeinder\u00e4te, B\u00fcrgermeister, ehem. Gemeinder\u00e4te, Gesch\u00e4ftsstellenleiter und 2x Presse gro\u00dfz\u00fcgig verteilt. Auf Seiten der Sprossenleiter, wurde die Tagesordnung mittels einer Leinwand und Beamer ver\u00f6ffentlicht.<\/p>\n<p><\/p>\n<p>Im Folgenden eine Zusammenfassung der wichtigsten Sitzungsinhalte.<\/p>\n\n\n<h3 class=\"wp-block-heading\"><strong>Informationen des B\u00fcrgermeisters:<\/strong><\/h3>\n\n\n\n<ul class=\"wp-block-list\"><li> Als erstes erging ein Dank an die Familie Ruppert, die Gemeindeverwaltung, an die Wahlhelfer sowie an alle Kandidaten und Mitbewerber der Kommunalwahl 2020 <\/li><li><\/li><\/ul>\n\n\n\n<ul class=\"wp-block-list\"><li>Als zuk\u00fcnftige Projekte wurden die Leuchtturmprojekte des ISEK genannt ohne dies n\u00e4her zu spezifizieren. Zus\u00e4tzlich wurden anstehende Projekte wie die Schulsanierung, Kita Wimmelbach, die offene Ganztagesschule sowie die Nahw\u00e4rme in der Gemeinde erw\u00e4hnt.<\/li><li> <\/li><\/ul>\n\n\n\n<p><\/p>\n\n\n\n<ul class=\"wp-block-list\"><li><a href=\"https:\/\/hausen.ris.kommune-aktiv.de\/seite\/de\/rathaus\/023\/0_P_11_2\/Bernd_Ruppert.html\">Bernd Ruppert<\/a> hatte reflektiert, dass die W\u00e4sserwiesen im Kreis Forchheim nun als offizielles Kulturerbe aufgenommen worden. <a rel=\"noreferrer noopener\" aria-label=\"Link zum Artikel (\u00f6ffnet in neuem Tab)\" href=\"https:\/\/www.nordbayern.de\/region\/forchheim\/wasserwiesen-im-kreis-forchheim-sind-jetzt-kulturerbe-1.10057216\" target=\"_blank\">Link zum Artikel<\/a><\/li><\/ul>\n\n\n\n<p><\/p>\n\n\n\n<ul class=\"wp-block-list\"><li>Die Asphaltierungsarbeiten am Radweg, am ehem. Toxic-Gel\u00e4nde vorbei, sollen demn\u00e4chst starten. <\/li><li><\/li><\/ul>\n\n\n\n<ul class=\"wp-block-list\"><li>Man wird sich auch in naher Zukunft zum Stand der Planungsarbeiten f\u00fcr Gemeindezentrum und Mehrzweckhalle, im Gremium zusammenfinden.<\/li><li> <\/li><\/ul>\n\n\n\n<ul class=\"wp-block-list\"><li>Desweiteren starten zeitnah die Arbeiten zu einem neuen Regen\u00fcberlaufbecken an der Hausener Stra\u00dfe in Wimmelbach. <\/li><\/ul>\n\n\n\n<hr class=\"wp-block-separator\"\/>\n\n\n\n<h3 class=\"has-text-align-left wp-block-heading\"><strong>Vereidigung\/Verabschiedung:<\/strong><\/h3>\n\n\n\n<ul class=\"wp-block-list\"><li>Die ausgeschiedenen Gemeinder\u00e4te wurden mit einem Pr\u00e4sent vom B\u00fcrgermeister verabschiedet. <br> Anwesend waren: <ul><li>Anita Dennerlein (SPD)<\/li><\/ul><ul><li>Bianca Steppert (Junge B\u00fcrger)<\/li><\/ul><ul><li>Renate Kupfer (CSU)<\/li><li>Roland Tischer (SPD) <\/li><\/ul><\/li><li>Barbara Schmitt (UWG) und Gerd Zimmer (SPD) waren entschuldigt abwesend.<\/li><\/ul>\n\n\n\n<ul class=\"wp-block-list\"><li>Unter Eid wurden dann die neuen Gemeinder\u00e4te vereidigt.<br> <ul><li><a rel=\"noreferrer noopener\" aria-label=\"Corina Grimm (\u00f6ffnet in neuem Tab)\" href=\"https:\/\/hausen.ris.kommune-aktiv.de\/seite\/de\/rathaus\/023\/0_P_11_134\/Corina_Grimm.html\" target=\"_blank\">Corina Grimm<\/a> (CSU)<\/li><li><a rel=\"noreferrer noopener\" aria-label=\"Kristina Lindner  (\u00f6ffnet in neuem Tab)\" href=\"https:\/\/hausen.ris.kommune-aktiv.de\/seite\/de\/rathaus\/023\/0_P_11_135\/Kristina_Lindner.html\" target=\"_blank\">Kristina Lindner <\/a>(Gr\u00fcne) <\/li><li><a rel=\"noreferrer noopener\" aria-label=\"Heike Wagner (\u00f6ffnet in neuem Tab)\" href=\"https:\/\/hausen.ris.kommune-aktiv.de\/seite\/de\/rathaus\/023\/0_P_11_139\/Heike_Wagner.html\" target=\"_blank\">Heike Wagner<\/a> (CSU)<\/li><li><a href=\"https:\/\/hausen.ris.kommune-aktiv.de\/seite\/de\/rathaus\/023\/0_P_11_136\/Matthias_Dr_Mauser.html\" target=\"_blank\" rel=\"noreferrer noopener\" aria-label=\"Dr. Matthias Mauser  (\u00f6ffnet in neuem Tab)\">Dr. Matthias Mauser <\/a>(Gr\u00fcne)<\/li><li><a rel=\"noreferrer noopener\" aria-label=\"Thomas Schmitt (\u00f6ffnet in neuem Tab)\" href=\"https:\/\/hausen.ris.kommune-aktiv.de\/seite\/de\/rathaus\/023\/0_P_11_138\/Thomas_Schmitt.html\" target=\"_blank\">Thomas Schmitt<\/a> (UWG) <\/li><li><a rel=\"noreferrer noopener\" aria-label=\"Maximilian Schmitt (\u00f6ffnet in neuem Tab)\" href=\"https:\/\/hausen.ris.kommune-aktiv.de\/seite\/de\/rathaus\/023\/0_P_11_137\/Maximilian_Schmitt.html\" target=\"_blank\">Maximilian Schmitt<\/a> (JUW)<\/li><\/ul><\/li><\/ul>\n\n\n\n<hr class=\"wp-block-separator\"\/>\n\n\n\n<h3 class=\"wp-block-heading\"><strong>Wahl des 2. und 3. B\u00fcrgermeister:<\/strong><\/h3>\n\n\n\n<ul class=\"wp-block-list\"><li>Als 2. B\u00fcrgermeister ist <a href=\"https:\/\/hausen.ris.kommune-aktiv.de\/seite\/de\/rathaus\/023\/0_P_11_3\/Dieter_Goesswein.html\" target=\"_blank\" rel=\"noreferrer noopener\" aria-label=\"Dieter G\u00f6\u00dfwein  (\u00f6ffnet in neuem Tab)\">Dieter G\u00f6\u00dfwein <\/a>(B\u00fcrgerforum Wimmelbach) mit einem Wahlergebnis von <strong>9:8<\/strong> gew\u00e4hlt worden. Gegenkandidat war <a rel=\"noreferrer noopener\" href=\"https:\/\/hausen.ris.kommune-aktiv.de\/seite\/de\/rathaus\/023\/0_P_11_138\/Thomas_Schmitt.html\" target=\"_blank\">Thomas Schmitt<\/a> (UWG).<\/li><\/ul>\n\n\n\n<p><\/p>\n\n\n\n<ul class=\"wp-block-list\"><li>Der 3. B\u00fcrgermeister ist <a href=\"https:\/\/hausen.ris.kommune-aktiv.de\/seite\/de\/rathaus\/023\/0_P_11_13\/Johannes_Stadter.html\" target=\"_blank\" rel=\"noreferrer noopener\" aria-label=\"Johannes Stadter (\u00f6ffnet in neuem Tab)\">Johannes Stadter<\/a> (Junge B\u00fcrger) mit einem Wahlergebnis von <strong>10:7<\/strong> gew\u00e4hlt worden. Gegenkandidat war <a href=\"https:\/\/hausen.ris.kommune-aktiv.de\/seite\/de\/rathaus\/023\/0_P_11_6\/Roland_Gar%C3%A7on.html\" target=\"_blank\" rel=\"noreferrer noopener\" aria-label=\"Roland Gar\u00e7on (\u00f6ffnet in neuem Tab)\">Roland Gar\u00e7on<\/a> (UWG) <\/li><li><\/li><\/ul>\n\n\n\n<hr class=\"wp-block-separator\"\/>\n\n\n\n<h3 class=\"wp-block-heading\"><strong>Aussch\u00fcsse und Verb\u00e4nde:<\/strong><\/h3>\n\n\n\n<ul class=\"wp-block-list\"><li>Die Verteilung der Gemeinder\u00e4te auf die Aussch\u00fcsse und Verb\u00e4nde sind im konkreten hier nachzulesen. (<a href=\"https:\/\/hausen.ris.kommune-aktiv.de\/seite\/de\/rathaus\/023\/-\/Gremien.html\">Hausen.de<\/a>)<\/li><\/ul>\n\n\n\n<p><\/p>\n\n\n\n<ul class=\"wp-block-list\"><li>Als Kinder- und Jugendbeauftragte(r) der Gemeinde wurden <a rel=\"noreferrer noopener\" href=\"https:\/\/hausen.ris.kommune-aktiv.de\/seite\/de\/rathaus\/023\/0_P_11_134\/Corina_Grimm.html\" target=\"_blank\">Corina Grimm<\/a> (CSU) f\u00fcr Hausen und Christoph Keiner (JUW) f\u00fcr Wimmelbach gew\u00e4hlt. <\/li><\/ul>\n\n\n\n<hr class=\"wp-block-separator\"\/>\n\n\n\n<h3 class=\"wp-block-heading\"><strong>Neuverfassung der Gesch\u00e4ftsordnung:<\/strong><\/h3>\n\n\n\n<ul class=\"wp-block-list\"><li>Die B\u00fcrgerfragestunde in der Gemeinderatssitzung sollte formell aus der neuen Gesch\u00e4ftsordnung entfernt werden. Aufgrund des Wunsches mehrerer Fraktionen bleibt diese enthalten.<\/li><\/ul>\n\n\n\n<ul class=\"wp-block-list\"><li>Auf Bitten mehrerer Fraktionen werden zuk\u00fcnftig wieder die Sitzungsprotokolle des Gemeinderates auf der Hausener Webseite und im Amtsblatt ver\u00f6ffentlicht.<\/li><\/ul>\n\n\n\n<hr class=\"wp-block-separator\"\/>\n\n\n\n<h4 class=\"wp-block-heading\"><em><strong>Zitat aus der Gemeinderatssitzung:<\/strong><\/em><\/h4>\n\n\n\n<p><strong><em>\u201eBernd, du hast Dich f\u00fcr den insgesamt fairen Wahlkampf bedankt. Es w\u00e4re jetzt eine gute Gelegenheit gewesen zu zeigen, dass ihr an einer fairen und sachlichen Zusammenarbeit interessiert seid. Das scheint aber nicht der Fall zu sein. Und das finde ich sehr schade.<\/em><\/strong><br><strong><em>Ich m\u00f6chte betonen, dass dies nicht pers\u00f6nlich auf die beiden gew\u00e4hlten Personen Johannes und Dieter bezogen ist.\u201c<\/em> <\/strong><em>(Herbert Kemeth, Gemeinderat)<\/em><\/p>\n\n\n\n<hr class=\"wp-block-separator\"\/>\n\n\n\n<h4 class=\"wp-block-heading\"><em>Auszug aus der lokalen Presse:<\/em><\/h4>\n\n\n\n<p><em><strong>\u201e\u2026was Gerlinde Kraus (SPD) veranlasste, B\u00fcrgermeister Ruppert daran zu erinnern, dass er zu Beginn der Sitzung gesagt habe, in der neuen Legislaturperiode wolle man sachlich miteinander arbeiten. Umso verwunderlicher sei nun, dass man der UWG als zweitst\u00e4rkster Fraktion nicht nur das Amt des Zweiten, sondern nun auch das des Dritten B\u00fcrgermeister verweigere. &#8220;Wenn wir uns an deine Wahl 2014 zum Zweiten B\u00fcrgermeister erinnern &#8220;, sagte Kraus, &#8220;dann haben wir dich fraktions\u00fcbergreifend einstimmig gew\u00e4hlt. Umso unverst\u00e4ndlicher, dass die CSU alle drei B\u00fcrgermeister f\u00fcr sich beansprucht.&#8221;<\/strong><\/em> <\/p>\n\n\n\n<p class=\"has-text-align-right\"><a href=\"ttps:\/\/www.infranken.de\/regional\/forchheim\/kreis-forchheim-neuer-gemeinderat-startet-gleich-mit-kampfabstimmungen;art216,4999596\">Lie\u00df den Artikel auf Infranken.de<\/a><br><\/p>\n\n\n\n<p class=\"has-text-align-right\"><a href=\"http:\/\/www.nordbayern.de\/region\/forchheim\/hausen-die-erste-sitzung-des-neuen-rates-und-viele-hauchdunne-mehrheiten-1.10083163?searched=true\">Auch unter Nordbayern.de gibt es einen Bericht.<\/a><\/p>\n\n\n\n<p><\/p>\n","protected":false},"excerpt":{"rendered":"<p>Bernd, du hast Dich f\u00fcr den insgesamt fairen Wahlkampf bedankt. Es w\u00e4re jetzt eine gute Gelegenheit gewesen zu zeigen, dass ihr an einer fairen und sachlichen Zusammenarbeit interessiert seid.<\/p>\n","protected":false},"author":2,"featured_media":0,"comment_status":"closed","ping_status":"open","sticky":false,"template":"","format":"standard","meta":{"_eb_attr":"","footnotes":""},"categories":[7,10,144,100,1,101],"tags":[149,147,148,13,41,14],"class_list":["post-1488","post","type-post","status-publish","format-standard","hentry","category-buerger","category-entwicklung","category-gemeinderatssitzung","category-kommunalwahl-2020","category-uncategorized","category-uwg-informiert","tag-1-buergermeister","tag-2-buergermeister","tag-3-buergermeister","tag-gemeinderat","tag-pressemitteilung","tag-sitzung"],"_links":{"self":[{"href":"https:\/\/uwg-hausen.de\/index.php?rest_route=\/wp\/v2\/posts\/1488","targetHints":{"allow":["GET"]}}],"collection":[{"href":"https:\/\/uwg-hausen.de\/index.php?rest_route=\/wp\/v2\/posts"}],"about":[{"href":"https:\/\/uwg-hausen.de\/index.php?rest_route=\/wp\/v2\/types\/post"}],"author":[{"embeddable":true,"href":"https:\/\/uwg-hausen.de\/index.php?rest_route=\/wp\/v2\/users\/2"}],"replies":[{"embeddable":true,"href":"https:\/\/uwg-hausen.de\/index.php?rest_route=%2Fwp%2Fv2%2Fcomments&post=1488"}],"version-history":[{"count":17,"href":"https:\/\/uwg-hausen.de\/index.php?rest_route=\/wp\/v2\/posts\/1488\/revisions"}],"predecessor-version":[{"id":1600,"href":"https:\/\/uwg-hausen.de\/index.php?rest_route=\/wp\/v2\/posts\/1488\/revisions\/1600"}],"wp:attachment":[{"href":"https:\/\/uwg-hausen.de\/index.php?rest_route=%2Fwp%2Fv2%2Fmedia&parent=1488"}],"wp:term":[{"taxonomy":"category","embeddable":true,"href":"https:\/\/uwg-hausen.de\/index.php?rest_route=%2Fwp%2Fv2%2Fcategories&post=1488"},{"taxonomy":"post_tag","embeddable":true,"href":"https:\/\/uwg-hausen.de\/index.php?rest_route=%2Fwp%2Fv2%2Ftags&post=1488"}],"curies":[{"name":"wp","href":"https:\/\/api.w.org\/{rel}","templated":true}]}}