{"id":1398,"date":"2020-03-03T19:02:00","date_gmt":"2020-03-03T19:02:00","guid":{"rendered":"http:\/\/uwg-hausen.de\/?p=1398"},"modified":"2020-03-11T22:29:12","modified_gmt":"2020-03-11T22:29:12","slug":"radweg-hausen-kersbach-zwischenbilanz","status":"publish","type":"post","link":"https:\/\/uwg-hausen.de\/?p=1398","title":{"rendered":"Radweg Hausen\/Kersbach  &#8211; Zwischenbilanz"},"content":{"rendered":"\n<h2 class=\"wp-block-heading\">Zwischenbilanz &#8211; Radweg Hausen\/Kersbach   <\/h2>\n\n\n\n<h6 class=\"has-text-align-right wp-block-heading\">ein Beitrag von Herbert Kemeth und Fritz Reuter<\/h6>\n\n\n\n<hr class=\"wp-block-separator\"\/>\n\n\n\n<figure class=\"wp-block-image size-large\"><img fetchpriority=\"high\" decoding=\"async\" width=\"1024\" height=\"576\" src=\"https:\/\/uwg-hausen.de\/wp-content\/uploads\/2020\/03\/Instagram_Readwweg_NachDemAnfang_Landscape-1024x576.jpg\" alt=\"\" class=\"wp-image-1440\" srcset=\"https:\/\/uwg-hausen.de\/wp-content\/uploads\/2020\/03\/Instagram_Readwweg_NachDemAnfang_Landscape-1024x576.jpg 1024w, https:\/\/uwg-hausen.de\/wp-content\/uploads\/2020\/03\/Instagram_Readwweg_NachDemAnfang_Landscape-300x169.jpg 300w, https:\/\/uwg-hausen.de\/wp-content\/uploads\/2020\/03\/Instagram_Readwweg_NachDemAnfang_Landscape-768x432.jpg 768w, https:\/\/uwg-hausen.de\/wp-content\/uploads\/2020\/03\/Instagram_Readwweg_NachDemAnfang_Landscape-100x55.jpg 100w, https:\/\/uwg-hausen.de\/wp-content\/uploads\/2020\/03\/Instagram_Readwweg_NachDemAnfang_Landscape-730x410.jpg 730w, https:\/\/uwg-hausen.de\/wp-content\/uploads\/2020\/03\/Instagram_Readwweg_NachDemAnfang_Landscape.jpg 1080w\" sizes=\"(max-width: 1024px) 100vw, 1024px\" \/><\/figure>\n\n\n\n<hr class=\"wp-block-separator\"\/>\n\n\n\n<p>Bereits im Jahr <strong>2000<\/strong> wurde federf\u00fchrend durch den Landkreis Forchheim die ersten Planungen zu einer Radwegbr\u00fccke in der Gemeinde Hausen get\u00e4tigt. Die Planungen waren praktisch fertig, es scheiterte nur an den Einigungen mit den Grundst\u00fcckeigent\u00fcmern.<\/p>\n\n\n\n<p>Im <strong>M\u00e4rz 2019<\/strong> wurde die Anbindung des Hirtenbachtals an den S-Bahnhalt in Kersbach durch Fritz Reuter und GR Martin Heilmann erneut aufgegriffen.<\/p>\n\n\n\n<p>Im weiteren Verlauf gab es eine Einladung des damaligen B\u00fcrgermeisters Gerd Zimmer zu einem gemeinsamen Treffen am Wasserrad. Hier wurden u.a. den Vertretern des Gemeinderates und des Wasserschifffahrtsamtes, die m\u00f6glichen Trassenf\u00fchrungen auf Basis eines Gesch\u00e4ftsantrag der UWG-Hausen vorgestellt.<\/p>\n\n\n\n<p>Im <strong>Sommer 2019<\/strong> konnten dann von Seiten der UWG erste Kontakte mit <strong><a href=\"https:\/\/www.bayern.landtag.de\/abgeordnete\/abgeordnete-von-a-z\/profil\/sebastian-koerber\/\">Sebastian K\u00f6rber<\/a><\/strong> (FDP, Abgeordneter des bay. Landtages) hergestellt werden. Herr K\u00f6rber hat dabei direkt ein Vororttreffen vorgeschlagen.<\/p>\n\n\n\n<p>Um unsere Ideen auch im <strong><a href=\"https:\/\/lra-fo.de\/\">Landratsamt<\/a><\/strong> (LRA) bekannt zu machen, und um Unterst\u00fctzung durch den Landkreis f\u00fcr dieses Projekt zu werben fand am <strong>27. Juli 2019<\/strong> ein Treffen mit <strong><a href=\"https:\/\/www.hermann-ulm.de\/\">Landrat Dr. Hermann Ulm<\/a><\/strong>, <br><strong><a href=\"https:\/\/lra-fo.de\/site\/2_aufgabenbereiche\/Bauen\/Tiefbauamt_Kreisstrassen\/fb_tiefbauamt.php\">Dieter Els<\/a><\/strong> (Fachbereichsleiter Tiefbau, Stra\u00dfenbau beim LRA), <br><strong><a href=\"https:\/\/www.facebook.com\/gerd.zimmer.spd\/\">B\u00fcrgermeister Gerd Zimmer<\/a><\/strong>, Fritz Reuter und GR Herbert Kemeth statt. <\/p>\n\n\n\n<p>Von Seiten des LRA wurde uns damals mitgeteilt, dass es <strong>&#8220;<em>nur f\u00fcr stra\u00dfenbegleitende Radwegprojekte F\u00f6rderm\u00f6glichkeiten g\u00e4be<\/em>.&#8221;<\/strong><br>Eine finanzielle Beteiligung durch den Landkreis wurde damals als fast unm\u00f6glich dargestellt. Da der Landkreis sich nur f\u00fcr Stra\u00dfen begleitenden Trassenf\u00fchrungen zust\u00e4ndig f\u00fchlt, wurde auch die Unterst\u00fctzung von Variante1 vom LRA abgelehnt. <\/p>\n\n\n\n<figure class=\"wp-block-image size-large is-style-default\"><img decoding=\"async\" width=\"1000\" height=\"500\" src=\"http:\/\/uwg-hausen.de\/wp-content\/uploads\/2019\/12\/Radweg_2020-Variante1.jpg\" alt=\"\" class=\"wp-image-1444\" srcset=\"https:\/\/uwg-hausen.de\/wp-content\/uploads\/2019\/12\/Radweg_2020-Variante1.jpg 1000w, https:\/\/uwg-hausen.de\/wp-content\/uploads\/2019\/12\/Radweg_2020-Variante1-300x150.jpg 300w, https:\/\/uwg-hausen.de\/wp-content\/uploads\/2019\/12\/Radweg_2020-Variante1-768x384.jpg 768w\" sizes=\"(max-width: 1000px) 100vw, 1000px\" \/><figcaption>Variante 1, welche vom LRA abgelehnt wurde <\/figcaption><\/figure>\n\n\n\n<p>Unter Vorbehalt des Grundst\u00fcckerwerbes einigte man sich daher auf die Trassenf\u00fchrung in Variante2. <br>Das LRA wurde beauftragt sich um die erforderlichen Grundst\u00fccke zu k\u00fcmmern.<\/p>\n\n\n\n<figure class=\"wp-block-image size-large\"><img decoding=\"async\" width=\"1000\" height=\"500\" src=\"http:\/\/uwg-hausen.de\/wp-content\/uploads\/2019\/12\/Radweg_2020-Variante2.jpg\" alt=\"\" class=\"wp-image-1445\" srcset=\"https:\/\/uwg-hausen.de\/wp-content\/uploads\/2019\/12\/Radweg_2020-Variante2.jpg 1000w, https:\/\/uwg-hausen.de\/wp-content\/uploads\/2019\/12\/Radweg_2020-Variante2-300x150.jpg 300w, https:\/\/uwg-hausen.de\/wp-content\/uploads\/2019\/12\/Radweg_2020-Variante2-768x384.jpg 768w\" sizes=\"(max-width: 1000px) 100vw, 1000px\" \/><figcaption>Trassenf\u00fchrung von Variante 2<\/figcaption><\/figure>\n\n\n\n<hr class=\"wp-block-separator\"\/>\n\n\n\n<p>Am <strong>5. Sept. 2019<\/strong> fand dann das <a href=\"https:\/\/uwg-hausen.de\/?tag=fahrradweg\">Vororttreffen<\/a> mit Sebastian K\u00f6rber am Wasserrad statt. Hierzu war die gesamte Bev\u00f6lkerung und die Kreisr\u00e4te aus Heroldsbach und Hausen eingeladen. <\/p>\n\n\n\n<p class=\"has-text-align-center\"><strong>Fazit vom Termin<\/strong><br><\/p>\n\n\n\n<p class=\"has-background has-text-align-left has-pale-cyan-blue-background-color\"><strong><em>&#8211; Sebastian K\u00f6rber wird nochmal mit Herrn Els bez\u00fcglich F\u00f6rderung durch Landkreis reden. <\/em><\/strong><br><strong><em>&#8211; Sebastian K\u00f6rber wird ebenfalls die Umsetzung des Fahrradweges durch den Freistaat entlang der ST2244 (alte B4)&nbsp; pr\u00fcfen. <\/em><\/strong><br><strong><em>&#8211; Die anwesenden Kreisfraktionen UWG, SPD, Gr\u00fcne und FDP werden einen Antrag im Kreistag bez\u00fcglich F\u00f6rderung dieses Radwegs einbringen <\/em><\/strong><br><strong><em>&#8211; Laut Richard G\u00fcgel sind im Kreis 100.000,- \u20ac f\u00fcr 2020 <\/em><\/strong><strong><em>und 250.000,- f\u00fcr 2021 eingeplant. <\/em><\/strong><br><strong><em>&#8211; Es wurde angeregt die Stadt Baiersdorf mit ins Boot zu holen, da dieser Radweg auch Ihre Anbindung an den Aischgrundradweg ist. <\/em><\/strong><br><strong><em>&#8211; Bernd Ruppert hat zugesagt, die alten Pl\u00e4ne zur Verf\u00fcgung zu stellen.<\/em><\/strong><\/p>\n\n\n\n<hr class=\"wp-block-separator\"\/>\n\n\n\n<p>Durch einen Zeitungsartikel \u00fcber den Schnellradweg Bamberg \u2013 N\u00fcrnberg auf das &#8220;<a href=\"https:\/\/www.radverkehr.bayern.de\/\">Radverkehrsprogramm Bayern 2025<\/a>&#8221; aufmerksam gemacht, schrieb unser GR Herbert Kemeth am <strong>13. Feb. 2020<\/strong> das zust\u00e4ndige Ministerium in M\u00fcnchen mit der Bitte an, zu pr\u00fcfen, ob unser Projekt auch f\u00f6rderf\u00e4hig w\u00e4re.<\/p>\n\n\n\n<p>Von der Regierung von Oberfranken kam dann am <strong>18. Feb. 2020<\/strong> <strong>nachmittags<\/strong> die Antwort, dass eine Fahrradbr\u00fccke nach dem BayFAG <a href=\"https:\/\/www.gesetze-bayern.de\/Content\/Document\/BayFAG-13c\">(Bayerisches Finanzausgleichsgesetz) Art. 13c<\/a>, selbst\u00e4ndiger Radweg, f\u00f6rderf\u00e4hig sei, und dass dies der Gemeinde Hausen gegen\u00fcber auch schon best\u00e4tigt wurde<\/p>\n\n\n\n<hr class=\"wp-block-separator\"\/>\n\n\n\n<p>Um den hierf\u00fcr ben\u00f6tigten Grunderwerb, welcher einen l\u00e4nger  Zeitrahmen ben\u00f6tigt h\u00e4tte, <br><strong><em>vom Bau der Br\u00fccke zu entkoppeln<\/em><\/strong>, wurde von  der UWG-Hausen, in Person Fritz Reuter, eine weitere Variante  entwickelt, welche nur noch vorhandene Flurwege benutzt.<\/p>\n\n\n\n<figure class=\"wp-block-image size-large\"><img loading=\"lazy\" decoding=\"async\" width=\"1000\" height=\"500\" src=\"https:\/\/uwg-hausen.de\/wp-content\/uploads\/2020\/03\/Radweg_2020-Variante3.jpg\" alt=\"\" class=\"wp-image-1414\" srcset=\"https:\/\/uwg-hausen.de\/wp-content\/uploads\/2020\/03\/Radweg_2020-Variante3.jpg 1000w, https:\/\/uwg-hausen.de\/wp-content\/uploads\/2020\/03\/Radweg_2020-Variante3-300x150.jpg 300w, https:\/\/uwg-hausen.de\/wp-content\/uploads\/2020\/03\/Radweg_2020-Variante3-768x384.jpg 768w\" sizes=\"(max-width: 1000px) 100vw, 1000px\" \/><figcaption>Variante 3 &#8211; unter ber\u00fccksichtigung vorhandener Flurwege<\/figcaption><\/figure>\n\n\n\n<hr class=\"wp-block-separator\"\/>\n\n\n\n<p>Um diese Idee bei der Planung des neuen Kersbacher Kreisverkehrs in Richtung Bhf. Kersbach auch entsprechend ber\u00fccksichtigt zu bekommen, fand am <strong>18. Feb. 2020 <\/strong>(vormittags) ein zweites Treffen mit Landrat Dr. Ulm, Dieter Els (LRA), Fritz Reuter und GR Herbert Kemeth statt. <\/p>\n\n\n\n<p>Bei diesem Treffen wurden uns die aktuellen Pl\u00e4ne f\u00fcr den neuen Kreisverkehr gezeigt. <\/p>\n\n\n\n<figure class=\"wp-block-image size-large\"><img loading=\"lazy\" decoding=\"async\" width=\"1024\" height=\"622\" src=\"http:\/\/uwg-hausen.de\/wp-content\/uploads\/2020\/03\/Radweg_2020_Planung_Kreisel-1024x622.jpg\" alt=\"\" class=\"wp-image-1412\" srcset=\"https:\/\/uwg-hausen.de\/wp-content\/uploads\/2020\/03\/Radweg_2020_Planung_Kreisel-1024x622.jpg 1024w, https:\/\/uwg-hausen.de\/wp-content\/uploads\/2020\/03\/Radweg_2020_Planung_Kreisel-300x182.jpg 300w, https:\/\/uwg-hausen.de\/wp-content\/uploads\/2020\/03\/Radweg_2020_Planung_Kreisel-768x466.jpg 768w, https:\/\/uwg-hausen.de\/wp-content\/uploads\/2020\/03\/Radweg_2020_Planung_Kreisel-1536x932.jpg 1536w, https:\/\/uwg-hausen.de\/wp-content\/uploads\/2020\/03\/Radweg_2020_Planung_Kreisel.jpg 2000w\" sizes=\"(max-width: 1024px) 100vw, 1024px\" \/><figcaption>Plan vom Kersbacher Kreisel mit Enbindung Radweg aus den Varianten 1 &amp; 2<\/figcaption><\/figure>\n\n\n\n<hr class=\"wp-block-separator\"\/>\n\n\n\n<p>Der aktuelle Planungsstand des Kersbacher Kreisels mitsamt den Radwegen ist in der nachfolgenden vorliegenden Skizze dargestellt. <br><\/p>\n\n\n\n<figure class=\"wp-block-image size-large\"><img loading=\"lazy\" decoding=\"async\" width=\"1024\" height=\"622\" src=\"https:\/\/uwg-hausen.de\/wp-content\/uploads\/2020\/03\/Radweg_2020_Planung_Kreisel_Zwischenlo\u0308sung-1024x622.jpg\" alt=\"\" class=\"wp-image-1415\" srcset=\"https:\/\/uwg-hausen.de\/wp-content\/uploads\/2020\/03\/Radweg_2020_Planung_Kreisel_Zwischenlo\u0308sung-1024x622.jpg 1024w, https:\/\/uwg-hausen.de\/wp-content\/uploads\/2020\/03\/Radweg_2020_Planung_Kreisel_Zwischenlo\u0308sung-300x182.jpg 300w, https:\/\/uwg-hausen.de\/wp-content\/uploads\/2020\/03\/Radweg_2020_Planung_Kreisel_Zwischenlo\u0308sung-768x467.jpg 768w, https:\/\/uwg-hausen.de\/wp-content\/uploads\/2020\/03\/Radweg_2020_Planung_Kreisel_Zwischenlo\u0308sung.jpg 1152w\" sizes=\"(max-width: 1024px) 100vw, 1024px\" \/><\/figure>\n\n\n\n<p class=\"has-text-align-left\"><strong>Diese Variante ist ein kostenoptimales Provisorium, um den Br\u00fcckenschlag nicht weiter zu verz\u00f6gern und somit zeitnah umsetzen zu k\u00f6nnen. Wobei eine Anbindung \u00fcber Variante 2 oder 1 von der UWG-Hausen als Fernziel immer noch angestrebt wird. <\/strong><\/p>\n\n\n\n<hr class=\"wp-block-separator\"\/>\n\n\n\n<figure class=\"wp-block-pullquote has-background has-pale-cyan-blue-background-color is-style-solid-color\"><blockquote class=\"has-text-color has-very-dark-gray-color\"><p><strong><em>Da im allgemeinen Einigkeit bei allen Fraktionen herrscht, dass ein Br\u00fcckenschlag \u00fcber die Regnitz n\u00f6tig ist, hoffen wir, dass dies die kommenden Ma\u00dfnahmen auch zuk\u00fcnftig befl\u00fcgelt.<\/em><\/strong><\/p><cite>F. Reuter\/ H. Kemeth<\/cite><\/blockquote><\/figure>\n\n\n\n<h6 class=\"has-text-align-right wp-block-heading\">Beitrag von Herbert Kemeth und Fritz Reuter, UWG-Hausen 03.M\u00e4rz 2020<\/h6>\n\n\n\n<hr class=\"wp-block-separator\"\/>\n","protected":false},"excerpt":{"rendered":"<p>Zwischenbilanz &#8211; Radweg Hausen\/Kersbach ein Beitrag von Herbert Kemeth und Fritz Reuter Bereits im Jahr 2000 wurde federf\u00fchrend durch den Landkreis Forchheim die ersten Planungen zu einer Radwegbr\u00fccke in der <a class=\"more-link\" href=\"https:\/\/uwg-hausen.de\/?p=1398\">Weiterlesen <i class=\"fa fa-chevron-right\"><\/i><\/a><\/p>\n","protected":false},"author":2,"featured_media":0,"comment_status":"open","ping_status":"open","sticky":false,"template":"","format":"standard","meta":{"_eb_attr":"","footnotes":""},"categories":[10,1],"tags":[67,32,37,33,65,66],"class_list":["post-1398","post","type-post","status-publish","format-standard","hentry","category-entwicklung","category-uncategorized","tag-bahnhof-kersbach","tag-fahrradweg","tag-hausen","tag-kersbach","tag-s-bahn","tag-wasserrad"],"_links":{"self":[{"href":"https:\/\/uwg-hausen.de\/index.php?rest_route=\/wp\/v2\/posts\/1398","targetHints":{"allow":["GET"]}}],"collection":[{"href":"https:\/\/uwg-hausen.de\/index.php?rest_route=\/wp\/v2\/posts"}],"about":[{"href":"https:\/\/uwg-hausen.de\/index.php?rest_route=\/wp\/v2\/types\/post"}],"author":[{"embeddable":true,"href":"https:\/\/uwg-hausen.de\/index.php?rest_route=\/wp\/v2\/users\/2"}],"replies":[{"embeddable":true,"href":"https:\/\/uwg-hausen.de\/index.php?rest_route=%2Fwp%2Fv2%2Fcomments&post=1398"}],"version-history":[{"count":36,"href":"https:\/\/uwg-hausen.de\/index.php?rest_route=\/wp\/v2\/posts\/1398\/revisions"}],"predecessor-version":[{"id":1446,"href":"https:\/\/uwg-hausen.de\/index.php?rest_route=\/wp\/v2\/posts\/1398\/revisions\/1446"}],"wp:attachment":[{"href":"https:\/\/uwg-hausen.de\/index.php?rest_route=%2Fwp%2Fv2%2Fmedia&parent=1398"}],"wp:term":[{"taxonomy":"category","embeddable":true,"href":"https:\/\/uwg-hausen.de\/index.php?rest_route=%2Fwp%2Fv2%2Fcategories&post=1398"},{"taxonomy":"post_tag","embeddable":true,"href":"https:\/\/uwg-hausen.de\/index.php?rest_route=%2Fwp%2Fv2%2Ftags&post=1398"}],"curies":[{"name":"wp","href":"https:\/\/api.w.org\/{rel}","templated":true}]}}