{"id":1250,"date":"2020-02-13T22:37:58","date_gmt":"2020-02-13T22:37:58","guid":{"rendered":"http:\/\/uwg-hausen.de\/?p=1250"},"modified":"2020-02-13T22:38:00","modified_gmt":"2020-02-13T22:38:00","slug":"wohnen-im-alter-in-der-gemeinde-hausen","status":"publish","type":"post","link":"https:\/\/uwg-hausen.de\/?p=1250","title":{"rendered":"Wohnen im Alter in der Gemeinde Hausen"},"content":{"rendered":"\n<p>Wohnen im Alter\u201c war das Thema eines Vortrags im \u201eSchwarzen Amboss\u201c in Hausen. Schwache Beine, zitternde H\u00e4nde, wie kommen \u00e4ltere Menschen in ihrer eigenen Wohnung am besten zurecht. B\u00fcrgermeisterkandidat Thomas Schmitt von der UWG Hausen hatte dazu als Referent Mathias Abbe von der Genossenschaft \u201eWir f\u00fcr uns\u201c aus Heroldsbach eingeladen um \u00fcber die verschiedensten M\u00f6glichkeiten des Wohnens im Alter sowie \u00fcber Umbauma\u00dfnahmen der eigenen vier W\u00e4nde zu informieren. <\/p>\n\n\n\n<figure class=\"wp-block-image size-large\"><img fetchpriority=\"high\" decoding=\"async\" width=\"800\" height=\"533\" src=\"http:\/\/uwg-hausen.de\/wp-content\/uploads\/2019\/12\/AltWerdenInHausen_2020.jpg\" alt=\"\" class=\"wp-image-1251\" srcset=\"https:\/\/uwg-hausen.de\/wp-content\/uploads\/2019\/12\/AltWerdenInHausen_2020.jpg 800w, https:\/\/uwg-hausen.de\/wp-content\/uploads\/2019\/12\/AltWerdenInHausen_2020-300x200.jpg 300w, https:\/\/uwg-hausen.de\/wp-content\/uploads\/2019\/12\/AltWerdenInHausen_2020-768x512.jpg 768w\" sizes=\"(max-width: 800px) 100vw, 800px\" \/><figcaption>Wohnen im Alter in der Gemeinde Hausen &#8211; 2020<\/figcaption><\/figure>\n\n\n\n<p style=\"font-size:15px\">Dass die Resonanz auf diesen Vortrag so zahlreich war, \u00fcberraschte die Veranstalter. \u201eMenschen wollen so lange wie m\u00f6glich zu Hause bleiben\u201c sagt Thomas Schmitt in seiner Begr\u00fc\u00dfung und deshalb m\u00fcssen wir die Lebensr\u00e4ume vor Ort ausbauen und ein wesentlicher Aspekt dabei sind barrierefreie Wohnungen\u201c. <\/p>\n\n\n\n<p style=\"font-size:15px\">Ab 2031 werden lt. bayrischem Landesamt f\u00fcr Statistik mehr als 30 % der Menschen im Gemeindegebiet \u00fcber 65 Jahre alt sein. Die gr\u00f6\u00dfte Herausforderung dabei sei das Anpassen der Wohnungen. <\/p>\n\n\n\n<figure class=\"wp-block-image size-large\"><img decoding=\"async\" width=\"800\" height=\"450\" src=\"http:\/\/uwg-hausen.de\/wp-content\/uploads\/2019\/12\/ISEK_Alterswachstum_WP.jpg\" alt=\"\" class=\"wp-image-1253\" srcset=\"https:\/\/uwg-hausen.de\/wp-content\/uploads\/2019\/12\/ISEK_Alterswachstum_WP.jpg 800w, https:\/\/uwg-hausen.de\/wp-content\/uploads\/2019\/12\/ISEK_Alterswachstum_WP-300x169.jpg 300w, https:\/\/uwg-hausen.de\/wp-content\/uploads\/2019\/12\/ISEK_Alterswachstum_WP-768x432.jpg 768w, https:\/\/uwg-hausen.de\/wp-content\/uploads\/2019\/12\/ISEK_Alterswachstum_WP-100x55.jpg 100w, https:\/\/uwg-hausen.de\/wp-content\/uploads\/2019\/12\/ISEK_Alterswachstum_WP-730x410.jpg 730w\" sizes=\"(max-width: 800px) 100vw, 800px\" \/><figcaption>Prognose f\u00fcr Alterswachstum (Quelle: ISEK)<\/figcaption><\/figure>\n\n\n\n<p style=\"font-size:15px\">Ein solcher Umbau ist eine gro\u00dfe Investition f\u00fcr so manches knappe Rentnerbudget meint Abbe, doch es erleichtert den Alltag. Ziel eines altersgerechten Umbaus ist an erster Stelle die Barrierefreiheit, also m\u00f6glichst keine Stufen, sondern ein Treppenlift und Rampen am Eingang. Machen kann man hier viel so Abbe, aber auch vieles falsch machen. Um die Lebensqualit\u00e4t im Alter zu sichern, muss man sein Wohnumfeld betrachten und nach M\u00f6glichkeiten suchen, was kann man verbessern und ver\u00e4ndern. <\/p>\n\n\n\n<figure class=\"wp-block-image size-large\"><img decoding=\"async\" width=\"1022\" height=\"600\" src=\"http:\/\/uwg-hausen.de\/wp-content\/uploads\/2019\/12\/UWG-AltwerdenInDergemeinde_2020_Abbe_2.jpg\" alt=\"\" class=\"wp-image-1256\" srcset=\"https:\/\/uwg-hausen.de\/wp-content\/uploads\/2019\/12\/UWG-AltwerdenInDergemeinde_2020_Abbe_2.jpg 1022w, https:\/\/uwg-hausen.de\/wp-content\/uploads\/2019\/12\/UWG-AltwerdenInDergemeinde_2020_Abbe_2-300x176.jpg 300w, https:\/\/uwg-hausen.de\/wp-content\/uploads\/2019\/12\/UWG-AltwerdenInDergemeinde_2020_Abbe_2-768x451.jpg 768w\" sizes=\"(max-width: 1022px) 100vw, 1022px\" \/><\/figure>\n\n\n\n<p>Zwischen den R\u00e4umen sollte es keine Schwellen geben, damit man im Bedarfsfall auch mit Gehhilfe und Rollstuhl zurechtkommt. \u201eSchon ein Absatz von f\u00fcnf bis sieben Millimeter schafft ein Rollstuhlfahrer nicht ohne Hilfe, geschweige denn ganze Zentimeter\u201c, sagt Abbe. Aber auch dicke Teppiche seien Hindernisse f\u00fcr R\u00e4der. <\/p>\n\n\n\n<p>Eine Alternative sei auch die Erleichterung des \u00dcbergangs durch flache tiefe Stufen vor oder hinter der Schwelle. Duschen sollten niveaugleich zum Boden gestaltet werden. Aber es m\u00fcssen nicht immer gro\u00dfe Umbauten sein, auch kaum merkliche Ver\u00e4nderungen erleichtern den Alltag. \u201eBei der altersgerechten Wohnraumanpassung geht es vor allem um den Gewinn von Lebensqualit\u00e4t\u201c betont Mathias Abbe.<\/p>\n\n\n\n<figure class=\"wp-block-image size-large\"><img loading=\"lazy\" decoding=\"async\" width=\"868\" height=\"600\" src=\"http:\/\/uwg-hausen.de\/wp-content\/uploads\/2019\/12\/UWG-AltwerdenInDergemeinde_2020_Abbe_3.jpg\" alt=\"\" class=\"wp-image-1255\" srcset=\"https:\/\/uwg-hausen.de\/wp-content\/uploads\/2019\/12\/UWG-AltwerdenInDergemeinde_2020_Abbe_3.jpg 868w, https:\/\/uwg-hausen.de\/wp-content\/uploads\/2019\/12\/UWG-AltwerdenInDergemeinde_2020_Abbe_3-300x207.jpg 300w, https:\/\/uwg-hausen.de\/wp-content\/uploads\/2019\/12\/UWG-AltwerdenInDergemeinde_2020_Abbe_3-768x531.jpg 768w\" sizes=\"(max-width: 868px) 100vw, 868px\" \/><\/figure>\n\n\n\n<blockquote class=\"wp-block-quote has-text-align-center is-style-default is-layout-flow wp-block-quote-is-layout-flow\"><p>\u201eDas Ziel muss es sein, lange, selbstbestimmt, sicher und komfortabel im eigenen Zuhause zu verbleiben\u201c. <\/p><cite>Mathias Abbe, <strong><a href=\"http:\/\/www.wir-f\u00fcr-uns-eg.de\/\" target=\"_blank\" rel=\"noreferrer noopener\" aria-label=\"Wir f\u00fcr uns eG (\u00f6ffnet in neuem Tab)\">Wir f\u00fcr uns eG<\/a><\/strong><\/cite><\/blockquote>\n\n\n\n<p>Wenn die Schritte schwerer fallen, hilft schon das Beheben von kleinen Stolperfallen wie in den Laufweg ragende M\u00f6bel. Abbe r\u00e4t, man sollte \u00fcberlegen, welche M\u00f6bel man wirklich braucht oder in welcher Kommode nur lange nicht benutzte Dinge gelagert werden. \u201eSo ein St\u00fcck wird aussortiert, um mehr Platz zu haben\u201c. <\/p>\n\n\n\n<p>Weitere Grundlagen f\u00fcr Lebensqualit\u00e4t im Alter sind aber auch Versorgung und Teilhabe. Hier bieten sich vor allem gemeinschaftsorientierte Wohnformen an, wo ambulante Pflege angeboten wird. Ebenfalls gibt es Wohnpartnerschaften zwischen Jung und Alt mit sozialem Service. Weitere M\u00f6glichkeiten sind betreute Wohnanlagen. In der Regel bestehen diese aus barrierefreien Miet- oder Eigentumswohnungen mit der Option einer sozialen Betreuung die mit einem vertrag geschlossen werden kann. <\/p>\n\n\n\n<p style=\"font-size:15px\">Ebenfalls gibt es ambulante betreute Wohngemeinschaften mit drei bis zw\u00f6lf Personen. Gerade die kleinen Gemeinden m\u00fcssen sich mit Blick auf den demographischen Wandel stellen. Gemeinde m\u00fcssen Quartierskonzepte so gestalten, dass \u00e4ltere Menschen im vertrauten Umfeld bleiben k\u00f6nnen. Drei Bausteine werden dazu ben\u00f6tigt, altersgerechtes Wohnen und Grundversorgung, Ortsnahe Unterst\u00fctzung und Pflege sowie Bereitstellung von Beratung und soziale Netzwerke, die Handlungsfelder kommunaler Seniorenpolitik. <\/p>\n\n\n\n<figure class=\"wp-block-image size-large\"><img loading=\"lazy\" decoding=\"async\" width=\"800\" height=\"419\" src=\"http:\/\/uwg-hausen.de\/wp-content\/uploads\/2019\/12\/UWG-AltwerdenInDergemeinde_2020_Abbe_1.jpg\" alt=\"\" class=\"wp-image-1257\" srcset=\"https:\/\/uwg-hausen.de\/wp-content\/uploads\/2019\/12\/UWG-AltwerdenInDergemeinde_2020_Abbe_1.jpg 800w, https:\/\/uwg-hausen.de\/wp-content\/uploads\/2019\/12\/UWG-AltwerdenInDergemeinde_2020_Abbe_1-300x157.jpg 300w, https:\/\/uwg-hausen.de\/wp-content\/uploads\/2019\/12\/UWG-AltwerdenInDergemeinde_2020_Abbe_1-768x402.jpg 768w\" sizes=\"(max-width: 800px) 100vw, 800px\" \/><\/figure>\n\n\n\n<p style=\"font-size:15px\">Es gibt so viele Dinge, die den pers\u00f6nlichen Lebensweg zeichnen betont Abbe, denn zum Lebensgl\u00fcck eines jeden Menschen geh\u00f6rt ein echtes Zuhause. Der Ort, der uns Geborgenheit und Sicherheit bietet, in dessen vier W\u00e4nden wir so sein k\u00f6nnen, wie wir uns am Wohlsten f\u00fchlen. F\u00fcr die Gemeinden wird es eine gro\u00dfe Herausforderung und Aufgabe sein, eine seniorengerechte Infrastruktur zu schaffen. Wichtig w\u00e4ren vor allem barrierefreie Wege, \u00f6ffentliche Toiletten, Mittagsangebote, Sitzgelegenheiten wie Parkb\u00e4nke. Ebenfalls mangelt es an Pflegeberatungsstellen, Tagespflegeeinrichtungen und Nachtpflege, denn f\u00fcr \u00e4ltere Menschen und ihre Angeh\u00f6rigen ist es \u00e4u\u00dferst schwierig, sich durch den Informations-Dschungel zu k\u00e4mpfen, was es an Unterst\u00fctzungsm\u00f6glichkeiten f\u00fcr die Alltagsbew\u00e4ltigung gibt konkretisierte Mathias Abbe seine Vorstellung, denn Hausnotruf, Treppensteighilfen, fernbedienbare Ger\u00e4te, altersgerechter Umbau der Wohnung, all das sind Themen, die in den Vordergrund treten, wenn man \u00e4lter wird.<\/p>\n","protected":false},"excerpt":{"rendered":"<p>Wohnen im Alter\u201c war das Thema eines Vortrags im \u201eSchwarzen Amboss\u201c in Hausen. Schwache Beine, zitternde H\u00e4nde, wie kommen \u00e4ltere Menschen in ihrer eigenen Wohnung am besten zurecht. B\u00fcrgermeisterkandidat Thomas <a class=\"more-link\" href=\"https:\/\/uwg-hausen.de\/?p=1250\">Weiterlesen <i class=\"fa fa-chevron-right\"><\/i><\/a><\/p>\n","protected":false},"author":2,"featured_media":0,"comment_status":"closed","ping_status":"open","sticky":false,"template":"","format":"standard","meta":{"_eb_attr":"","footnotes":""},"categories":[6,7,10,8,128,46],"tags":[],"class_list":["post-1250","post","type-post","status-publish","format-standard","hentry","category-alltag","category-buerger","category-entwicklung","category-familie","category-senioren","category-uwg"],"_links":{"self":[{"href":"https:\/\/uwg-hausen.de\/index.php?rest_route=\/wp\/v2\/posts\/1250","targetHints":{"allow":["GET"]}}],"collection":[{"href":"https:\/\/uwg-hausen.de\/index.php?rest_route=\/wp\/v2\/posts"}],"about":[{"href":"https:\/\/uwg-hausen.de\/index.php?rest_route=\/wp\/v2\/types\/post"}],"author":[{"embeddable":true,"href":"https:\/\/uwg-hausen.de\/index.php?rest_route=\/wp\/v2\/users\/2"}],"replies":[{"embeddable":true,"href":"https:\/\/uwg-hausen.de\/index.php?rest_route=%2Fwp%2Fv2%2Fcomments&post=1250"}],"version-history":[{"count":4,"href":"https:\/\/uwg-hausen.de\/index.php?rest_route=\/wp\/v2\/posts\/1250\/revisions"}],"predecessor-version":[{"id":1259,"href":"https:\/\/uwg-hausen.de\/index.php?rest_route=\/wp\/v2\/posts\/1250\/revisions\/1259"}],"wp:attachment":[{"href":"https:\/\/uwg-hausen.de\/index.php?rest_route=%2Fwp%2Fv2%2Fmedia&parent=1250"}],"wp:term":[{"taxonomy":"category","embeddable":true,"href":"https:\/\/uwg-hausen.de\/index.php?rest_route=%2Fwp%2Fv2%2Fcategories&post=1250"},{"taxonomy":"post_tag","embeddable":true,"href":"https:\/\/uwg-hausen.de\/index.php?rest_route=%2Fwp%2Fv2%2Ftags&post=1250"}],"curies":[{"name":"wp","href":"https:\/\/api.w.org\/{rel}","templated":true}]}}