{"id":562,"global_id":"uwg-hausen.de?id=562","global_id_lineage":["uwg-hausen.de?id=562"],"author":"2","status":"publish","date":"2019-11-04 22:52:09","date_utc":"2019-11-04 22:52:09","modified":"2019-11-04 22:52:09","modified_utc":"2019-11-04 22:52:09","url":"https:\/\/uwg-hausen.de\/?tribe_events=die-familienfreundliche-gemeinde","rest_url":"https:\/\/uwg-hausen.de\/index.php?rest_route=\/tribe\/events\/v1\/events\/562","title":"Die familienfreundliche Gemeinde.","description":"<h4>Die UWG &#8211; Hausen und das Bildungswerk f\u00fcr Kommunalpolitik in Bayern (BKB-Bayern e.V.)<\/h4>\n<p>l\u00e4dt alle B\u00fcrger aus Hausen und Wimmelbach ein, am 08.11.2019 um 18:00 Uhr im Gasthaus Schwarzer Ambo\u00df an einem interessanten Seminarvortrag \u00fcber die M\u00f6glichkeiten einer Kommune, das Dorf familienfreundlich zu gestalten, teilzunehmen. Die Teilnahme ist selbstverst\u00e4ndlich kostenlos.<\/p>\n<h5>Der Referent des Abends ist:\u00a0Dipl. Soz. P\u00e4d. J\u00fcrgen Ziegler, Kulmbach<\/h5>\n<p>Wir freuen uns auf Ihr Kommen.<\/p>","excerpt":"","slug":"die-familienfreundliche-gemeinde","image":{"url":"https:\/\/uwg-hausen.de\/wp-content\/uploads\/2019\/11\/WP_FamilienfreundlicheGemeinde.jpg","id":567,"extension":"jpg","width":800,"height":800,"sizes":{"thumbnail":{"width":150,"height":150,"mime-type":"image\/jpeg","url":"https:\/\/uwg-hausen.de\/wp-content\/uploads\/2019\/11\/WP_FamilienfreundlicheGemeinde-150x150.jpg"},"medium":{"width":300,"height":300,"mime-type":"image\/jpeg","url":"https:\/\/uwg-hausen.de\/wp-content\/uploads\/2019\/11\/WP_FamilienfreundlicheGemeinde-300x300.jpg"},"medium_large":{"width":768,"height":768,"mime-type":"image\/jpeg","url":"https:\/\/uwg-hausen.de\/wp-content\/uploads\/2019\/11\/WP_FamilienfreundlicheGemeinde-768x768.jpg"},"amoteam-general":{"width":640,"height":640,"mime-type":"image\/jpeg","url":"https:\/\/uwg-hausen.de\/wp-content\/uploads\/2019\/11\/WP_FamilienfreundlicheGemeinde-640x640.jpg"},"featured_preview":{"width":100,"height":55,"mime-type":"image\/jpeg","url":"https:\/\/uwg-hausen.de\/wp-content\/uploads\/2019\/11\/WP_FamilienfreundlicheGemeinde-100x55.jpg"},"unite-featured":{"width":730,"height":410,"mime-type":"image\/jpeg","url":"https:\/\/uwg-hausen.de\/wp-content\/uploads\/2019\/11\/WP_FamilienfreundlicheGemeinde-730x410.jpg"},"tab-small":{"width":60,"height":60,"mime-type":"image\/jpeg","url":"https:\/\/uwg-hausen.de\/wp-content\/uploads\/2019\/11\/WP_FamilienfreundlicheGemeinde-60x60.jpg"}}},"all_day":false,"start_date":"2019-11-08 18:00:00","start_date_details":{"year":"2019","month":"11","day":"08","hour":"18","minutes":"00","seconds":"00"},"end_date":"2019-11-08 22:00:00","end_date_details":{"year":"2019","month":"11","day":"08","hour":"22","minutes":"00","seconds":"00"},"utc_start_date":"2019-11-08 18:00:00","utc_start_date_details":{"year":"2019","month":"11","day":"08","hour":"18","minutes":"00","seconds":"00"},"utc_end_date":"2019-11-08 22:00:00","utc_end_date_details":{"year":"2019","month":"11","day":"08","hour":"22","minutes":"00","seconds":"00"},"timezone":"UTC+0","timezone_abbr":"UTC+0","cost":"","cost_details":{"currency_symbol":"","currency_code":"","currency_position":"prefix","values":[]},"website":"https:\/\/www.facebook.com\/events\/440984093272941\/?active_tab=about","show_map":true,"show_map_link":true,"hide_from_listings":false,"sticky":true,"featured":false,"categories":[{"name":"Familie","slug":"familie","term_group":0,"term_taxonomy_id":92,"taxonomy":"tribe_events_cat","description":"","parent":0,"count":10,"filter":"raw","id":92,"urls":{"self":"https:\/\/uwg-hausen.de\/index.php?rest_route=\/tribe\/events\/v1\/categories\/92","collection":"https:\/\/uwg-hausen.de\/index.php?rest_route=\/tribe\/events\/v1\/categories"}}],"tags":[{"name":"Amboss","slug":"amboss","term_group":0,"term_taxonomy_id":96,"taxonomy":"post_tag","description":"","parent":0,"count":5,"filter":"raw","id":96,"urls":{"self":"https:\/\/uwg-hausen.de\/index.php?rest_route=\/tribe\/events\/v1\/tags\/96","collection":"https:\/\/uwg-hausen.de\/index.php?rest_route=\/tribe\/events\/v1\/tags"}},{"name":"Entwicklung","slug":"entwicklung","term_group":0,"term_taxonomy_id":99,"taxonomy":"post_tag","description":"","parent":0,"count":1,"filter":"raw","id":99,"urls":{"self":"https:\/\/uwg-hausen.de\/index.php?rest_route=\/tribe\/events\/v1\/tags\/99","collection":"https:\/\/uwg-hausen.de\/index.php?rest_route=\/tribe\/events\/v1\/tags"}},{"name":"Familie","slug":"familie","term_group":0,"term_taxonomy_id":93,"taxonomy":"post_tag","description":"","parent":0,"count":1,"filter":"raw","id":93,"urls":{"self":"https:\/\/uwg-hausen.de\/index.php?rest_route=\/tribe\/events\/v1\/tags\/93","collection":"https:\/\/uwg-hausen.de\/index.php?rest_route=\/tribe\/events\/v1\/tags"}},{"name":"Gemeinde Hausen","slug":"gemeinde-hausen","term_group":0,"term_taxonomy_id":94,"taxonomy":"post_tag","description":"","parent":0,"count":2,"filter":"raw","id":94,"urls":{"self":"https:\/\/uwg-hausen.de\/index.php?rest_route=\/tribe\/events\/v1\/tags\/94","collection":"https:\/\/uwg-hausen.de\/index.php?rest_route=\/tribe\/events\/v1\/tags"}},{"name":"gemeinsam","slug":"gemeinsam","term_group":0,"term_taxonomy_id":98,"taxonomy":"post_tag","description":"","parent":0,"count":1,"filter":"raw","id":98,"urls":{"self":"https:\/\/uwg-hausen.de\/index.php?rest_route=\/tribe\/events\/v1\/tags\/98","collection":"https:\/\/uwg-hausen.de\/index.php?rest_route=\/tribe\/events\/v1\/tags"}},{"name":"Seminar","slug":"seminar","term_group":0,"term_taxonomy_id":95,"taxonomy":"post_tag","description":"","parent":0,"count":1,"filter":"raw","id":95,"urls":{"self":"https:\/\/uwg-hausen.de\/index.php?rest_route=\/tribe\/events\/v1\/tags\/95","collection":"https:\/\/uwg-hausen.de\/index.php?rest_route=\/tribe\/events\/v1\/tags"}},{"name":"Veranstaltung","slug":"veranstaltung","term_group":0,"term_taxonomy_id":91,"taxonomy":"post_tag","description":"","parent":0,"count":3,"filter":"raw","id":91,"urls":{"self":"https:\/\/uwg-hausen.de\/index.php?rest_route=\/tribe\/events\/v1\/tags\/91","collection":"https:\/\/uwg-hausen.de\/index.php?rest_route=\/tribe\/events\/v1\/tags"}},{"name":"Zusammen","slug":"zusammen","term_group":0,"term_taxonomy_id":97,"taxonomy":"post_tag","description":"","parent":0,"count":1,"filter":"raw","id":97,"urls":{"self":"https:\/\/uwg-hausen.de\/index.php?rest_route=\/tribe\/events\/v1\/tags\/97","collection":"https:\/\/uwg-hausen.de\/index.php?rest_route=\/tribe\/events\/v1\/tags"}}],"venue":{"id":169,"author":"2","status":"publish","date":"2018-08-29 05:45:32","date_utc":"2018-08-29 05:45:32","modified":"2018-08-29 05:45:32","modified_utc":"2018-08-29 05:45:32","url":"https:\/\/uwg-hausen.de\/?tribe_venue=schwarzer-amboss","venue":"Schwarzer Ambo\u00df","slug":"schwarzer-amboss","address":"Heroldsbacher Str. 2","city":"Hausen","country":"Deutschland","zip":"91353","phone":"09191\/4470","website":"http:\/\/www.schwarzer-amboss.de\/","json_ld":{"@type":"Place","name":"Schwarzer Ambo\u00df","description":"","url":"","address":{"@type":"PostalAddress","streetAddress":"Heroldsbacher Str. 2","addressLocality":"Hausen","postalCode":"91353","addressCountry":"Deutschland"},"telephone":"09191\/4470","sameAs":"http:\/\/www.schwarzer-amboss.de\/"},"show_map":true,"show_map_link":true,"global_id":"uwg-hausen.de?id=169","global_id_lineage":["uwg-hausen.de?id=169"]},"organizer":[],"custom_fields":[],"json_ld":{"@context":"http:\/\/schema.org","@type":"Event","name":"Die familienfreundliche Gemeinde.","description":"&lt;p&gt;Die UWG - Hausen und das Bildungswerk f\u00fcr Kommunalpolitik in Bayern (BKB-Bayern e.V.) l\u00e4dt alle B\u00fcrger aus Hausen und Wimmelbach ein, am 08.11.2019 um 18:00 Uhr im Gasthaus Schwarzer Ambo\u00df &lt;a class=&quot;more-link&quot; href=&quot;https:\/\/uwg-hausen.de\/?tribe_events=die-familienfreundliche-gemeinde&quot;&gt;Weiterlesen &lt;i class=&quot;fa fa-chevron-right&quot;&gt;&lt;\/i&gt;&lt;\/a&gt;&lt;\/p&gt;\\n","image":"https:\/\/uwg-hausen.de\/wp-content\/uploads\/2019\/11\/WP_FamilienfreundlicheGemeinde.jpg","url":"https:\/\/uwg-hausen.de\/?tribe_events=die-familienfreundliche-gemeinde","eventAttendanceMode":"https:\/\/schema.org\/OfflineEventAttendanceMode","eventStatus":"https:\/\/schema.org\/EventScheduled","startDate":"2019-11-08T18:00:00+00:00","endDate":"2019-11-08T22:00:00+00:00","location":{"@type":"Place","name":"Schwarzer Ambo\u00df","description":"","url":"","address":{"@type":"PostalAddress","streetAddress":"Heroldsbacher Str. 2","addressLocality":"Hausen","postalCode":"91353","addressCountry":"Deutschland"},"telephone":"09191\/4470","sameAs":"http:\/\/www.schwarzer-amboss.de\/"},"performer":"Organization"}}