{"id":2163,"global_id":"uwg-hausen.de?id=2163","global_id_lineage":["uwg-hausen.de?id=2163"],"author":"7","status":"publish","date":"2022-11-13 10:27:52","date_utc":"2022-11-13 09:27:52","modified":"2022-11-21 15:59:43","modified_utc":"2022-11-21 14:59:43","url":"https:\/\/uwg-hausen.de\/?tribe_events=freie-waehler-fraktion-vor-ort-wassermangel-in-oberfranken","rest_url":"https:\/\/uwg-hausen.de\/index.php?rest_route=\/tribe\/events\/v1\/events\/2163","title":"Freie W\u00e4hler &#8211; Fraktion vor Ort \/\/ Klimawandel \u2013 Geht Oberfranken das Wasser aus?","description":"<hr \/>\n<p style=\"text-align: center;\"><b>Fraktion vor Ort zum Thema<br \/>\n&#8220;Wassermangel in Oberfranken &#8221;<br \/>\nam Montag, 28.11.2022 , 19:00 Uhr im Pilatushof<\/b><\/p>\n<hr \/>\n<p>Sehr geehrte Damen und Herren, liebe Freie W\u00e4hler,<\/p>\n<p>&nbsp;<\/p>\n<p>Heute m\u00f6chte wir \u00fcber folgende Veranstaltung \u201e<b>Fraktion vor Ort<\/b>\u201c am 28.11.2022 in Hausen (Oberfranken) nicht nur informieren, sondern auch zugleich einladen.<\/p>\n<div dir=\"ltr\">\n<div dir=\"ltr\" style=\"text-align: center;\"><\/div>\n<\/div>\n<p><b>Thema: <\/b>Klimawandel \u2013 Geht Oberfranken das Wasser aus?<\/p>\n<p><strong>Referent: <\/strong>Prof. Dr. Olaf Mietz, Leiter Institut f\u00fcr angewandte Gew\u00e4sser\u00f6kologie<\/p>\n<p>&nbsp;<\/p>\n<p><strong>Teilnehmer Landtagsfraktion<\/strong><\/p>\n<ul>\n<li>Rainer Ludwig, MdL<\/li>\n<li>Thorsten Glauber, Umweltminister<\/li>\n<\/ul>\n<p>&nbsp;<\/p>\n<p><strong>Ablauf\/Programm<\/strong><\/p>\n<p>19:00 Uhr\u00a0 \u00a0 \u00a0 \u00a0 \u00a0Begr\u00fc\u00dfung und Einf\u00fchrung in das Thema (Rainer Ludwig)<\/p>\n<p>19:15 Uhr\u00a0\u00a0\u00a0\u00a0\u00a0\u00a0\u00a0\u00a0\u00a0 Impulsreferat zur Wasserknappheit (Prof. Dr. Olaf Mietz, Leiter Institut f\u00fcr angewandte Gew\u00e4sser\u00f6kologie)<\/p>\n<p>20:00 Uhr\u00a0\u00a0\u00a0\u00a0\u00a0\u00a0\u00a0\u00a0\u00a0 Stellungnahme des Umweltministeriums (Thorsten Glauber)<\/p>\n<p>20:30 Uhr\u00a0\u00a0\u00a0\u00a0\u00a0\u00a0\u00a0\u00a0\u00a0 Diskussion<\/p>\n<p>Ca. 21:30 Uhr\u00a0\u00a0\u00a0 Ende<\/p>\n<p>&nbsp;<\/p>\n<p>Beste Gr\u00fc\u00dfe<\/p>\n<p><img decoding=\"async\" class=\"alignnone size-full wp-image-2164\" src=\"http:\/\/uwg-hausen.de\/wp-content\/uploads\/2022\/11\/FreieWaehler_Landtagsfraktion_2022.png\" alt=\"Freie W\u00e4hler - Landtagsfraktion\" width=\"300\" height=\"103\" \/><\/p>\n<p>&nbsp;<\/p>","excerpt":"","slug":"freie-waehler-fraktion-vor-ort-wassermangel-in-oberfranken","image":false,"all_day":false,"start_date":"2022-11-28 19:00:00","start_date_details":{"year":"2022","month":"11","day":"28","hour":"19","minutes":"00","seconds":"00"},"end_date":"2022-11-28 21:30:00","end_date_details":{"year":"2022","month":"11","day":"28","hour":"21","minutes":"30","seconds":"00"},"utc_start_date":"2022-11-28 18:00:00","utc_start_date_details":{"year":"2022","month":"11","day":"28","hour":"18","minutes":"00","seconds":"00"},"utc_end_date":"2022-11-28 20:30:00","utc_end_date_details":{"year":"2022","month":"11","day":"28","hour":"20","minutes":"30","seconds":"00"},"timezone":"Europe\/Berlin","timezone_abbr":"CET","cost":"","cost_details":{"currency_symbol":"","currency_code":"","currency_position":"prefix","values":[]},"website":"","show_map":false,"show_map_link":true,"hide_from_listings":false,"sticky":false,"featured":false,"categories":[{"name":"Freie W\u00e4hler \/\/ Landtagsfraktion","slug":"freie-waehler-landtagsfraktion","term_group":0,"term_taxonomy_id":213,"taxonomy":"tribe_events_cat","description":"","parent":0,"count":1,"filter":"raw","id":213,"urls":{"self":"https:\/\/uwg-hausen.de\/index.php?rest_route=\/tribe\/events\/v1\/categories\/213","collection":"https:\/\/uwg-hausen.de\/index.php?rest_route=\/tribe\/events\/v1\/categories"}}],"tags":[],"venue":{"id":464,"author":"7","status":"publish","date":"2019-10-21 21:27:55","date_utc":"2019-10-21 21:27:55","modified":"2019-10-21 21:43:18","modified_utc":"2019-10-21 21:43:18","url":"https:\/\/uwg-hausen.de\/?tribe_venue=pilatushof-hausen","venue":"Pilatushof, Hausen","slug":"pilatushof-hausen","address":"Pilatusring 32","city":"Hausen","country":"Deutschland","province":"Bayern","zip":"91353","phone":"09191 9792830","website":"https:\/\/derpilatushof.de","stateprovince":"Bayern","json_ld":{"@type":"Place","name":"Pilatushof, Hausen","description":"","url":"","address":{"@type":"PostalAddress","streetAddress":"Pilatusring 32","addressLocality":"Hausen","addressRegion":"Bayern","postalCode":"91353","addressCountry":"Deutschland"},"telephone":"09191 9792830","sameAs":"https:\/\/derpilatushof.de"},"show_map":true,"show_map_link":true,"global_id":"uwg-hausen.de?id=464","global_id_lineage":["uwg-hausen.de?id=464"]},"organizer":[{"id":2166,"author":"7","status":"publish","date":"2022-11-13 10:27:52","date_utc":"2022-11-13 09:27:52","modified":"2022-11-13 10:59:01","modified_utc":"2022-11-13 09:59:01","url":"https:\/\/uwg-hausen.de\/?tribe_organizer=rainer-ludwig-mdl-freie-waehler","organizer":"Rainer Ludwig \/\/ MdL , Freie W\u00e4hler","description":"<p>Seit Oktober 2018 ist Rainer Ludwig Mitglied des Bayerischen Landtags \u2013 f\u00fcr den Stimmkreis Kulmbach\/Bayreuth\/Wunsiedel in seiner lebens-und liebenswerten Heimat Oberfranken. Sein Ziel ist es, Sprachrohr zu sein \u2013 die Interessen, Bed\u00fcrfnisse und W\u00fcnsche unserer B\u00fcrgerinnen und B\u00fcrger, unserer Kommunen, St\u00e4dte und Gemeinden sowie unserer Wirtschaft auf die Ebene der Landespolitik zu transportieren, um dort unsere Intensionen zielorientiert und nachhaltig zu vertreten.<\/p>\n<p>&nbsp;<\/p>\n<h4>B\u00fcrgerb\u00fcro<\/h4>\n<p>Obere Stadt 5<br \/>\n95326 Kulmbach<\/p>\n<p>Telefon: 09221-9485011<br \/>\nTelefax: 09221-3911042<br \/>\nE-Mail:\u00a0<a href=\"mailto:rainer.ludwig@fw-landtag.de\">rainer.ludwig@fw-landtag.de<\/a><\/p>\n<blockquote class=\"wp-embedded-content\" data-secret=\"abgjsFLnLR\"><p><a href=\"https:\/\/rainer-ludwig-fw.de\/\">Abgeordnetenseite<\/a><\/p><\/blockquote>\n<p><iframe class=\"wp-embedded-content\" sandbox=\"allow-scripts\" security=\"restricted\" style=\"position: absolute; clip: rect(1px, 1px, 1px, 1px);\" title=\"&#8222;Abgeordnetenseite&#8220; &#8212; MdL Rainer Ludwig\" src=\"https:\/\/rainer-ludwig-fw.de\/embed\/#?secret=abgjsFLnLR\" data-secret=\"abgjsFLnLR\" width=\"600\" height=\"338\" frameborder=\"0\" marginwidth=\"0\" marginheight=\"0\" scrolling=\"no\"><\/iframe><br \/>\nhttps:\/\/fw-landtag.de\/mdls\/rainer-ludwig<\/p>","slug":"rainer-ludwig-mdl-freie-waehler","phone":"09221-9485011","website":"https:\/\/rainer-ludwig-fw.de\/","email":"rainer.ludwig@fw-landtag.de","json_ld":{"@type":"Person","name":"Rainer Ludwig \/\/ MdL , Freie W\u00e4hler","description":"&lt;p&gt;Seit Oktober 2018 ist Rainer Ludwig Mitglied des Bayerischen Landtags \u2013 f\u00fcr den Stimmkreis Kulmbach\/Bayreuth\/Wunsiedel in seiner lebens-und liebenswerten Heimat Oberfranken. Sein Ziel ist es, Sprachrohr zu sein \u2013 die &lt;a class=&quot;more-link&quot; href=&quot;https:\/\/uwg-hausen.de\/?tribe_organizer=rainer-ludwig-mdl-freie-waehler&quot;&gt;Weiterlesen &lt;i class=&quot;fa fa-chevron-right&quot;&gt;&lt;\/i&gt;&lt;\/a&gt;&lt;\/p&gt;\\n","url":"https:\/\/rainer-ludwig-fw.de\/","telephone":"09221-9485011","email":"&#114;&#97;&#105;n&#101;&#114;&#46;&#108;ud&#119;i&#103;&#64;f&#119;-&#108;&#97;n&#100;&#116;a&#103;.&#100;e","sameAs":"https:\/\/rainer-ludwig-fw.de\/"},"global_id":"uwg-hausen.de?id=2166","global_id_lineage":["uwg-hausen.de?id=2166"]},{"id":2167,"author":"7","status":"publish","date":"2022-11-13 10:27:52","date_utc":"2022-11-13 09:27:52","modified":"2022-11-13 10:27:52","modified_utc":"2022-11-13 09:27:52","url":"https:\/\/uwg-hausen.de\/?tribe_organizer=freie-waehler-landtagsfraktion","organizer":"Freie W\u00e4hler \/\/ Landtagsfraktion","slug":"freie-waehler-landtagsfraktion","phone":"089 \/ 9542 876 00","website":"https:\/\/www.fw-bayern.de\/","email":"info@fw-bayern.de","json_ld":{"@type":"Person","name":"Freie W\u00e4hler \/\/ Landtagsfraktion","description":"","url":"https:\/\/www.fw-bayern.de\/","telephone":"089 \/ 9542 876 00","email":"i&#110;&#102;&#111;&#64;f&#119;&#45;&#98;&#97;&#121;e&#114;&#110;.d&#101;","sameAs":"https:\/\/www.fw-bayern.de\/"},"global_id":"uwg-hausen.de?id=2167","global_id_lineage":["uwg-hausen.de?id=2167"]}],"custom_fields":[],"json_ld":{"@context":"http:\/\/schema.org","@type":"Event","name":"Freie W\u00e4hler &#8211; Fraktion vor Ort \/\/ Klimawandel \u2013 Geht Oberfranken das Wasser aus?","description":"&lt;p&gt;Fraktion vor Ort zum Thema &quot;Wassermangel in Oberfranken &quot; am Montag, 28.11.2022 , 19:00 Uhr im Pilatushof Sehr geehrte Damen und Herren, liebe Freie W\u00e4hler, &nbsp; Heute m\u00f6chte wir \u00fcber &lt;a class=&quot;more-link&quot; href=&quot;https:\/\/uwg-hausen.de\/?tribe_events=freie-waehler-fraktion-vor-ort-wassermangel-in-oberfranken&quot;&gt;Weiterlesen &lt;i class=&quot;fa fa-chevron-right&quot;&gt;&lt;\/i&gt;&lt;\/a&gt;&lt;\/p&gt;\\n","url":"https:\/\/uwg-hausen.de\/?tribe_events=freie-waehler-fraktion-vor-ort-wassermangel-in-oberfranken","eventAttendanceMode":"https:\/\/schema.org\/OfflineEventAttendanceMode","eventStatus":"https:\/\/schema.org\/EventScheduled","startDate":"2022-11-28T19:00:00+01:00","endDate":"2022-11-28T21:30:00+01:00","location":{"@type":"Place","name":"Pilatushof, Hausen","description":"","url":"","address":{"@type":"PostalAddress","streetAddress":"Pilatusring 32","addressLocality":"Hausen","addressRegion":"Bayern","postalCode":"91353","addressCountry":"Deutschland"},"telephone":"09191 9792830","sameAs":"https:\/\/derpilatushof.de"},"organizer":{"@type":"Person","name":"Rainer Ludwig \/\/ MdL , Freie W\u00e4hler","description":"&lt;p&gt;Seit Oktober 2018 ist Rainer Ludwig Mitglied des Bayerischen Landtags \u2013 f\u00fcr den Stimmkreis Kulmbach\/Bayreuth\/Wunsiedel in seiner lebens-und liebenswerten Heimat Oberfranken. Sein Ziel ist es, Sprachrohr zu sein \u2013 die &lt;a class=&quot;more-link&quot; href=&quot;https:\/\/uwg-hausen.de\/?tribe_organizer=rainer-ludwig-mdl-freie-waehler&quot;&gt;Weiterlesen &lt;i class=&quot;fa fa-chevron-right&quot;&gt;&lt;\/i&gt;&lt;\/a&gt;&lt;\/p&gt;\\n","url":"https:\/\/rainer-ludwig-fw.de\/","telephone":"09221-9485011","email":"&#114;&#97;ine&#114;&#46;lud&#119;&#105;g&#64;&#102;w&#45;l&#97;&#110;&#100;&#116;&#97;g&#46;de","sameAs":"https:\/\/rainer-ludwig-fw.de\/"},"performer":"Organization"}}