{"id":2010,"global_id":"uwg-hausen.de?id=2010","global_id_lineage":["uwg-hausen.de?id=2010"],"author":"2","status":"publish","date":"2022-05-16 18:32:22","date_utc":"2022-05-16 16:32:22","modified":"2022-05-26 01:12:30","modified_utc":"2022-05-25 23:12:30","url":"https:\/\/uwg-hausen.de\/?tribe_events=politischer-mittwoch-mai-22","rest_url":"https:\/\/uwg-hausen.de\/index.php?rest_route=\/tribe\/events\/v1\/events\/2010","title":"politischer Mittwoch &#8211; Juni &#8217;22","description":"<p>Am Mittwoch den 01<strong>.06.2022<\/strong>, um <strong>19:00<\/strong> Uhr l\u00e4d die UWG-Hausen,<\/p>\n<p>alle Interessierten zum \u00f6ffentlichen, politischen Stammtisch in den <strong>Schwarzen Amboss<\/strong> ein.<\/p>\n<p>Wir informieren \u00fcber die letzten gemeindlichen Sitzungen, sprechen \u00fcber aktuell politisch Themen und Neues rund um unsere Gemeinde Hausen.<\/p>","excerpt":"","slug":"politischer-mittwoch-mai-22","image":false,"all_day":false,"start_date":"2022-06-01 19:00:00","start_date_details":{"year":"2022","month":"06","day":"01","hour":"19","minutes":"00","seconds":"00"},"end_date":"2022-06-01 21:00:00","end_date_details":{"year":"2022","month":"06","day":"01","hour":"21","minutes":"00","seconds":"00"},"utc_start_date":"2022-06-01 17:00:00","utc_start_date_details":{"year":"2022","month":"06","day":"01","hour":"17","minutes":"00","seconds":"00"},"utc_end_date":"2022-06-01 19:00:00","utc_end_date_details":{"year":"2022","month":"06","day":"01","hour":"19","minutes":"00","seconds":"00"},"timezone":"Europe\/Berlin","timezone_abbr":"CEST","cost":"","cost_details":{"currency_symbol":"","currency_code":"","currency_position":"prefix","values":[]},"website":"","show_map":false,"show_map_link":true,"hide_from_listings":false,"sticky":false,"featured":false,"categories":[{"name":"Bauausschusssitzung","slug":"bauausschusssitzung","term_group":0,"term_taxonomy_id":15,"taxonomy":"tribe_events_cat","description":"","parent":0,"count":9,"filter":"raw","id":15,"urls":{"self":"https:\/\/uwg-hausen.de\/index.php?rest_route=\/tribe\/events\/v1\/categories\/15","collection":"https:\/\/uwg-hausen.de\/index.php?rest_route=\/tribe\/events\/v1\/categories"}},{"name":"Gemeinderatssitzung","slug":"gemeinderatssitzung","term_group":0,"term_taxonomy_id":12,"taxonomy":"tribe_events_cat","description":"","parent":0,"count":13,"filter":"raw","id":12,"urls":{"self":"https:\/\/uwg-hausen.de\/index.php?rest_route=\/tribe\/events\/v1\/categories\/12","collection":"https:\/\/uwg-hausen.de\/index.php?rest_route=\/tribe\/events\/v1\/categories"}}],"tags":[{"name":"Politischer Mittwoch","slug":"politischer-mittwoch","term_group":0,"term_taxonomy_id":64,"taxonomy":"post_tag","description":"","parent":0,"count":3,"filter":"raw","id":64,"urls":{"self":"https:\/\/uwg-hausen.de\/index.php?rest_route=\/tribe\/events\/v1\/tags\/64","collection":"https:\/\/uwg-hausen.de\/index.php?rest_route=\/tribe\/events\/v1\/tags"}}],"venue":{"id":170,"author":"2","status":"publish","date":"2018-08-29 05:45:32","date_utc":"2018-08-29 05:45:32","modified":"2018-08-29 05:45:32","modified_utc":"2018-08-29 05:45:32","url":"https:\/\/uwg-hausen.de\/?tribe_venue=schwarzer-amboss-2","venue":"Schwarzer Ambo\u00df","slug":"schwarzer-amboss-2","address":"Heroldsbacher Str. 2","city":"Hausen","country":"Deutschland","zip":"91353","phone":"09191\/4470","website":"http:\/\/www.schwarzer-amboss.de\/","json_ld":{"@type":"Place","name":"Schwarzer Ambo\u00df","description":"","url":"","address":{"@type":"PostalAddress","streetAddress":"Heroldsbacher Str. 2","addressLocality":"Hausen","postalCode":"91353","addressCountry":"Deutschland"},"telephone":"09191\/4470","sameAs":"http:\/\/www.schwarzer-amboss.de\/"},"show_map":true,"show_map_link":true,"global_id":"uwg-hausen.de?id=170","global_id_lineage":["uwg-hausen.de?id=170"]},"organizer":[{"id":740,"author":"7","status":"publish","date":"2020-01-01 22:05:53","date_utc":"2020-01-01 22:05:53","modified":"2020-01-01 22:05:53","modified_utc":"2020-01-01 22:05:53","url":"https:\/\/uwg-hausen.de\/?tribe_organizer=uwg-hausen","organizer":"UWG-Hausen","slug":"uwg-hausen","json_ld":{"@type":"Person","name":"UWG-Hausen","description":"","url":"","telephone":"","email":"","sameAs":""},"global_id":"uwg-hausen.de?id=740","global_id_lineage":["uwg-hausen.de?id=740"]}],"custom_fields":[],"json_ld":{"@context":"http:\/\/schema.org","@type":"Event","name":"politischer Mittwoch &#8211; Juni &#8217;22","description":"&lt;p&gt;Am Mittwoch den 01.06.2022, um 19:00 Uhr l\u00e4d die UWG-Hausen, alle Interessierten zum \u00f6ffentlichen, politischen Stammtisch in den Schwarzen Amboss ein. Wir informieren \u00fcber die letzten gemeindlichen Sitzungen, sprechen \u00fcber &lt;a class=&quot;more-link&quot; href=&quot;https:\/\/uwg-hausen.de\/?tribe_events=politischer-mittwoch-mai-22&quot;&gt;Weiterlesen &lt;i class=&quot;fa fa-chevron-right&quot;&gt;&lt;\/i&gt;&lt;\/a&gt;&lt;\/p&gt;\\n","url":"https:\/\/uwg-hausen.de\/?tribe_events=politischer-mittwoch-mai-22","eventAttendanceMode":"https:\/\/schema.org\/OfflineEventAttendanceMode","eventStatus":"https:\/\/schema.org\/EventScheduled","startDate":"2022-06-01T19:00:00+02:00","endDate":"2022-06-01T21:00:00+02:00","location":{"@type":"Place","name":"Schwarzer Ambo\u00df","description":"","url":"","address":{"@type":"PostalAddress","streetAddress":"Heroldsbacher Str. 2","addressLocality":"Hausen","postalCode":"91353","addressCountry":"Deutschland"},"telephone":"09191\/4470","sameAs":"http:\/\/www.schwarzer-amboss.de\/"},"organizer":{"@type":"Person","name":"UWG-Hausen","description":"","url":"","telephone":"","email":"","sameAs":""},"performer":"Organization"}}