{"id":1236,"global_id":"uwg-hausen.de?id=1236","global_id_lineage":["uwg-hausen.de?id=1236"],"author":"2","status":"publish","date":"2020-02-12 23:01:47","date_utc":"2020-02-12 23:01:47","modified":"2020-02-12 23:03:38","modified_utc":"2020-02-12 23:03:38","url":"https:\/\/uwg-hausen.de\/?tribe_events=die-juw-stellt-sich-vor-hausen","rest_url":"https:\/\/uwg-hausen.de\/index.php?rest_route=\/tribe\/events\/v1\/events\/1236","title":"Die JUW stellt sich vor &#8211; Hausen","description":"<p style=\"text-align: center;\">Die Jungen Unabh\u00e4ngigen W\u00e4hler (JUW) Hausen &amp; Wimmelbach<br \/>\nm\u00f6chten alle Interessierten zu ihren beiden Wahlveranstaltungen einladen.<\/p>\n<p style=\"text-align: center;\">am 18.02.2020, ab 19:00 Uhr &#8211; im Schwarzen Amboss in Hausen.<\/p>\n<p style=\"text-align: center;\">Hauptinhalt der Veranstaltungen wird die Vorstellung der Kandidatenliste und Themen sein.<\/p>\n<h3 style=\"text-align: center;\">Gastredner Vorsitzende der Freien W\u00e4hler Forchheim und Bezirksrat <a href=\"http:\/\/manfred-huemmer.de\/\" target=\"_blank\" rel=\"noopener noreferrer\">Manfred H\u00fcmmer<\/a>.<\/h3>\n<p style=\"text-align: center;\"><em>\u00a0<\/em><\/p>","excerpt":"","slug":"die-juw-stellt-sich-vor-hausen","image":{"url":"https:\/\/uwg-hausen.de\/wp-content\/uploads\/2019\/12\/JUW_Logo_weiss_blauerHG_JungeListe.jpg","id":591,"extension":"jpg","width":2000,"height":601,"sizes":{"medium":{"width":300,"height":90,"mime-type":"image\/jpeg","url":"https:\/\/uwg-hausen.de\/wp-content\/uploads\/2019\/12\/JUW_Logo_weiss_blauerHG_JungeListe-300x90.jpg"},"large":{"width":1024,"height":308,"mime-type":"image\/jpeg","url":"https:\/\/uwg-hausen.de\/wp-content\/uploads\/2019\/12\/JUW_Logo_weiss_blauerHG_JungeListe-1024x308.jpg"},"thumbnail":{"width":150,"height":150,"mime-type":"image\/jpeg","url":"https:\/\/uwg-hausen.de\/wp-content\/uploads\/2019\/12\/JUW_Logo_weiss_blauerHG_JungeListe-150x150.jpg"},"medium_large":{"width":768,"height":231,"mime-type":"image\/jpeg","url":"https:\/\/uwg-hausen.de\/wp-content\/uploads\/2019\/12\/JUW_Logo_weiss_blauerHG_JungeListe-768x231.jpg"},"amoteam-general":{"width":640,"height":601,"mime-type":"image\/jpeg","url":"https:\/\/uwg-hausen.de\/wp-content\/uploads\/2019\/12\/JUW_Logo_weiss_blauerHG_JungeListe-640x601.jpg"},"1536x1536":{"width":1536,"height":462,"mime-type":"image\/jpeg","url":"https:\/\/uwg-hausen.de\/wp-content\/uploads\/2019\/12\/JUW_Logo_weiss_blauerHG_JungeListe-1536x462.jpg"},"featured_preview":{"width":100,"height":55,"mime-type":"image\/jpeg","url":"https:\/\/uwg-hausen.de\/wp-content\/uploads\/2019\/12\/JUW_Logo_weiss_blauerHG_JungeListe-100x55.jpg"},"unite-featured":{"width":730,"height":410,"mime-type":"image\/jpeg","url":"https:\/\/uwg-hausen.de\/wp-content\/uploads\/2019\/12\/JUW_Logo_weiss_blauerHG_JungeListe-730x410.jpg"},"tab-small":{"width":60,"height":60,"mime-type":"image\/jpeg","url":"https:\/\/uwg-hausen.de\/wp-content\/uploads\/2019\/12\/JUW_Logo_weiss_blauerHG_JungeListe-60x60.jpg"}}},"all_day":false,"start_date":"2020-02-18 19:00:00","start_date_details":{"year":"2020","month":"02","day":"18","hour":"19","minutes":"00","seconds":"00"},"end_date":"2020-02-18 21:00:00","end_date_details":{"year":"2020","month":"02","day":"18","hour":"21","minutes":"00","seconds":"00"},"utc_start_date":"2020-02-18 19:00:00","utc_start_date_details":{"year":"2020","month":"02","day":"18","hour":"19","minutes":"00","seconds":"00"},"utc_end_date":"2020-02-18 21:00:00","utc_end_date_details":{"year":"2020","month":"02","day":"18","hour":"21","minutes":"00","seconds":"00"},"timezone":"UTC+0","timezone_abbr":"UTC+0","cost":"","cost_details":{"currency_symbol":"","currency_code":"","currency_position":"prefix","values":[]},"website":"","show_map":false,"show_map_link":false,"hide_from_listings":false,"sticky":false,"featured":false,"categories":[{"name":"Dialog","slug":"dialog","term_group":0,"term_taxonomy_id":126,"taxonomy":"tribe_events_cat","description":"","parent":0,"count":10,"filter":"raw","id":126,"urls":{"self":"https:\/\/uwg-hausen.de\/index.php?rest_route=\/tribe\/events\/v1\/categories\/126","collection":"https:\/\/uwg-hausen.de\/index.php?rest_route=\/tribe\/events\/v1\/categories"}},{"name":"Entwicklung","slug":"entwicklung","term_group":0,"term_taxonomy_id":111,"taxonomy":"tribe_events_cat","description":"","parent":0,"count":21,"filter":"raw","id":111,"urls":{"self":"https:\/\/uwg-hausen.de\/index.php?rest_route=\/tribe\/events\/v1\/categories\/111","collection":"https:\/\/uwg-hausen.de\/index.php?rest_route=\/tribe\/events\/v1\/categories"}},{"name":"JUW","slug":"juw","term_group":0,"term_taxonomy_id":79,"taxonomy":"tribe_events_cat","description":"","parent":0,"count":11,"filter":"raw","id":79,"urls":{"self":"https:\/\/uwg-hausen.de\/index.php?rest_route=\/tribe\/events\/v1\/categories\/79","collection":"https:\/\/uwg-hausen.de\/index.php?rest_route=\/tribe\/events\/v1\/categories"}}],"tags":[],"venue":{"id":169,"author":"2","status":"publish","date":"2018-08-29 05:45:32","date_utc":"2018-08-29 05:45:32","modified":"2018-08-29 05:45:32","modified_utc":"2018-08-29 05:45:32","url":"https:\/\/uwg-hausen.de\/?tribe_venue=schwarzer-amboss","venue":"Schwarzer Ambo\u00df","slug":"schwarzer-amboss","address":"Heroldsbacher Str. 2","city":"Hausen","country":"Deutschland","zip":"91353","phone":"09191\/4470","website":"http:\/\/www.schwarzer-amboss.de\/","json_ld":{"@type":"Place","name":"Schwarzer Ambo\u00df","description":"","url":"","address":{"@type":"PostalAddress","streetAddress":"Heroldsbacher Str. 2","addressLocality":"Hausen","postalCode":"91353","addressCountry":"Deutschland"},"telephone":"09191\/4470","sameAs":"http:\/\/www.schwarzer-amboss.de\/"},"show_map":true,"show_map_link":true,"global_id":"uwg-hausen.de?id=169","global_id_lineage":["uwg-hausen.de?id=169"]},"organizer":[{"id":465,"author":"7","status":"publish","date":"2019-10-21 21:27:55","date_utc":"2019-10-21 21:27:55","modified":"2019-10-21 21:43:18","modified_utc":"2019-10-21 21:43:18","url":"https:\/\/uwg-hausen.de\/?tribe_organizer=juw-hausen-wimmelbach","organizer":"JUW Hausen &#038; Wimmelbach","slug":"juw-hausen-wimmelbach","website":"www.uwg-hausen.de","json_ld":{"@type":"Person","name":"JUW Hausen &#038; Wimmelbach","description":"","url":"http:\/\/www.uwg-hausen.de","telephone":"","email":"","sameAs":"http:\/\/www.uwg-hausen.de"},"global_id":"uwg-hausen.de?id=465","global_id_lineage":["uwg-hausen.de?id=465"]}],"custom_fields":[],"json_ld":{"@context":"http:\/\/schema.org","@type":"Event","name":"Die JUW stellt sich vor &#8211; Hausen","description":"&lt;p&gt;Die Jungen Unabh\u00e4ngigen W\u00e4hler (JUW) Hausen &amp; Wimmelbach m\u00f6chten alle Interessierten zu ihren beiden Wahlveranstaltungen einladen. am 18.02.2020, ab 19:00 Uhr - im Schwarzen Amboss in Hausen. Hauptinhalt der Veranstaltungen &lt;a class=&quot;more-link&quot; href=&quot;https:\/\/uwg-hausen.de\/?tribe_events=die-juw-stellt-sich-vor-hausen&quot;&gt;Weiterlesen &lt;i class=&quot;fa fa-chevron-right&quot;&gt;&lt;\/i&gt;&lt;\/a&gt;&lt;\/p&gt;\\n","image":"https:\/\/uwg-hausen.de\/wp-content\/uploads\/2019\/12\/JUW_Logo_weiss_blauerHG_JungeListe.jpg","url":"https:\/\/uwg-hausen.de\/?tribe_events=die-juw-stellt-sich-vor-hausen","eventAttendanceMode":"https:\/\/schema.org\/OfflineEventAttendanceMode","eventStatus":"https:\/\/schema.org\/EventScheduled","startDate":"2020-02-18T19:00:00+00:00","endDate":"2020-02-18T21:00:00+00:00","location":{"@type":"Place","name":"Schwarzer Ambo\u00df","description":"","url":"","address":{"@type":"PostalAddress","streetAddress":"Heroldsbacher Str. 2","addressLocality":"Hausen","postalCode":"91353","addressCountry":"Deutschland"},"telephone":"09191\/4470","sameAs":"http:\/\/www.schwarzer-amboss.de\/"},"organizer":{"@type":"Person","name":"JUW Hausen &#038; Wimmelbach","description":"","url":"http:\/\/www.uwg-hausen.de","telephone":"","email":"","sameAs":"http:\/\/www.uwg-hausen.de"},"performer":"Organization"}}